{"id":560483,"date":"2025-11-26T18:00:21","date_gmt":"2025-11-26T18:00:21","guid":{"rendered":"https:\/\/www.europesays.com\/fr\/560483\/"},"modified":"2025-11-26T18:00:21","modified_gmt":"2025-11-26T18:00:21","slug":"lyon-et-lille-a-la-relance-en-ligue-europa-un-gros-test-pour-strasbourg-en-ligue-conference","status":"publish","type":"post","link":"https:\/\/www.europesays.com\/fr\/560483\/","title":{"rendered":"Lyon et Lille \u00e0 la relance en Ligue Europa, un gros test pour Strasbourg en Ligue Conf\u00e9rence"},"content":{"rendered":"<p>Battus il y a trois semaines, Lyon et Lille vont tenter de se relancer ce jeudi en Ligue Europa, alors que Strasbourg va passer un s\u00e9rieux test en Ligue Conf\u00e9rence en se frottant \u00e0 Crystal Palace, un potentiel candidat au titre.<\/p>\n<p><strong>Maccabi Tel-Aviv\u00a0&#8211; Lyon<\/strong><\/p>\n<p>Apr\u00e8s trois succ\u00e8s d\u2019affil\u00e9e, les Lyonnais se sont s\u00e8chement inclin\u00e9s sur la pelouse du Betis S\u00e9ville (2-0), le 6\u00a0novembre, et doivent repartir de l\u2019avant face au Maccabi Tel-Aviv pour rester dans le top\u00a08, synonyme de qualification directe pour les 8es de finale.\u00a0L\u2019OL est pour le moment en 7e\u00a0position et la perspective d\u2019affronter le club isra\u00e9lien (\u00e0 Backa Topola, en Serbie), pi\u00e8tre 34e\u00a0sur 36, n\u2019a a priori pas de quoi le faire fr\u00e9mir. Mais l\u2019\u00e9quipe de Paulo Fonseca, qui n\u2019a plus gagn\u00e9 depuis un mois, traverse une mauvaise passe et se trouve \u00e0 la peine offensivement avec la grave blessure du Belge Malick Fofana, victime d\u2019une entorse \u00e0 la cheville. M\u00e9fiance donc pour Lyon qui, pour ne rien arranger, sera aussi priv\u00e9 du d\u00e9fenseur Clinton Mata, touch\u00e9 \u00e0 la jambe droite ce week-end contre Auxerre (0-0).<\/p>\n<p>Ce jeudi \u00e0 21\u00a0h, sur Canal+\u00a0Foot.<\/p>\n<p><strong>Lille\u00a0&#8211; Dinamo Zagreb<\/strong><\/p>\n<p>Lille, qui vient d\u2019aligner deux revers de suite sur la sc\u00e8ne europ\u00e9enne, est dans la situation inverse. Loin d\u2019\u00eatre assur\u00e9 de son avenir en C3 (19e\u00a0et barragiste), le Losc accueille le Dinamo Zagreb avec un peu plus de certitudes et de confiance apr\u00e8s s\u2019\u00eatre refait une sant\u00e9 dimanche en Ligue\u00a01 contre le Paris FC (4-2). Lille va mieux, comme l\u2019illustre la fin de la panne d\u2019Olivier Giroud\u00a0: l\u2019ancien attaquant du Tours FC a marqu\u00e9 un doubl\u00e9 contre Paris, apr\u00e8s deux mois de disette en attaque.<\/p>\n<p>Ce jeudi \u00e0 18\u00a0h\u00a045, sur Canal+\u00a0Foot.<\/p>\n<p><strong>Porto\u00a0&#8211; Nice<\/strong><\/p>\n<p>Nice, 35e\u00a0et avant-dernier avec quatre d\u00e9faites en autant de sorties, est de son c\u00f4t\u00e9 au bord de l\u2019ab\u00eeme et de l\u2019\u00e9limination. Il faudrait d\u00e9sormais un miracle pour que le Gym, gu\u00e8re fringant par ailleurs en championnat (9e), puisse poursuivre son parcours, d\u2019autant qu\u2019il va devoir r\u00e9sister \u00e0 Porto (14e) dans son antre de l\u2019Est\u00e1dio do Dragao.<\/p>\n<p>Ce jeudi \u00e0 18\u00a0h\u00a045, sur Canal+\u00a0Sport.<\/p>\n<p><strong>Strasbourg\u00a0&#8211; Crystal Palace<\/strong><\/p>\n<p>En Ligue Conf\u00e9rence, Strasbourg tient pour l\u2019instant son rang en \u00e9tant invaincu en trois matchs (7e). Mais la r\u00e9ception de Crystal Palace sera un bon indicateur du potentiel des Alsaciens, qui jouent aussi les premiers r\u00f4les en L1 gr\u00e2ce aux gros investissements estivaux de leur propri\u00e9taire BlueCo (5e). Cinqui\u00e8me en Angleterre, tenant de la Cup et vainqueur l\u2019\u00e9t\u00e9 dernier du Community Shield, le club de l\u2019ex-Castelroussin Jean-Philippe Mateta constituera un gros morceau pour les Strasbourgeois.<\/p>\n<p>Ce jeudi \u00e0 21\u00a0h, sur Canal+.<\/p>\n","protected":false},"excerpt":{"rendered":"Battus il y a trois semaines, Lyon et Lille vont tenter de se relancer ce jeudi en Ligue&hellip;\n","protected":false},"author":2,"featured_media":560484,"comment_status":"","ping_status":"","sticky":false,"template":"","format":"standard","meta":{"footnotes":""},"categories":[2815],"tags":[1111,11,1777,674,63,1011,27,811,5843,1307,74,12,25,60],"class_list":{"0":"post-560483","1":"post","2":"type-post","3":"status-publish","4":"format-standard","5":"has-post-thumbnail","7":"category-lille","8":"tag-actu","9":"tag-actualites","10":"tag-eu","11":"tag-europe","12":"tag-football","13":"tag-fr","14":"tag-france","15":"tag-hauts-de-france","16":"tag-ligue-europa","17":"tag-lille","18":"tag-monde","19":"tag-news","20":"tag-republique-francaise","21":"tag-sports"},"share_on_mastodon":{"url":"https:\/\/pubeurope.com\/@fr\/115617308601618016","error":""},"_links":{"self":[{"href":"https:\/\/www.europesays.com\/fr\/wp-json\/wp\/v2\/posts\/560483","targetHints":{"allow":["GET"]}}],"collection":[{"href":"https:\/\/www.europesays.com\/fr\/wp-json\/wp\/v2\/posts"}],"about":[{"href":"https:\/\/www.europesays.com\/fr\/wp-json\/wp\/v2\/types\/post"}],"author":[{"embeddable":true,"href":"https:\/\/www.europesays.com\/fr\/wp-json\/wp\/v2\/users\/2"}],"replies":[{"embeddable":true,"href":"https:\/\/www.europesays.com\/fr\/wp-json\/wp\/v2\/comments?post=560483"}],"version-history":[{"count":0,"href":"https:\/\/www.europesays.com\/fr\/wp-json\/wp\/v2\/posts\/560483\/revisions"}],"wp:featuredmedia":[{"embeddable":true,"href":"https:\/\/www.europesays.com\/fr\/wp-json\/wp\/v2\/media\/560484"}],"wp:attachment":[{"href":"https:\/\/www.europesays.com\/fr\/wp-json\/wp\/v2\/media?parent=560483"}],"wp:term":[{"taxonomy":"category","embeddable":true,"href":"https:\/\/www.europesays.com\/fr\/wp-json\/wp\/v2\/categories?post=560483"},{"taxonomy":"post_tag","embeddable":true,"href":"https:\/\/www.europesays.com\/fr\/wp-json\/wp\/v2\/tags?post=560483"}],"curies":[{"name":"wp","href":"https:\/\/api.w.org\/{rel}","templated":true}]}}