{"id":560493,"date":"2025-11-26T18:06:20","date_gmt":"2025-11-26T18:06:20","guid":{"rendered":"https:\/\/www.europesays.com\/fr\/560493\/"},"modified":"2025-11-26T18:06:20","modified_gmt":"2025-11-26T18:06:20","slug":"ile-de-france-les-centres-de-formation-des-personnes-handicapees-conserveront-leur-subvention","status":"publish","type":"post","link":"https:\/\/www.europesays.com\/fr\/560493\/","title":{"rendered":"Ile-de-France : les centres de formation des personnes handicap\u00e9es conserveront leur subvention"},"content":{"rendered":"\n<p>Apr\u00e8s la suppression par la r\u00e9gion \u00cele-de-France d\u2019une subvention de 2 millions d\u2019euros aux Maisons d\u00e9partementale des personnes handicap\u00e9es (MDPH), les centres de formations des personnes en situation de handicap craignaient une baisse \u00e0 hauteur de 15% des cr\u00e9dits allou\u00e9s par la collectivit\u00e9 au titre de l\u2019accompagnement des adultes en formation. Mais la mesure n\u2019est plus \u00e0 l\u2019ordre du jour. \u201c\u00c0 l\u2019annonce de notre manifestation, la r\u00e9gion a contact\u00e9 notre direction, alors que jusqu\u2019\u00e0 maintenant, il n\u2019y avait que des \u00e9changes de mails de tableaux Excel. Et formidable : \u00e0 la suite d\u2019une rencontre hier soir, la r\u00e9gion va apparemment reconduire les budgets de 2025 sur 2026\u201c, se f\u00e9licite Franck Boissier, formateur et secr\u00e9taire CGT de l\u2019\u00e9tablissement et service de r\u00e9adaptation professionnelle (ESRP) Masson-Timbaud qui avait appel\u00e9 au rassemblement devant le conseil r\u00e9gional mercredi 20 novembre.<\/p>\n<p><a href=\"https:\/\/94.citoyens.com\/wp-content\/blogs.dir\/2\/files\/2025\/11\/20251119-083014-scaled.jpeg\" target=\"_blank\" rel=\"noopener\">\u00a9 CH<img loading=\"lazy\" decoding=\"async\" width=\"1024\" height=\"683\" src=\"https:\/\/www.europesays.com\/fr\/wp-content\/uploads\/2025\/11\/20251119-083014-1024x683.jpeg\" alt=\"\" class=\"wp-image-359800\"  \/><\/a>\u201cTotale fake news\u201c<\/p>\n<p>\u00c0 l\u2019origine de la mobilisation, c\u2019est un courrier envoy\u00e9 en juillet aux directions de ces \u00e9tablissements, leur demandant d\u2019envisager une baisse du nombre de stagiaires, qui a mis le feu aux poudres. La mesure avait \u00e9t\u00e9 m\u00e9diatis\u00e9e fin septembre par C\u00e9line Malais\u00e9, la pr\u00e9sidente du groupe La gauche communiste, \u00e9cologiste et citoyenne.<\/p>\n<p>Interrog\u00e9e lors de la s\u00e9ance du conseil r\u00e9gional qui s\u2019est tenu ce matin m\u00eame, par C\u00e9line Malais\u00e9 et Christian Prudhomme, conseiller r\u00e9gional LFI, Val\u00e9rie P\u00e9cresse, la pr\u00e9sidente (LR) de la r\u00e9gion, a fustig\u00e9 une \u201ctotale fake news\u201c. \u201cIl s\u2019agissait d\u2019une initiative d\u2019un de nos directeurs g\u00e9n\u00e9ral (sic). Notre vice-pr\u00e9sidente, Yasmine Camara, a \u00e9crit \u00e0 tous les centres de formation pour leur dire que ce n\u2019\u00e9tait absolument pas envisag\u00e9 par la r\u00e9gion et que le budget serait sanctuaris\u00e9 en 2026\u201c. Dans ce courrier, que 93 citoyens a pu consulter, la r\u00e9gion explique avoir \u201cd\u00fb faire face \u00e0 d\u2019importantes baisses de cr\u00e9dits d\u00e9cid\u00e9es par l\u2019\u00c9tat. Ce dernier souhaite reconduire et amplifier ces baisses en 2026. De telles contraintes ont naturellement conduit l\u2019ensemble des politiques r\u00e9gionales \u00e0 \u00eatre r\u00e9examin\u00e9es afin de garantir leur soutenabilit\u00e9. C\u2019est pourquoi les services de la R\u00e9gion avaient demand\u00e9 aux \u00e9tablissements des informations permettant de mesurer les cons\u00e9quences d\u2019\u00e9ventuelles baisses des cr\u00e9dits d\u00e9di\u00e9s \u00e0 la r\u00e9mun\u00e9ration des stagiaires.\u201d Pour autant, poursuit Yasmine Camara \u201cmalgr\u00e9 les contraintes budg\u00e9taires impos\u00e9es par l\u2019Etat et consciente de l\u2019importance des missions assur\u00e9es par les \u00e9tablissements de r\u00e9adaptation professionnelle, je peux vous annoncer que la R\u00e9gion maintiendra en 2026 les cr\u00e9dits permettant de r\u00e9mun\u00e9rer les stagiaires\u201c.<\/p>\n<p>\u201cLa bataille a \u00e9t\u00e9 gagn\u00e9e avant la manif, mais on l\u2019a maintenue parce qu\u2019on ne sait pas pour les ann\u00e9es suivantes\u201c<\/p>\n<p>De son c\u00f4t\u00e9, C\u00e9line Malais\u00e9, rencontr\u00e9e durant le rassemblement, se f\u00e9licite \u201cdu recul de l\u2019ex\u00e9cutif\u201c, mais son groupe communiste a pr\u00e9vu de d\u00e9poser un amendement pour pousser l\u2019ex\u00e9cutif r\u00e9gional \u00e0 prendre acte de l\u2019abandon de ce projet, \u201cincluant le courrier envoy\u00e9 aux centres de formation pour bien montrer que l\u2019on n\u2019agitait pas un \u00e9pouvantail\u201c.<\/p>\n<p>Malgr\u00e9 l\u2019annonce du maintien du financement, plus d\u2019une soixantaine de personnes, formateurs et stagiaires, ont r\u00e9pondu pr\u00e9sents ce mercredi 20 novembre devant le conseil r\u00e9gional d\u2019Ile-de-France \u00e0 l\u2019appel au rassemblement du syndicat CGT de l\u2019\u00e9tablissement et service de r\u00e9adaptation professionnelle (ESRP) Masson-Timbaud. \u201cLa bataille a \u00e9t\u00e9 gagn\u00e9e avant la manif, mais on l\u2019a maintenue parce qu\u2019on ne sait pas pour les ann\u00e9es suivantes\u201c, justifie Franck Boissier, auteur aussi d\u2019une p\u00e9tition qui a r\u00e9uni 870 signatures. \u201cC\u2019est important de venir. Quand il manque de l\u2019argent, on enl\u00e8ve toujours les moyens aux personnes en situation de handicap\u201c, d\u00e9plore Robert, 45 ans, en formation technicien sup\u00e9rieur syst\u00e8mes et r\u00e9seaux depuis mars 2025. Op\u00e9r\u00e9 des deux hanches, il a \u00e9t\u00e9 contraint d\u2019abandonner son travail comme ma\u00e7on. \u201cCe n\u2019est pas \u00e0 cause de mon handicap que je vais arr\u00eater de travailler. Je ne peux pas. Si on fait des formations, c\u2019est que l\u2019on veut retourner travailler. On cotise, on paye des imp\u00f4ts, on consomme, on a des enfants comme tout le monde. En plus, gr\u00e2ce \u00e0 l\u2019ESRP, j\u2019ai obtenu des dipl\u00f4me de Fle [Fran\u00e7ais langue \u00e9trang\u00e8re]\u201d, d\u00e9veloppe-t-il.<\/p>\n<p>\u201cSi on r\u00e9duit de 15% les effectifs, on sort des objectifs\u201c<\/p>\n<p>Selon les professionnels des centres de formation, une baisse du financement de la r\u00e9gion, qui prend en charge la r\u00e9mun\u00e9ration des stagiaires, aurait pour effet de r\u00e9duire m\u00e9caniquement leur capacit\u00e9 d\u2019accueil. \u201cL\u2019impact s\u2019\u00e9value en nombre de places et en nombre de personnes qui sont form\u00e9es parce que certaines formations durent moins d\u2019un an. On d\u00e9fend donc en premier lieu l\u2019accessibilit\u00e9 des personnes en situation de handicap \u00e0 la formation. Mais, ce sont aussi nos moyens qui seraient affect\u00e9s parce qu\u2019on a l\u2019obligation d\u2019atteindre un minimum de 90 % de capacit\u00e9 d\u2019accueil de stagiaires\u201c, pr\u00e9cise Frank Boissier, en r\u00e9f\u00e9rence au contrat pluriannuel d\u2019objectifs et de moyens (CPOM) de l\u2019ESRP avec l\u2019Agence r\u00e9gionale de sant\u00e9 (ARS). \u201cSi on r\u00e9duit de 15% les effectifs, on sort des objectifs, ce qui aurait des cons\u00e9quences in fine sur les budgets attribu\u00e9s par l\u2019ARS et donc moins de moyens et un nouveau plan social\u201c, pr\u00e9cise Franck Boissier. L\u2019\u00cele-de-France compte 18 ESRP, les 4 \u00e9tablissements et services de pr\u00e9-orientation (ESPO) et les 2 Unit\u00e9s d\u2019\u00e9valuation de r\u00e9entra\u00eenement et d\u2019orientation sociale et professionnelle (UEROS). Ces structures accompagnent pr\u00e8s de 2200 personnes en situation de handicap, reconnues RQTH ou inaptes, \u00e2g\u00e9s entre 16 ans et plus de 60 ans. Port\u00e9 par l\u2019association Ambroise Croizat, l\u2019ESRP Masson-Timbaud est le plus grand avec 575 places r\u00e9partis sur deux sites dans le 12\u00e8me arrondissement de Paris et \u00e0 Montreuil pour un taux d\u2019insertion de 69%.<\/p>\n<p>Lire aussi :<\/p>\n","protected":false},"excerpt":{"rendered":"Apr\u00e8s la suppression par la r\u00e9gion \u00cele-de-France d\u2019une subvention de 2 millions d\u2019euros aux Maisons d\u00e9partementale des personnes&hellip;\n","protected":false},"author":2,"featured_media":560494,"comment_status":"","ping_status":"","sticky":false,"template":"","format":"standard","meta":{"footnotes":""},"categories":[1592],"tags":[1111,11,2325,67727,1271,35670,67728,67729,67730,1777,674,1011,27,67731,662,12,626,14727,12227,25,1053,1945,2328,67732],"class_list":{"0":"post-560493","1":"post","2":"type-post","3":"status-publish","4":"format-standard","5":"has-post-thumbnail","7":"category-ile-de-france","8":"tag-actu","9":"tag-actualites","10":"tag-celine-malaise","11":"tag-centre-de-formations-des-personnes-en-situation-de-handicap","12":"tag-cgt","13":"tag-christian-prudhomme","14":"tag-conseil-departemental-de-la-seine-saint-denis","15":"tag-esrp-masson-timbaud","16":"tag-etablissement-et-service-de-readaptation-professionnelle","17":"tag-eu","18":"tag-europe","19":"tag-fr","20":"tag-france","21":"tag-franck-boissier","22":"tag-ile-de-france","23":"tag-news","24":"tag-paris","25":"tag-personnes-handicapees","26":"tag-region-ile-de-france","27":"tag-republique-francaise","28":"tag-saint-ouen","29":"tag-seine-saint-denis","30":"tag-valerie-pecresse","31":"tag-yasmine-camara"},"share_on_mastodon":{"url":"","error":""},"_links":{"self":[{"href":"https:\/\/www.europesays.com\/fr\/wp-json\/wp\/v2\/posts\/560493","targetHints":{"allow":["GET"]}}],"collection":[{"href":"https:\/\/www.europesays.com\/fr\/wp-json\/wp\/v2\/posts"}],"about":[{"href":"https:\/\/www.europesays.com\/fr\/wp-json\/wp\/v2\/types\/post"}],"author":[{"embeddable":true,"href":"https:\/\/www.europesays.com\/fr\/wp-json\/wp\/v2\/users\/2"}],"replies":[{"embeddable":true,"href":"https:\/\/www.europesays.com\/fr\/wp-json\/wp\/v2\/comments?post=560493"}],"version-history":[{"count":0,"href":"https:\/\/www.europesays.com\/fr\/wp-json\/wp\/v2\/posts\/560493\/revisions"}],"wp:featuredmedia":[{"embeddable":true,"href":"https:\/\/www.europesays.com\/fr\/wp-json\/wp\/v2\/media\/560494"}],"wp:attachment":[{"href":"https:\/\/www.europesays.com\/fr\/wp-json\/wp\/v2\/media?parent=560493"}],"wp:term":[{"taxonomy":"category","embeddable":true,"href":"https:\/\/www.europesays.com\/fr\/wp-json\/wp\/v2\/categories?post=560493"},{"taxonomy":"post_tag","embeddable":true,"href":"https:\/\/www.europesays.com\/fr\/wp-json\/wp\/v2\/tags?post=560493"}],"curies":[{"name":"wp","href":"https:\/\/api.w.org\/{rel}","templated":true}]}}