{"id":560497,"date":"2025-11-26T18:09:18","date_gmt":"2025-11-26T18:09:18","guid":{"rendered":"https:\/\/www.europesays.com\/fr\/560497\/"},"modified":"2025-11-26T18:09:18","modified_gmt":"2025-11-26T18:09:18","slug":"clarins-choisit-bonjour-paris-pour-les-fetes-de-fin-dannee","status":"publish","type":"post","link":"https:\/\/www.europesays.com\/fr\/560497\/","title":{"rendered":"Clarins choisit Bonjour Paris pour les f\u00eates de fin d\u2019ann\u00e9e"},"content":{"rendered":"<p>A l\u2019approche des f\u00eates, Clarins confie \u00e0 l\u2019agence Bonjour Paris la conception et la production de l\u2019ensemble de ses contenus digitaux qui accompagneront sa campagne de fin d\u2019ann\u00e9e. Ces cr\u00e9ations seront diffus\u00e9es sur les r\u00e9seaux sociaux, le site de la marque ainsi que dans les communications CRM de Clarins.\n<\/p>\n<p>Dans ce contexte, l\u2019agence a d\u00e9velopp\u00e9 un nouvel univers graphique fid\u00e8le \u00e0 l\u2019identit\u00e9 de la campagne, et une s\u00e9rie de visuels et d\u2019animations pens\u00e9s pour s\u2019adapter aux diff\u00e9rents formats num\u00e9riques et \u00e9ditoriaux. Cette approche permet \u00e0 Clarins d\u2019accentuer la visibilit\u00e9 de sa gamme de produits tout en assurant une coh\u00e9rence entre campagne principale et d\u00e9clinaisons digitales tout au long de cette p\u00e9riode festive.<\/p>\n<p>                 <img fetchpriority=\"high\" decoding=\"async\" loading=\"eager\"   width=\"800\" height=\"1000\" src=\"https:\/\/www.europesays.com\/fr\/wp-content\/uploads\/2025\/11\/CLARINS _GIFTBOX_OPEN_ASIE_4_5.png\" alt=\"clarins\" typeof=\"foaf:Image\"\/><\/p>\n<p>                 <img decoding=\"async\" loading=\"eager\"   width=\"800\" height=\"800\" src=\"https:\/\/www.europesays.com\/fr\/wp-content\/uploads\/2025\/11\/CLARINS_BAUMEMEN_1_1.png\" alt=\"clarins\" typeof=\"foaf:Image\"\/><\/p>\n","protected":false},"excerpt":{"rendered":"A l\u2019approche des f\u00eates, Clarins confie \u00e0 l\u2019agence Bonjour Paris la conception et la production de l\u2019ensemble de&hellip;\n","protected":false},"author":2,"featured_media":264873,"comment_status":"","ping_status":"","sticky":false,"template":"","format":"standard","meta":{"footnotes":""},"categories":[1888],"tags":[1111,1928,11,1927,1777,674,1011,27,12,1926,626,1925,25],"class_list":{"0":"post-560497","1":"post","2":"type-post","3":"status-publish","4":"format-standard","5":"has-post-thumbnail","7":"category-paris","8":"tag-actu","9":"tag-actu-paris","10":"tag-actualites","11":"tag-actualites-paris","12":"tag-eu","13":"tag-europe","14":"tag-fr","15":"tag-france","16":"tag-news","17":"tag-news-paris","18":"tag-paris","19":"tag-paris-news","20":"tag-republique-francaise"},"share_on_mastodon":{"url":"https:\/\/pubeurope.com\/@fr\/115617345740058064","error":""},"_links":{"self":[{"href":"https:\/\/www.europesays.com\/fr\/wp-json\/wp\/v2\/posts\/560497","targetHints":{"allow":["GET"]}}],"collection":[{"href":"https:\/\/www.europesays.com\/fr\/wp-json\/wp\/v2\/posts"}],"about":[{"href":"https:\/\/www.europesays.com\/fr\/wp-json\/wp\/v2\/types\/post"}],"author":[{"embeddable":true,"href":"https:\/\/www.europesays.com\/fr\/wp-json\/wp\/v2\/users\/2"}],"replies":[{"embeddable":true,"href":"https:\/\/www.europesays.com\/fr\/wp-json\/wp\/v2\/comments?post=560497"}],"version-history":[{"count":0,"href":"https:\/\/www.europesays.com\/fr\/wp-json\/wp\/v2\/posts\/560497\/revisions"}],"wp:featuredmedia":[{"embeddable":true,"href":"https:\/\/www.europesays.com\/fr\/wp-json\/wp\/v2\/media\/264873"}],"wp:attachment":[{"href":"https:\/\/www.europesays.com\/fr\/wp-json\/wp\/v2\/media?parent=560497"}],"wp:term":[{"taxonomy":"category","embeddable":true,"href":"https:\/\/www.europesays.com\/fr\/wp-json\/wp\/v2\/categories?post=560497"},{"taxonomy":"post_tag","embeddable":true,"href":"https:\/\/www.europesays.com\/fr\/wp-json\/wp\/v2\/tags?post=560497"}],"curies":[{"name":"wp","href":"https:\/\/api.w.org\/{rel}","templated":true}]}}