{"id":560506,"date":"2025-11-26T18:15:21","date_gmt":"2025-11-26T18:15:21","guid":{"rendered":"https:\/\/www.europesays.com\/fr\/560506\/"},"modified":"2025-11-26T18:15:21","modified_gmt":"2025-11-26T18:15:21","slug":"qui-est-franck-dufour-qui-succede-a-michel-bernardaud","status":"publish","type":"post","link":"https:\/\/www.europesays.com\/fr\/560506\/","title":{"rendered":"qui est Franck Dufour, qui succ\u00e8de \u00e0 Michel Bernardaud ?"},"content":{"rendered":"<p class=\"article__intro\">Franck Dufour succ\u00e8de \u00e0 Michel Bernardaud \u00e0 la t\u00eate de l&rsquo;USA Limoges Rugby le 25 novembre. L&rsquo;ancien vice-pr\u00e9sident devrait \u0153uvrer dans la continuit\u00e9 du pr\u00e9sident historique, Michel Bernardaud, devenu pr\u00e9sident d&rsquo;honneur.<\/p>\n<p>\n      La Quotidienne Soci\u00e9t\u00e9\n    <\/p>\n<p>\n      De la vie quotidienne aux grands enjeux, recevez tous les jours les sujets qui font la soci\u00e9t\u00e9 locale, comme la justice, l\u2019\u00e9ducation, la sant\u00e9 et la famille.\n    <\/p>\n<p>    France T\u00e9l\u00e9visions utilise votre adresse e-mail afin de vous envoyer la newsletter \u00ab\u00a0La Quotidienne Soci\u00e9t\u00e9\u00a0\u00bb. Vous pouvez vous d\u00e9sinscrire \u00e0 tout moment via le lien en bas de cette newsletter. <a target=\"_blank\" href=\"https:\/\/www.francetelevisions.fr\/groupe\/confidentialite\/politique-de-confidentialite\/politique-de-confidentialite-de-france-televisions-6503\" rel=\"noopener\">Notre politique de confidentialit\u00e9<\/a><\/p>\n<p>C&rsquo;est la fin d&rsquo;une \u00e8re. Pendant 21 ans, Michel Bernardaud a assur\u00e9 la pr\u00e9sidence de l&rsquo;USA Limoges Rugby. C&rsquo;est d\u00e9sormais son ancien vice-pr\u00e9sident, Franck Dufour, qui a \u00e9t\u00e9 \u00e9lu, le 25 novembre 2025, pour prendre sa succession. <\/p>\n<p>Un choix qui \u00ab\u00a0s\u2019inscrit dans la continuit\u00e9 du travail engag\u00e9 ces derni\u00e8res saisons\u00a0\u00bb, annonce le club.<\/p>\n<\/p>\n<p>En 2018, Michel Bernardaud avait <a href=\"https:\/\/france3-regions.franceinfo.fr\/nouvelle-aquitaine\/haute-vienne\/limoges\/michel-bernardaud-nouveau-president-association-usal-rugby-1465395.html\" target=\"_blank\" rel=\"noopener noreferrer nofollow\" data-tooltip-url=\"https:\/\/france3-regions.franceinfo.fr\/nouvelle-aquitaine\/haute-vienne\/limoges\/michel-bernardaud-nouveau-president-association-usal-rugby-1465395.html\">\u00e9t\u00e9 de nouveau \u00e9lu \u00e0 la t\u00eate de l&rsquo;association USAL Rugby<\/a>, apr\u00e8s une premi\u00e8re pr\u00e9sidence, entre 1994 et 2009. \u00c0 ce moment-l\u00e0, le club est dans une situation financi\u00e8re compliqu\u00e9e, proche de la liquidation judiciaire et de la rel\u00e9gation administrative.<\/p>\n<p>Le PDG des porcelaines Bernardaud entame alors un travail de redressement du club. Par communiqu\u00e9, ce dernier est reconnaissant pour le travail affich\u00e9 par Michel Bernardaud : \u00ab\u00a0Le club salue son r\u00f4le d\u00e9terminant dans le d\u00e9veloppement de la structure et son attachement ind\u00e9fectible aux valeurs du rugby limougeaud.\u00a0\u00bb <\/p>\n<p>Mais le dirigeant historique de l&rsquo;USAL ne sera pas tr\u00e8s loin puisqu&rsquo;il a \u00e9t\u00e9 nomm\u00e9 pr\u00e9sident d&rsquo;honneur. \u00ab\u00a0Michel Bernardaud continuera d\u2019accompagner le club et de mettre son exp\u00e9rience au service de l\u2019USAL dans ce nouveau r\u00f4le honorifique\u00a0\u00bb, pr\u00e9cise le club.<\/p>\n<p>C&rsquo;est la continuit\u00e9 qui a \u00e9t\u00e9 choisi pour la nouvelle pr\u00e9sidence de l&rsquo;USAL Rugby. Le nouveau pr\u00e9sident n&rsquo;est autre que Franck Dufour, l&rsquo;ancien vice-pr\u00e9sident de Michel Bernardaud. <\/p>\n<p>\u00c0 59 ans, le directeur g\u00e9n\u00e9ral de <a href=\"https:\/\/france3-regions.franceinfo.fr\/nouvelle-aquitaine\/haute-vienne\/limoges\/on-est-unique-en-france-cognac-montre-voiture-cette-cristallerie-cree-les-couleurs-des-produits-de-luxe-3134704.html\" target=\"_blank\" rel=\"noopener noreferrer nofollow\" data-tooltip-url=\"https:\/\/france3-regions.franceinfo.fr\/nouvelle-aquitaine\/haute-vienne\/limoges\/on-est-unique-en-france-cognac-montre-voiture-cette-cristallerie-cree-les-couleurs-des-produits-de-luxe-3134704.html\">la Cristallerie de Saint Paul de Condat-sur-Vienne<\/a>, dirige \u00e9galement Cerinnov Group \u2013 Emaux Soyer.<\/p>\n<p><a data-article-figure=\"\" href=\"https:\/\/france3-regions.franceinfo.fr\/image\/TsLiU39E0KrGcLTeeiEotOdWR3Y\/1920x1280\/regions\/2025\/11\/26\/thumbnail-dsc01626-692739abae870247872547.jpg\" data-pswp-width=\"1920\" data-pswp-height=\"1280\" target=\"_blank\" rel=\"noopener\"><\/p>\n<p>          <img width=\"600\" height=\"400\" class=\"article-image lazy\" data-src=\"https:\/\/www.europesays.com\/fr\/wp-content\/uploads\/2025\/11\/thumbnail-dsc01626-692739abae870247872547.jpg\" alt=\"Franck Dufour (au centre) est le nouveau pr\u00e9sident de l'USA Limoges Rugby. \" fetchpriority=\"high\" as=\"image\"\/><\/p>\n<p>\n            Franck Dufour (au centre) est le nouveau pr\u00e9sident de l&rsquo;USA Limoges Rugby.<br \/>\n                           \u2022<br \/>\n                                      \u00a9 USA Limoges Rugby\n                      <\/p>\n<p><\/a><\/p>\n<p>\u00ab\u00a0Son arriv\u00e9e \u00e0 la t\u00eate du club s\u2019inscrit dans la continuit\u00e9 du travail engag\u00e9 ces derni\u00e8res saisons, avec la volont\u00e9 de poursuivre la structuration, le d\u00e9veloppement sportif et l\u2019ancrage territorial de l\u2019USAL\u00a0\u00bb, peut-on lire sur le communiqu\u00e9 du club. <\/p>\n<p>Les membres de L&rsquo;USA Limoges Rugby ont donc choisi de poursuivre le travail d\u00e9j\u00e0 entam\u00e9 par Michel Bernardaud.<\/p>\n","protected":false},"excerpt":{"rendered":"Franck Dufour succ\u00e8de \u00e0 Michel Bernardaud \u00e0 la t\u00eate de l&rsquo;USA Limoges Rugby le 25 novembre. L&rsquo;ancien vice-pr\u00e9sident&hellip;\n","protected":false},"author":2,"featured_media":560507,"comment_status":"","ping_status":"","sticky":false,"template":"","format":"standard","meta":{"footnotes":""},"categories":[1589],"tags":[11,73,1866,12,1864,1865,1863,308],"class_list":{"0":"post-560506","1":"post","2":"type-post","3":"status-publish","4":"format-standard","5":"has-post-thumbnail","7":"category-etats-unis","8":"tag-actualites","9":"tag-etats-unis","10":"tag-etats-unis-damerique","11":"tag-news","12":"tag-united-states","13":"tag-united-states-of-america","14":"tag-us","15":"tag-usa"},"share_on_mastodon":{"url":"https:\/\/pubeurope.com\/@fr\/115617367690519969","error":""},"_links":{"self":[{"href":"https:\/\/www.europesays.com\/fr\/wp-json\/wp\/v2\/posts\/560506","targetHints":{"allow":["GET"]}}],"collection":[{"href":"https:\/\/www.europesays.com\/fr\/wp-json\/wp\/v2\/posts"}],"about":[{"href":"https:\/\/www.europesays.com\/fr\/wp-json\/wp\/v2\/types\/post"}],"author":[{"embeddable":true,"href":"https:\/\/www.europesays.com\/fr\/wp-json\/wp\/v2\/users\/2"}],"replies":[{"embeddable":true,"href":"https:\/\/www.europesays.com\/fr\/wp-json\/wp\/v2\/comments?post=560506"}],"version-history":[{"count":0,"href":"https:\/\/www.europesays.com\/fr\/wp-json\/wp\/v2\/posts\/560506\/revisions"}],"wp:featuredmedia":[{"embeddable":true,"href":"https:\/\/www.europesays.com\/fr\/wp-json\/wp\/v2\/media\/560507"}],"wp:attachment":[{"href":"https:\/\/www.europesays.com\/fr\/wp-json\/wp\/v2\/media?parent=560506"}],"wp:term":[{"taxonomy":"category","embeddable":true,"href":"https:\/\/www.europesays.com\/fr\/wp-json\/wp\/v2\/categories?post=560506"},{"taxonomy":"post_tag","embeddable":true,"href":"https:\/\/www.europesays.com\/fr\/wp-json\/wp\/v2\/tags?post=560506"}],"curies":[{"name":"wp","href":"https:\/\/api.w.org\/{rel}","templated":true}]}}