{"id":56051,"date":"2025-04-27T05:07:15","date_gmt":"2025-04-27T05:07:15","guid":{"rendered":"https:\/\/www.europesays.com\/fr\/56051\/"},"modified":"2025-04-27T05:07:15","modified_gmt":"2025-04-27T05:07:15","slug":"le-savez-vous-du-jour-savez-vous-pourquoi-les-jeunes-filles-qui-cherchaient-un-epoux-se-rendaient-a-saint-nicolas-de-port","status":"publish","type":"post","link":"https:\/\/www.europesays.com\/fr\/56051\/","title":{"rendered":"Le \u00ab\u00a0savez-vous\u00a0\u00bb du jour. Savez-vous pourquoi les jeunes filles qui cherchaient un \u00e9poux se rendaient \u00e0 Saint-Nicolas-de-Port\u00a0?"},"content":{"rendered":"<p>Il fut un temps o\u00f9 les Lorraines en \u00e2ge de se marier avaient coutume d\u2019aller en p\u00e8lerinage \u00e0 la <a href=\"https:\/\/www.estrepublicain.fr\/societe\/2024\/11\/09\/la-basilique-de-saint-nicolas-de-port-a-travers-les-coups-de-coeur-de-gerard-crouzier\" target=\"_blank\" rel=\"nofollow noopener\">basilique de Saint-Nicolas-de-Port<\/a>. L\u00e0, elles devaient fouler une pierre incrust\u00e9e au milieu de l\u2019all\u00e9e principale de l\u2019\u00e9glise. Elles \u00e9taient alors assur\u00e9es de se marier dans l\u2019ann\u00e9e.<\/p>\n<p>Ce bout de marbre de forme oblongue qu\u2019aujourd\u2019hui personne ne remarque est li\u00e9 \u00e0 un \u00e9pisode important de l\u2019histoire de la r\u00e9gion. C\u2019est l\u00e0, en janvier\u00a01575, que <a href=\"https:\/\/www.estrepublicain.fr\/culture-loisirs\/2023\/08\/20\/savez-vous-quelle-grande-dame-de-lorraine-a-ete-proprietaire-du-chateau-royal-de-chenonceau\" target=\"_blank\" rel=\"nofollow noopener\">Louise de Vaud\u00e9mont<\/a> se trouvait en pri\u00e8res lorsque les \u00e9missaires du roi de France se pr\u00e9sent\u00e8rent au ch\u00e2teau de son p\u00e8re \u00e0 Nomeny pour demander sa main. Nicolas de Lorraine, comte de Vaud\u00e9mont et duc de Merc\u0153ur, le p\u00e8re de Louise, fort flatt\u00e9, accepta la demande du roi.<\/p>\n<p>Lorsque Louise de Vaud\u00e9mont, au retour de son p\u00e8lerinage apprit la nouvelle, elle tomba des nues.<\/p>\n<p>Mais comment le roi de France avait-il pu conna\u00eetre son existence\u00a0? Henri, avant de devenir roi de France, avait \u00e9t\u00e9 \u00e9lu roi de Pologne. C\u2019est sur le chemin de la Pologne qu\u2019il fut re\u00e7u en janvier\u00a01573 au palais ducal de Nancy et qu\u2019il fit la connaissance de Louise de Vaud\u00e9mont.<\/p>\n<p>Cinq mois \u00e0 peine apr\u00e8s son arriv\u00e9e en Pologne, Henri apprenait la mort de son fr\u00e8re Charles IX. Il revint en France pour r\u00e9gner. C\u00e9libataire, il devait se trouver une \u00e9pouse. Et c\u2019est comme cela qu\u2019il se souvint de Louise de Vaud\u00e9mont.<\/p>\n<p>Ce contenu est bloqu\u00e9 car vous n&rsquo;avez pas accept\u00e9 les cookies et autres traceurs.<\/p>\n<p>En cliquant sur \u00ab J\u2019accepte \u00bb, les cookies et autres traceurs seront d\u00e9pos\u00e9s et vous pourrez visualiser les contenus  (<a href=\"\" class=\"consentModule_policy\" target=\"_blank\" title=\"Consulter la politique de protection des donn\u00e9es du fournisseur\">plus d&rsquo;informations<\/a>).<\/p>\n<p>En cliquant sur \u00ab J\u2019accepte tous les cookies \u00bb, vous autorisez des d\u00e9p\u00f4ts de cookies et autres traceurs pour le stockage de vos donn\u00e9es sur nos sites et applications \u00e0 des fins de personnalisation et de ciblage publicitaire.<\/p>\n<p class=\"consentModule_secondaryText\">Vous gardez la possibilit\u00e9 de retirer votre consentement \u00e0 tout moment en consultant notre <a href=\"https:\/\/www.estrepublicain.fr\/protection-des-donnees\" target=\"_blank\" title=\"Consulter notre politique de protection des donn\u00e9es\" rel=\"nofollow noopener\">politique de protection des donn\u00e9es<\/a>. <br \/>&#13;<br \/>\n            <a href=\"https:\/\/www.estrepublicain.fr\/culture-loisirs\/2025\/04\/27\/javascript:Didomi.notice.show()\" class=\"consentModule_cmp\" rel=\"nofollow noopener\" target=\"_blank\">G\u00e9rer mes choix<\/a>&#13;\n        <\/p>\n<p>&#13;<br \/>\n                        J&rsquo;accepte&#13;<br \/>\n            J&rsquo;accepte tous les cookies&#13;\n        <\/p>\n","protected":false},"excerpt":{"rendered":"Il fut un temps o\u00f9 les Lorraines en \u00e2ge de se marier avaient coutume d\u2019aller en p\u00e8lerinage \u00e0&hellip;\n","protected":false},"author":2,"featured_media":56052,"comment_status":"","ping_status":"","sticky":false,"template":"","format":"standard","meta":{"footnotes":""},"categories":[9635],"tags":[1111,11,1687,1707,1704,1706,1705,1777,674,1011,27,775,1702,1703,12,2661,25],"class_list":{"0":"post-56051","1":"post","2":"type-post","3":"status-publish","4":"format-standard","5":"has-post-thumbnail","7":"category-nancy","8":"tag-actu","9":"tag-actualites","10":"tag-culture-loisirs","11":"tag-edition-luneville","12":"tag-edition-nancy-et-agglomeration","13":"tag-edition-pont-a-mousson","14":"tag-edition-toul","15":"tag-eu","16":"tag-europe","17":"tag-fr","18":"tag-france","19":"tag-grand-est","20":"tag-nancy","21":"tag-nancy-ville-54b","22":"tag-news","23":"tag-patrimoine-culturel","24":"tag-republique-francaise"},"share_on_mastodon":{"url":"https:\/\/pubeurope.com\/@fr\/114408196886370779","error":""},"_links":{"self":[{"href":"https:\/\/www.europesays.com\/fr\/wp-json\/wp\/v2\/posts\/56051","targetHints":{"allow":["GET"]}}],"collection":[{"href":"https:\/\/www.europesays.com\/fr\/wp-json\/wp\/v2\/posts"}],"about":[{"href":"https:\/\/www.europesays.com\/fr\/wp-json\/wp\/v2\/types\/post"}],"author":[{"embeddable":true,"href":"https:\/\/www.europesays.com\/fr\/wp-json\/wp\/v2\/users\/2"}],"replies":[{"embeddable":true,"href":"https:\/\/www.europesays.com\/fr\/wp-json\/wp\/v2\/comments?post=56051"}],"version-history":[{"count":0,"href":"https:\/\/www.europesays.com\/fr\/wp-json\/wp\/v2\/posts\/56051\/revisions"}],"wp:featuredmedia":[{"embeddable":true,"href":"https:\/\/www.europesays.com\/fr\/wp-json\/wp\/v2\/media\/56052"}],"wp:attachment":[{"href":"https:\/\/www.europesays.com\/fr\/wp-json\/wp\/v2\/media?parent=56051"}],"wp:term":[{"taxonomy":"category","embeddable":true,"href":"https:\/\/www.europesays.com\/fr\/wp-json\/wp\/v2\/categories?post=56051"},{"taxonomy":"post_tag","embeddable":true,"href":"https:\/\/www.europesays.com\/fr\/wp-json\/wp\/v2\/tags?post=56051"}],"curies":[{"name":"wp","href":"https:\/\/api.w.org\/{rel}","templated":true}]}}