{"id":560513,"date":"2025-11-26T18:19:16","date_gmt":"2025-11-26T18:19:16","guid":{"rendered":"https:\/\/www.europesays.com\/fr\/560513\/"},"modified":"2025-11-26T18:19:16","modified_gmt":"2025-11-26T18:19:16","slug":"laccord-de-paix-devrait-limiter-larmee-russe-plutot-que-celle-de-lukraine-selon-kaja-kallas","status":"publish","type":"post","link":"https:\/\/www.europesays.com\/fr\/560513\/","title":{"rendered":"L&rsquo;accord de paix devrait limiter l&rsquo;arm\u00e9e russe plut\u00f4t que celle de l&rsquo;Ukraine, selon Kaja Kallas"},"content":{"rendered":"<p>Tout accord de paix visant \u00e0 mettre fin \u00e0 la guerre de la Russie contre l&rsquo;Ukraine devrait imposer des obligations \u00e0 l&rsquo;agresseur, plut\u00f4t qu&rsquo;\u00e0 la victime, afin d&rsquo;\u00e9viter que l&rsquo;invasion ne se reproduise \u00e0 l&rsquo;avenir, a d\u00e9clar\u00e9 le Haut repr\u00e9sentant Kaja Kallas, alors que les efforts chaotiques d\u00e9ploy\u00e9s par les \u00c9tats-Unis pour parvenir \u00e0 un accord se poursuivent.<\/p>\n<p>Le projet initial en 28 points de l&rsquo;accord propos\u00e9, r\u00e9dig\u00e9 par des fonctionnaires am\u00e9ricains et russes, contenait des dispositions radicales qui favorisaient clairement Moscou, notamment l&rsquo;obligation pour l&rsquo;Ukraine de renoncer \u00e0 ses ambitions vis-\u00e0-vis de l&rsquo;OTAN, de c\u00e9der les territoires qu&rsquo;elle contr\u00f4le encore et de limiter la taille de son arm\u00e9e \u00e0 600 000 personnes.<\/p>\n<p>Mais pour M. Kallas, l&rsquo;approche devrait \u00eatre inverse.<\/p>\n<p>\u00ab\u00a0<strong>Si nous voulons emp\u00eacher cette guerre de se poursuivre, nous devons r\u00e9duire l&rsquo;arm\u00e9e russe et son budget militaire<\/strong>\u00ab\u00a0, a-t-elle d\u00e9clar\u00e9 mercredi \u00e0 l&rsquo;issue d&rsquo;une r\u00e9union sp\u00e9ciale des ministres des affaires \u00e9trang\u00e8res de l&rsquo;Union europ\u00e9enne. \u00ab\u00a0<strong>Si vous d\u00e9pensez pr\u00e8s de 40 % (du budget) pour l&rsquo;arm\u00e9e, vous voudrez l&rsquo;utiliser \u00e0 nouveau, et c&rsquo;est une menace pour nous tous<\/strong>.\u00a0\u00bb<\/p>\n<p>\u00ab\u00a0L&rsquo;accent devrait \u00eatre mis sur le type de concessions (et) de limitations que nous voyons du c\u00f4t\u00e9 russe, afin que cela n&rsquo;aille pas plus loin et qu&rsquo;ils n&rsquo;aient pas l&rsquo;occasion d&rsquo;envahir \u00e0 nouveau.<\/p>\n<p>Depuis la divulgation, la semaine derni\u00e8re, du projet tr\u00e8s controvers\u00e9 des \u00c9tats-Unis, les Europ\u00e9ens ont serr\u00e9 les rangs pour aider Kyiv \u00e0 en affiner le contenu et \u00e0 obtenir des conditions plus favorables.<\/p>\n<p>\u00c0 l&rsquo;issue de discussions de haut niveau qui se sont tenues dimanche \u00e0 Gen\u00e8ve, l&rsquo;Ukraine et les \u00c9tats-Unis sont parvenus \u00e0 un texte modifi\u00e9, qui n&rsquo;a pas encore \u00e9t\u00e9 divulgu\u00e9 dans son int\u00e9gralit\u00e9, mais qui s&rsquo;est d\u00e9j\u00e0 heurt\u00e9 \u00e0 la r\u00e9sistance de la Russie. Les questions les plus sensibles ont \u00e9t\u00e9 laiss\u00e9es en suspens dans l&rsquo;attente d&rsquo;une rencontre en t\u00eate-\u00e0-t\u00eate entre les pr\u00e9sidents Volodymyr Zelensky et Donald Trump.<\/p>\n<p>Les gouvernements europ\u00e9ens et l&rsquo;UE insistent pour que tout accord de paix permette \u00e0 l&rsquo;Ukraine d&rsquo;organiser librement ses forces arm\u00e9es, dont l&rsquo;effectif est aujourd&rsquo;hui estim\u00e9 entre 800 000 et 850 000 hommes.<\/p>\n<p>\u00ab\u00a0Nous avons toujours dit que c&rsquo;\u00e9tait un droit souverain pour chaque pays de d\u00e9cider de la taille de son arm\u00e9e, et c&rsquo;est pourquoi nous ne devrions pas tomber dans le pi\u00e8ge que la Russie tend (en) parlant de plafonner (l&rsquo;) arm\u00e9e ukrainienne\u00a0\u00bb, a d\u00e9clar\u00e9 Mme Kallas.<\/p>\n<p>Dans ses remarques, Mme Kallas a affirm\u00e9 que la Russie s&rsquo;engageait dans la diplomatie simplement parce que \u00ab\u00a0Poutine ne peut pas atteindre ses objectifs sur le champ de bataille\u00a0\u00bb.<\/p>\n<p>Aucune indication de la bonne volont\u00e9 de la Russie<\/p>\n<p>\u00ab\u00a0Nous ne voyons aucune indication que la Russie est pr\u00eate pour un cessez-le-feu. Nous devons encore passer d&rsquo;une situation o\u00f9 la Russie pr\u00e9tend n\u00e9gocier \u00e0 une situation o\u00f9 elle doit n\u00e9gocier\u00a0\u00bb, a d\u00e9clar\u00e9 M. Kallas.<\/p>\n<p>Plusieurs ministres europ\u00e9ens des Affaires \u00e9trang\u00e8res ont soulign\u00e9 la n\u00e9cessit\u00e9 de serrer la vis \u00e0 Moscou jusqu&rsquo;\u00e0 ce qu&rsquo;elle fasse preuve d&rsquo;un engagement authentique et cr\u00e9dible en faveur du processus de paix.<\/p>\n<p>Seule une strat\u00e9gie de \u00ab\u00a0paix par la force\u00a0\u00bb consistant \u00e0 exercer une pression \u00e9conomique, militaire et politique maximale sur la Russie peut arr\u00eater l&rsquo;agresseur\u00a0\u00bb, a d\u00e9clar\u00e9 la Lettone Baiba Bra\u017ee.<\/p>\n<p>\u00ab\u00a0Nous ne pourrons d\u00e9fendre fermement nos int\u00e9r\u00eats europ\u00e9ens que si nous sommes capables de parler d&rsquo;une seule voix et de pr\u00e9senter notre propre plan\u00a0\u00bb, a d\u00e9clar\u00e9 l&rsquo;Autrichienne Beate Meinl-Reisinger.<\/p>\n<p>La r\u00e9union virtuelle de mercredi s&rsquo;inscrit dans le cadre d&rsquo;une campagne diplomatique men\u00e9e par les Europ\u00e9ens pour r\u00e9affirmer leur voix dans un encha\u00eenement d&rsquo;\u00e9v\u00e9nements qui \u00e9volue rapidement. Les dirigeants de l&rsquo;UE ont tenu un <a href=\"https:\/\/fr.euronews.com\/my-europe\/2025\/11\/24\/ukraine-lue-demande-une-pleine-participation-pour-decider-des-sanctions-contre-la-russie\" target=\"_blank\" rel=\"noopener\"><strong>sommet informel<\/strong><\/a> lundi, et la \u00ab\u00a0coalition des volontaires\u00a0\u00bb <a href=\"https:\/\/fr.euronews.com\/my-europe\/2025\/11\/25\/paris-et-londres-insistent-sur-la-necessite-dune-force-multinationale-pour-lukraine-dapres\" target=\"_blank\" rel=\"noopener\"><strong>s&rsquo;est r\u00e9unie en ligne<\/strong> <\/a>mardi.<\/p>\n<p>Le pr\u00e9sident fran\u00e7ais Emmanuel Macron, qui copr\u00e9side la coalition, a appel\u00e9 \u00e0 une arm\u00e9e ukrainienne \u00ab\u00a0forte\u00a0\u00bb et sans \u00ab\u00a0limites\u00a0\u00bb. M. Macron a \u00e9galement r\u00e9it\u00e9r\u00e9 l&rsquo;id\u00e9e de d\u00e9ployer une force multinationale sur le sol ukrainien apr\u00e8s la fin de la guerre.<\/p>\n<p>\u00ab\u00a0<strong>L&rsquo;Ukraine a eu son lot de promesses bris\u00e9es par les agressions successives de la Russie. De vraies garanties solides comme le roc sont n\u00e9cessaires<\/strong>\u00ab\u00a0, a-t-il d\u00e9clar\u00e9.<\/p>\n<p>Mme Kallas a d\u00e9clar\u00e9 que l&rsquo;UE apporterait des \u00ab\u00a0contributions majeures\u00a0\u00bb aux garanties de s\u00e9curit\u00e9 en fournissant des fonds, des formations et un soutien \u00e0 l&rsquo;industrie de la d\u00e9fense. Mais elle a ajout\u00e9 que ces garanties \u00ab\u00a0ne changent rien au fait que la menace r\u00e9elle est la Russie\u00a0\u00bb.<\/p>\n<p>\u00ab\u00a0Il s&rsquo;agit \u00e9galement d&rsquo;une question de s\u00e9curit\u00e9 europ\u00e9enne au sens large\u00a0\u00bb, a-t-elle soulign\u00e9. \u00ab\u00a0Si l&rsquo;agression est payante, elle servira d&rsquo;invitation \u00e0 recourir de nouveau \u00e0 l&rsquo;agression et ailleurs. Et c&rsquo;est une menace pour tout le monde dans le monde, en particulier pour les petits pays\u00a0\u00bb, a-t-elle ajout\u00e9.<\/p>\n<p>\u00ab\u00a0Et en Europe, comme l&rsquo;a dit Paul-Henri Spaak, il n&rsquo;y a que deux types de pays : les petits pays et ceux qui n&rsquo;ont pas encore r\u00e9alis\u00e9 qu&rsquo;ils \u00e9taient des petits pays.<\/p>\n","protected":false},"excerpt":{"rendered":"Tout accord de paix visant \u00e0 mettre fin \u00e0 la guerre de la Russie contre l&rsquo;Ukraine devrait imposer&hellip;\n","protected":false},"author":2,"featured_media":560514,"comment_status":"","ping_status":"","sticky":false,"template":"","format":"standard","meta":{"footnotes":""},"categories":[1586],"tags":[11,1777,674,1779,1011,27,5229,12,33729,25,132,1778,220,364],"class_list":{"0":"post-560513","1":"post","2":"type-post","3":"status-publish","4":"format-standard","5":"has-post-thumbnail","7":"category-europe","8":"tag-actualites","9":"tag-eu","10":"tag-europe","11":"tag-european-union","12":"tag-fr","13":"tag-france","14":"tag-kaja-kallas","15":"tag-news","16":"tag-politique-etrangere-de-lue","17":"tag-republique-francaise","18":"tag-russie","19":"tag-ue","20":"tag-ukraine","21":"tag-union-europeenne"},"share_on_mastodon":{"url":"https:\/\/pubeurope.com\/@fr\/115617383439510049","error":""},"_links":{"self":[{"href":"https:\/\/www.europesays.com\/fr\/wp-json\/wp\/v2\/posts\/560513","targetHints":{"allow":["GET"]}}],"collection":[{"href":"https:\/\/www.europesays.com\/fr\/wp-json\/wp\/v2\/posts"}],"about":[{"href":"https:\/\/www.europesays.com\/fr\/wp-json\/wp\/v2\/types\/post"}],"author":[{"embeddable":true,"href":"https:\/\/www.europesays.com\/fr\/wp-json\/wp\/v2\/users\/2"}],"replies":[{"embeddable":true,"href":"https:\/\/www.europesays.com\/fr\/wp-json\/wp\/v2\/comments?post=560513"}],"version-history":[{"count":0,"href":"https:\/\/www.europesays.com\/fr\/wp-json\/wp\/v2\/posts\/560513\/revisions"}],"wp:featuredmedia":[{"embeddable":true,"href":"https:\/\/www.europesays.com\/fr\/wp-json\/wp\/v2\/media\/560514"}],"wp:attachment":[{"href":"https:\/\/www.europesays.com\/fr\/wp-json\/wp\/v2\/media?parent=560513"}],"wp:term":[{"taxonomy":"category","embeddable":true,"href":"https:\/\/www.europesays.com\/fr\/wp-json\/wp\/v2\/categories?post=560513"},{"taxonomy":"post_tag","embeddable":true,"href":"https:\/\/www.europesays.com\/fr\/wp-json\/wp\/v2\/tags?post=560513"}],"curies":[{"name":"wp","href":"https:\/\/api.w.org\/{rel}","templated":true}]}}