{"id":560515,"date":"2025-11-26T18:20:18","date_gmt":"2025-11-26T18:20:18","guid":{"rendered":"https:\/\/www.europesays.com\/fr\/560515\/"},"modified":"2025-11-26T18:20:18","modified_gmt":"2025-11-26T18:20:18","slug":"bardella-vainqueur-en-2027-les-sondages-nengagent-que-ceux-qui-y-croient-liberation","status":"publish","type":"post","link":"https:\/\/www.europesays.com\/fr\/560515\/","title":{"rendered":"Bardella vainqueur en\u00a02027\u00a0? Les sondages n\u2019engagent que ceux qui y croient \u2013 Lib\u00e9ration"},"content":{"rendered":"<p class=\"sc-cPiKLX AiZTS text-element\">\u00c7a y est, c\u2019est officiel : Jordan Bardella est \u00e9lu pr\u00e9sident de la R\u00e9publique ! Enfin presque.<a href=\"https:\/\/www.publicsenat.fr\/actualites\/politique\/sondage-jordan-bardella-remporterait-la-presidentielle-2027-quel-que-soit-son-adversaire\" target=\"_blank\" rel=\"noreferrer noopener\" title=\"https:\/\/www.publicsenat.fr\/actualites\/politique\/sondage-jordan-bardella-remporterait-la-presidentielle-2027-quel-que-soit-son-adversaire\"> Un sondage Odoxa pour Public S\u00e9nat<\/a> et la presse r\u00e9gionale vient d\u2019\u00eatre publi\u00e9 ce mardi et il donne le boss du RN gagnant au second tour de la pr\u00e9sidentielle quel que soit son adversaire, qu\u2019il s\u2019appelle Edouard Philippe (47 %), Gabriel Attal (44 %), Rapha\u00ebl Glucksmann (42 %) ou Jean-Luc M\u00e9lenchon (26 %). Incroyable, non ? A se demander pourquoi on fait encore une campagne \u00e9lectorale : autant nommer le chef de l\u2019extr\u00eame droite directement \u00e0 l\u2019Elys\u00e9e.<\/p>\n<p class=\"sc-cPiKLX AiZTS text-element\">Bon, vous commencez \u00e0 nous conna\u00eetre depuis le temps : on n\u2019est pas vraiment fans des sondages \u00e0 Chez Pol. Surtout lorsqu\u2019ils portent sur le second tour d\u2019une pr\u00e9sidentielle qui aura lieu dans dix-huit mois, dont on ne conna\u00eet pas encore les candidats et encore moins les th\u00e8mes d\u2019actualit\u00e9 \u2013 <\/p>\n","protected":false},"excerpt":{"rendered":"\u00c7a y est, c\u2019est officiel : Jordan Bardella est \u00e9lu pr\u00e9sident de la R\u00e9publique ! Enfin presque. Un&hellip;\n","protected":false},"author":2,"featured_media":560516,"comment_status":"","ping_status":"","sticky":false,"template":"","format":"standard","meta":{"footnotes":""},"categories":[2],"tags":[11,1076,1011,27,1077,12,25,2848],"class_list":{"0":"post-560515","1":"post","2":"type-post","3":"status-publish","4":"format-standard","5":"has-post-thumbnail","7":"category-actualites","8":"tag-actualites","9":"tag-extreme-droite","10":"tag-fr","11":"tag-france","12":"tag-jordan-bardella","13":"tag-news","14":"tag-republique-francaise","15":"tag-rn"},"share_on_mastodon":{"url":"https:\/\/pubeurope.com\/@fr\/115617387335834335","error":""},"_links":{"self":[{"href":"https:\/\/www.europesays.com\/fr\/wp-json\/wp\/v2\/posts\/560515","targetHints":{"allow":["GET"]}}],"collection":[{"href":"https:\/\/www.europesays.com\/fr\/wp-json\/wp\/v2\/posts"}],"about":[{"href":"https:\/\/www.europesays.com\/fr\/wp-json\/wp\/v2\/types\/post"}],"author":[{"embeddable":true,"href":"https:\/\/www.europesays.com\/fr\/wp-json\/wp\/v2\/users\/2"}],"replies":[{"embeddable":true,"href":"https:\/\/www.europesays.com\/fr\/wp-json\/wp\/v2\/comments?post=560515"}],"version-history":[{"count":0,"href":"https:\/\/www.europesays.com\/fr\/wp-json\/wp\/v2\/posts\/560515\/revisions"}],"wp:featuredmedia":[{"embeddable":true,"href":"https:\/\/www.europesays.com\/fr\/wp-json\/wp\/v2\/media\/560516"}],"wp:attachment":[{"href":"https:\/\/www.europesays.com\/fr\/wp-json\/wp\/v2\/media?parent=560515"}],"wp:term":[{"taxonomy":"category","embeddable":true,"href":"https:\/\/www.europesays.com\/fr\/wp-json\/wp\/v2\/categories?post=560515"},{"taxonomy":"post_tag","embeddable":true,"href":"https:\/\/www.europesays.com\/fr\/wp-json\/wp\/v2\/tags?post=560515"}],"curies":[{"name":"wp","href":"https:\/\/api.w.org\/{rel}","templated":true}]}}