{"id":560521,"date":"2025-11-26T18:24:17","date_gmt":"2025-11-26T18:24:17","guid":{"rendered":"https:\/\/www.europesays.com\/fr\/560521\/"},"modified":"2025-11-26T18:24:17","modified_gmt":"2025-11-26T18:24:17","slug":"horizon-degage-pour-niko-suihkonen-et-le-tours-vb","status":"publish","type":"post","link":"https:\/\/www.europesays.com\/fr\/560521\/","title":{"rendered":"horizon d\u00e9gag\u00e9 pour Niko Suihkonen et le Tours VB"},"content":{"rendered":"<p>Deux matchs, deux victoires face \u00e0 Tourcoing pour le TVB cette saison. Mais tout a \u00e9t\u00e9 bien diff\u00e9rent entre <a target=\"_self\" href=\"https:\/\/www.lanouvellerepublique.fr\/tours\/nous-avons-fait-preuve-de-coeur-le-tvb-heureux-apres-avoir-remporte-la-supercoupe-1762904938\" rel=\"noopener\">la Supercoupe du 11\u00a0novembre<\/a> et <a target=\"_self\" href=\"https:\/\/www.lanouvellerepublique.fr\/tours\/coupe-de-france-le-tvb-sanctionne-encore-tourcoing-et-elimine-le-tenant-du-titre-1764110171\" rel=\"noopener\">le 8es de finale de Coupe de ce mardi<\/a>. Si les Tourangeaux avaient eu besoin de cinq sets pour s\u2019imposer face aux Nordistes lors du premier acte, ils ne sont cette fois-ci rest\u00e9s sur le terrain de Grenon que durant trois p\u00e9riodes pour faire chuter le tenant du titre. Une jolie performance. \u00ab\u00a0Nous avons bien mieux jou\u00e9 cette fois-ci, nous n\u2019avons pas commis autant d\u2019erreurs. \u00c7a a probablement \u00e9t\u00e9 l\u2019un de nos meilleurs matchs cette saison, assure d\u2019ailleurs Niko Suihkonen. Nous avons propos\u00e9 un jeu tr\u00e8s disciplin\u00e9 et nous avons \u00e9t\u00e9 bons au block-d\u00e9fense.\u00a0\u00bb<\/p>\n<p>Un secteur o\u00f9 le Finlandais a rayonn\u00e9. Celui-ci avait d\u2019ailleurs vu son r\u00f4le d\u00e9cupl\u00e9 entre les deux parties\u00a0: sorti du banc pour les deux derniers sets le jour de l\u2019Armistice, il \u00e9tait titulaire lors de l\u2019entr\u00e9e en lice du Tours Volley-Ball en Coupe de France. Et il a \u00e9t\u00e9 bon\u00a0: 9 points (dont 1 ace et 1 block) et surtout 88\u00a0% de r\u00e9ceptions positives. \u00ab\u00a0Je suis surtout arriv\u00e9 pour \u00eatre juste dans ce domaine. Aujourd\u2019hui (mardi) \u00e7a a \u00e9t\u00e9 une bonne journ\u00e9e, probablement mon meilleur match au TVB\u00a0\u00bb, se satisfait le\u00a0vice-champion de France en 2024 avec Chaumont&#8230;. <\/p>\n<p>    Cet article a \u00e9t\u00e9 tronqu\u00e9. Abonnez-vous pour lire l&rsquo;article complet sur notre site.<\/p>\n<p style=\"margin: 0 !important; padding: 0 !important; font-size: 12px !important;\">Cet article a \u00e9t\u00e9 tronqu\u00e9. Abonnez-vous pour lire l&rsquo;article complet.<\/p>\n<p>    <a href=\"https:\/\/www.lanouvellerepublique.fr\/abonnements\" style=\"display: inline-block; margin-top: 5px !important; padding: 6px 12px !important; background: #cb1c27; color: white; text-decoration: none; border-radius: 4px; font-size: 12px !important;\" target=\"_blank\" rel=\"noopener\"><br \/>\n      S&rsquo;abonner<br \/>\n    <\/a><\/p>\n","protected":false},"excerpt":{"rendered":"Deux matchs, deux victoires face \u00e0 Tourcoing pour le TVB cette saison. Mais tout a \u00e9t\u00e9 bien diff\u00e9rent&hellip;\n","protected":false},"author":2,"featured_media":560522,"comment_status":"","ping_status":"","sticky":false,"template":"","format":"standard","meta":{"footnotes":""},"categories":[1417],"tags":[1392,19740,1011,27,1387,60,1390,1471,2767,1470,1469],"class_list":{"0":"post-560521","1":"post","2":"type-post","3":"status-publish","4":"format-standard","5":"has-post-thumbnail","7":"category-volley","8":"tag-a-la-une-local","9":"tag-coupe-de-france-volley","10":"tag-fr","11":"tag-france","12":"tag-indre-et-loire","13":"tag-sports","14":"tag-tours","15":"tag-tours-volley-ball","16":"tag-tvb-37","17":"tag-volley","18":"tag-volleyball"},"share_on_mastodon":{"url":"https:\/\/pubeurope.com\/@fr\/115617403026570390","error":""},"_links":{"self":[{"href":"https:\/\/www.europesays.com\/fr\/wp-json\/wp\/v2\/posts\/560521","targetHints":{"allow":["GET"]}}],"collection":[{"href":"https:\/\/www.europesays.com\/fr\/wp-json\/wp\/v2\/posts"}],"about":[{"href":"https:\/\/www.europesays.com\/fr\/wp-json\/wp\/v2\/types\/post"}],"author":[{"embeddable":true,"href":"https:\/\/www.europesays.com\/fr\/wp-json\/wp\/v2\/users\/2"}],"replies":[{"embeddable":true,"href":"https:\/\/www.europesays.com\/fr\/wp-json\/wp\/v2\/comments?post=560521"}],"version-history":[{"count":0,"href":"https:\/\/www.europesays.com\/fr\/wp-json\/wp\/v2\/posts\/560521\/revisions"}],"wp:featuredmedia":[{"embeddable":true,"href":"https:\/\/www.europesays.com\/fr\/wp-json\/wp\/v2\/media\/560522"}],"wp:attachment":[{"href":"https:\/\/www.europesays.com\/fr\/wp-json\/wp\/v2\/media?parent=560521"}],"wp:term":[{"taxonomy":"category","embeddable":true,"href":"https:\/\/www.europesays.com\/fr\/wp-json\/wp\/v2\/categories?post=560521"},{"taxonomy":"post_tag","embeddable":true,"href":"https:\/\/www.europesays.com\/fr\/wp-json\/wp\/v2\/tags?post=560521"}],"curies":[{"name":"wp","href":"https:\/\/api.w.org\/{rel}","templated":true}]}}