{"id":560533,"date":"2025-11-26T18:33:11","date_gmt":"2025-11-26T18:33:11","guid":{"rendered":"https:\/\/www.europesays.com\/fr\/560533\/"},"modified":"2025-11-26T18:33:11","modified_gmt":"2025-11-26T18:33:11","slug":"marschall-truchot-louvre-nouvelles-revelations-sur-le-casse","status":"publish","type":"post","link":"https:\/\/www.europesays.com\/fr\/560533\/","title":{"rendered":"Marschall Truchot : Louvre, nouvelles r\u00e9v\u00e9lations sur le casse"},"content":{"rendered":"<p>Marschall Truchot : Louvre, nouvelles r\u00e9v\u00e9lations sur le casse &#8211; 26\/11Sur le m\u00eame sujet<a href=\"https:\/\/www.bfmtv.com\/replay-emissions\/bfm-story\/video-marschall-truchot-pays-de-branleurs-le-coup-de-gueule-de-consigny-26-11_VN-202511260929.html\" title=\"Marschall Truchot : &quot;Pays de branleurs !&quot;, le coup de gueule de Consigny - 26\/11\" target=\"_blank\" rel=\"noopener\"><img width=\"16\" height=\"9\" class=\"lozad\"  alt=\"Marschall Truchot : &quot;Pays de branleurs !&quot;, le coup de gueule de Consigny - 26\/11\"\/>26:21Marschall Truchot : \u00ab\u00a0Pays de branleurs !\u00a0\u00bb, le coup de gueule de Consigny &#8211; 26\/11<\/a><a href=\"https:\/\/www.bfmtv.com\/replay-emissions\/bfm-story\/video-marschall-truchot-louvre-nouvelles-revelations-sur-le-casse-26-11_VN-202511260871.html\" title=\"Marschall Truchot : Louvre, nouvelles r\u00e9v\u00e9lations sur le casse - 26\/11\" target=\"_blank\" rel=\"noopener\"><img width=\"16\" height=\"9\" class=\"lozad\"  alt=\"Marschall Truchot : Louvre, nouvelles r\u00e9v\u00e9lations sur le casse - 26\/11\"\/>en lectureMarschall Truchot : Louvre, nouvelles r\u00e9v\u00e9lations sur le casse &#8211; 26\/11<\/a><a href=\"https:\/\/www.bfmtv.com\/replay-emissions\/bfm-story\/video-marschall-truchot-taxe-fonciere-la-hausse-suspendue-jusqu-au-printemps-26-11_VN-202511260840.html\" title=\"Marschall Truchot : Taxe fonci\u00e8re, la hausse suspendue jusqu&#039;au printemps - 26\/11\" target=\"_blank\" rel=\"noopener\"><img width=\"16\" height=\"9\" class=\"lozad\"  alt=\"Marschall Truchot : Taxe fonci\u00e8re, la hausse suspendue jusqu'au printemps - 26\/11\"\/>20:47Marschall Truchot : Taxe fonci\u00e8re, la hausse suspendue jusqu&rsquo;au printemps &#8211; 26\/11<\/a><a href=\"https:\/\/www.bfmtv.com\/replay-emissions\/bfm-story\/video-marshall-truchot-le-retour-de-l-inflation-avant-les-fetes-26-11_VN-202511260819.html\" title=\"Marshall Truchot : Le retour de l\u2019inflation avant les f\u00eates - 26\/11\" target=\"_blank\" rel=\"noopener\"><img width=\"16\" height=\"9\" class=\"lozad\"  alt=\"Marshall Truchot : Le retour de l\u2019inflation avant les f\u00eates - 26\/11\"\/>16:48Marshall Truchot : Le retour de l\u2019inflation avant les f\u00eates &#8211; 26\/11<\/a><a href=\"https:\/\/www.bfmtv.com\/replay-emissions\/bfm-story\/video-marschall-truchot-jordan-bardella-enfarine-a-la-foire-de-vesoul-25-11_VN-202511250920.html\" title=\"Marschall Truchot : Jordan Bardella enfarin\u00e9 \u00e0 la foire de Vesoul - 25\/11\" target=\"_blank\" rel=\"noopener\"><img width=\"16\" height=\"9\" class=\"lozad\"  alt=\"Marschall Truchot : Jordan Bardella enfarin\u00e9 \u00e0 la foire de Vesoul - 25\/11\"\/>3:26Marschall Truchot : Jordan Bardella enfarin\u00e9 \u00e0 la foire de Vesoul &#8211; 25\/11<\/a><a href=\"https:\/\/www.bfmtv.com\/replay-emissions\/bfm-story\/video-marschall-truchot-sondage-2027-bardella-favori-trop-tot-25-11_VN-202511250896.html\" title=\"Marschall Truchot : Sondage 2027, Bardella favori trop t\u00f4t ? - 25\/11\" target=\"_blank\" rel=\"noopener\"><img width=\"16\" height=\"9\" class=\"lozad\"  alt=\"Marschall Truchot : Sondage 2027, Bardella favori trop t\u00f4t ? - 25\/11\"\/>12:25Marschall Truchot : Sondage 2027, Bardella favori trop t\u00f4t ? &#8211; 25\/11<\/a><a href=\"https:\/\/www.bfmtv.com\/replay-emissions\/bfm-story\/video-marschall-truchot-audiovisuel-public-proces-politique-a-l-assemblee-25-11_VN-202511250886.html\" title=\"Marschall Truchot : Audiovisuel public, proc\u00e8s politique \u00e0 l&#039;Assembl\u00e9e ? - 25\/11\" target=\"_blank\" rel=\"noopener\"><img width=\"16\" height=\"9\" class=\"lozad\"  alt=\"Marschall Truchot : Audiovisuel public, proc\u00e8s politique \u00e0 l'Assembl\u00e9e ? - 25\/11\"\/>14:37Marschall Truchot : Audiovisuel public, proc\u00e8s politique \u00e0 l&rsquo;Assembl\u00e9e ? &#8211; 25\/11<\/a><a href=\"https:\/\/www.bfmtv.com\/replay-emissions\/bfm-story\/video-marshall-truchot-ukraine-pas-de-volonte-russe-de-cessez-le-feu-25-11_VN-202511250879.html\" title=\"Marshall Truchot : Ukraine, \u201cPas de volont\u00e9 russe de cessez-le-feu - 25\/11\" target=\"_blank\" rel=\"noopener\"><img width=\"16\" height=\"9\" class=\"lozad\"  alt=\"Marshall Truchot : Ukraine, \u201cPas de volont\u00e9 russe de cessez-le-feu - 25\/11\"\/>17:59Marshall Truchot : Ukraine, \u201cPas de volont\u00e9 russe de cessez-le-feu &#8211; 25\/11<\/a><a href=\"https:\/\/www.bfmtv.com\/replay-emissions\/bfm-story\/video-marschall-truchot-sondage-bardella-favori-face-a-tous-ses-adversaires-25-11_VN-202511250850.html\" title=\"Marschall Truchot : Sondage, Bardella favori face \u00e0 tous ses adversaires - 25\/11\" target=\"_blank\" rel=\"noopener\"><img width=\"16\" height=\"9\" class=\"lozad\"  alt=\"Marschall Truchot : Sondage, Bardella favori face \u00e0 tous ses adversaires - 25\/11\"\/>18:16Marschall Truchot : Sondage, Bardella favori face \u00e0 tous ses adversaires &#8211; 25\/11<\/a><a href=\"https:\/\/www.bfmtv.com\/replay-emissions\/bfm-story\/video-marshall-truchot-cambriolage-au-louvre-une-quatrieme-arrestation-25-11_VN-202511250821.html\" title=\"Marshall Truchot : Cambriolage au Louvre, une quatri\u00e8me arrestation - 25\/11\" target=\"_blank\" rel=\"noopener\"><img width=\"16\" height=\"9\" class=\"lozad\"  alt=\"Marshall Truchot : Cambriolage au Louvre, une quatri\u00e8me arrestation - 25\/11\"\/>18:04Marshall Truchot : Cambriolage au Louvre, une quatri\u00e8me arrestation &#8211; 25\/11<\/a><a href=\"https:\/\/www.bfmtv.com\/replay-emissions\/bfm-story\/video-marschall-truchot-prets-a-travailler-15-minutes-de-plus-par-semaine-24-11_VN-202511240856.html\" title=\"Marschall Truchot : pr\u00eats \u00e0 travailler 15 minutes de plus par semaine ? - 24\/11\" target=\"_blank\" rel=\"noopener\"><img width=\"16\" height=\"9\" class=\"lozad\"  alt=\"Marschall Truchot : pr\u00eats \u00e0 travailler 15 minutes de plus par semaine ? - 24\/11\"\/>14:44Marschall Truchot : pr\u00eats \u00e0 travailler 15 minutes de plus par semaine ? &#8211; 24\/11<\/a><a href=\"https:\/\/www.bfmtv.com\/replay-emissions\/bfm-story\/video-marshall-truchot-dati-en-eboueuse-coup-de-genie-ou-demagogie-24-11_VN-202511240812.html\" title=\" Marshall Truchot : Dati en \u00e9boueuse, coup de g\u00e9nie ou d\u00e9magogie ? - 24\/11\" target=\"_blank\" rel=\"noopener\"><img width=\"16\" height=\"9\" class=\"lozad\"  alt=\" Marshall Truchot : Dati en \u00e9boueuse, coup de g\u00e9nie ou d\u00e9magogie ? - 24\/11\"\/>14:57Marshall Truchot : Dati en \u00e9boueuse, coup de g\u00e9nie ou d\u00e9magogie ? &#8211; 24\/11<\/a><a href=\"https:\/\/www.bfmtv.com\/replay-emissions\/bfm-story\/video-marshall-truchot-budget-lecornu-denonce-le-cynisme-des-oppositions-24-11_VN-202511240811.html\" title=\"Marshall Truchot : Budget, Lecornu d\u00e9nonce le cynisme des oppositions - 24\/11\" target=\"_blank\" rel=\"noopener\"><img width=\"16\" height=\"9\" class=\"lozad\"  alt=\"Marshall Truchot : Budget, Lecornu d\u00e9nonce le cynisme des oppositions - 24\/11\"\/>16:52Marshall Truchot : Budget, Lecornu d\u00e9nonce le cynisme des oppositions &#8211; 24\/11<\/a><a href=\"https:\/\/www.bfmtv.com\/replay-emissions\/bfm-story\/video-marschall-truchot-mineures-voilees-laurent-wauquiez-dit-stop-24-11_VN-202511240766.html\" title=\"Marschall Truchot : Mineures voil\u00e9es, Laurent Wauquiez dit stop - 24\/11\" target=\"_blank\" rel=\"noopener\"><img width=\"16\" height=\"9\" class=\"lozad\"  alt=\"Marschall Truchot : Mineures voil\u00e9es, Laurent Wauquiez dit stop - 24\/11\"\/>17:49Marschall Truchot : Mineures voil\u00e9es, Laurent Wauquiez dit stop &#8211; 24\/11<\/a><a class=\"jumpToVideo\" target=\"_blank\"><img class=\"thumbnailPreview\"\/><\/a><\/p>\n","protected":false},"excerpt":{"rendered":"Marschall Truchot : Louvre, nouvelles r\u00e9v\u00e9lations sur le casse &#8211; 26\/11Sur le m\u00eame sujet26:21Marschall Truchot : \u00ab\u00a0Pays de&hellip;\n","protected":false},"author":2,"featured_media":560534,"comment_status":"","ping_status":"","sticky":false,"template":"","format":"standard","meta":{"footnotes":""},"categories":[1358],"tags":[1348,1384,1385,1386,58,59,1011,27],"class_list":{"0":"post-560533","1":"post","2":"type-post","3":"status-publish","4":"format-standard","5":"has-post-thumbnail","7":"category-arts-et-design","8":"tag-arts","9":"tag-arts-and-design","10":"tag-arts-et-design","11":"tag-design","12":"tag-divertissement","13":"tag-entertainment","14":"tag-fr","15":"tag-france"},"share_on_mastodon":{"url":"https:\/\/pubeurope.com\/@fr\/115617438298262402","error":""},"_links":{"self":[{"href":"https:\/\/www.europesays.com\/fr\/wp-json\/wp\/v2\/posts\/560533","targetHints":{"allow":["GET"]}}],"collection":[{"href":"https:\/\/www.europesays.com\/fr\/wp-json\/wp\/v2\/posts"}],"about":[{"href":"https:\/\/www.europesays.com\/fr\/wp-json\/wp\/v2\/types\/post"}],"author":[{"embeddable":true,"href":"https:\/\/www.europesays.com\/fr\/wp-json\/wp\/v2\/users\/2"}],"replies":[{"embeddable":true,"href":"https:\/\/www.europesays.com\/fr\/wp-json\/wp\/v2\/comments?post=560533"}],"version-history":[{"count":0,"href":"https:\/\/www.europesays.com\/fr\/wp-json\/wp\/v2\/posts\/560533\/revisions"}],"wp:featuredmedia":[{"embeddable":true,"href":"https:\/\/www.europesays.com\/fr\/wp-json\/wp\/v2\/media\/560534"}],"wp:attachment":[{"href":"https:\/\/www.europesays.com\/fr\/wp-json\/wp\/v2\/media?parent=560533"}],"wp:term":[{"taxonomy":"category","embeddable":true,"href":"https:\/\/www.europesays.com\/fr\/wp-json\/wp\/v2\/categories?post=560533"},{"taxonomy":"post_tag","embeddable":true,"href":"https:\/\/www.europesays.com\/fr\/wp-json\/wp\/v2\/tags?post=560533"}],"curies":[{"name":"wp","href":"https:\/\/api.w.org\/{rel}","templated":true}]}}