{"id":560549,"date":"2025-11-26T18:42:10","date_gmt":"2025-11-26T18:42:10","guid":{"rendered":"https:\/\/www.europesays.com\/fr\/560549\/"},"modified":"2025-11-26T18:42:10","modified_gmt":"2025-11-26T18:42:10","slug":"quelque-300-supermarches-auchan-vont-devenir-des-intermarche-et-netto-voici-les-supermarches-concernes-dans-le-var-nice-matin","status":"publish","type":"post","link":"https:\/\/www.europesays.com\/fr\/560549\/","title":{"rendered":"Quelque 300 supermarch\u00e9s Auchan vont devenir des Intermarch\u00e9 et Netto : voici les supermarch\u00e9s concern\u00e9s dans le Var &#8211; Nice-Matin"},"content":{"rendered":"<ol>\n<li><a href=\"https:\/\/news.google.com\/rss\/articles\/CBMi-wFBVV95cUxNOTdnN1o2eDMybjRQemx1TWI1WjRDTlpOVnI5S1N4VWNFQTVTYWk5eVprODc5QmJjOU81ZGhCZWxhTUVaNzZCbFFkdnhIY0VnZ2MxX3JrZDItR25lZHNKbDR0MVNhd3QtSm03NlFfSGRvQWNQdFp4b1FOdUY1N044UVVsNW5zeXBxUzFJTE53N09RSGpVVWw2b2ZhTmZsemk0TzF6TC1vS2R4cTNyeW9KX0dXa1JyVmh2R2lTUlNpOXI1Rmdrel9QQ1hyYW5iazhydGRJNjM1dWFpMmQzelhabjlGS0NWbzBuVXpUaHFhZXRQUjB0SDgydEVrUQ?oc=5\" target=\"_blank\" rel=\"noopener\">Quelque 300 supermarch\u00e9s Auchan vont devenir des Intermarch\u00e9 et Netto : voici les supermarch\u00e9s concern\u00e9s dans le Var<\/a>&nbsp;&nbsp;Nice-Matin<\/li>\n<li><a href=\"https:\/\/news.google.com\/rss\/articles\/CBMi6wFBVV95cUxQUEhMMVdRZllSRUY4MldqWTBKOUU3MnRoTFNIVTJnQmtnRmZzR3JTYW5abHczdlJGT1dDSnBsUWlJR3duaVZ0V2RTWFlPc19UU29xaVE1dU5keG9TcTV0SVI2S3dxeWFtdnB1aERjYVVpdWRZWExlTTMxa2NvX1VTX3ZaVU5Pd0psR2duclJNcWlYc2JEOXd1dUVSZ21MeWJQNWVieXl1MXZ6TFY2aUQ2MzFUVG12bVo0Si1DOEFjLTZhaTdiTFM3T2J4eWJTMENaM2ZKamFjV0N3WnlMcEJwSGw4RWZsSVg5MXVV?oc=5\" target=\"_blank\" rel=\"noopener\">Pourquoi tous les supermarch\u00e9s Auchan sont remplac\u00e9s par des Intermarch\u00e9s<\/a>&nbsp;&nbsp;Le Monde.fr<\/li>\n<li><a href=\"https:\/\/news.google.com\/rss\/articles\/CBMitAFBVV95cUxQQnhRYno4eVd3aVJTZ1ZXa2JwQzN2UzRlcnp3QXJrQkhLU04xNU9XdTVEOHMxWFBoMnAtZ1BoUm51cDFuVzhjV0Y1aERuMjBObVdOX25xUk80dVV0aHU3WUhRT2tsUjFHb1N4QmtVNEtwWktnVXdhaDc0VnBqdTFMRkZ4OHk3TjhWWkNodXJEVHpuYlREQUc4eERoaGZoVC10Qkdkc0ljMXBqbWhYTWNUczRnVWs?oc=5\" target=\"_blank\" rel=\"noopener\">Votre supermarch\u00e9 Auchan va-t-il devenir un Intermarch\u00e9 ou un Netto ? D\u00e9couvrez notre moteur de recherche<\/a>&nbsp;&nbsp;Le Figaro<\/li>\n<li><a href=\"https:\/\/news.google.com\/rss\/articles\/CBMilwJBVV95cUxOV0JuWXFnRzM3WG9uV1hIRTk0LUVkUnJOa3hKMm5uYm9oLUZIYTdVVmZNTWlIVmxXQVh6Wk16ZEh1WHRkWXhXR0pWTWpwMHp5YXNUVHF3MXB1MEpWWGk1dkU0eWRRZmZ0ZGkwQkNGTTVzR0VvN2JhbkgzaVVhaUwyZ0xjaTNjWnNGZWNIZW9OUWQtQzFkTGl2SkIyc1hYMXVBZk40TDNHX1owMjZxOGhod2p3aVFRR0hxb1JsWTBDQkFLNzhhU2xCam94UEMxSXhNazNsd2JfMDl2U05xbC1rWDk3LWh1eU14YXllaDI4VGVCeGdJTVcwWlBZQkxLWHdOVUpQYUxtdEtCMWtjaWkxNEV4YnRmV1U?oc=5\" target=\"_blank\" rel=\"noopener\">Reprise des magasins Auchan par Intermarch\u00e9 : \u00ab Un joli coup \u00bb, selon Michel-\u00c9douard Leclerc<\/a>&nbsp;&nbsp;Ouest-France<\/li>\n<li><a href=\"https:\/\/news.google.com\/rss\/articles\/CBMiygFBVV95cUxQbGhaek1GM05JNmNmQW9WVmJ1b3g4UktFM1gtSG9XcFRNU0tHNkJ2eGRDVXhKeGhWbUoyN3RwVGtTRzNiWm9GQzh2cUNhdHZNUkZ6QmdrX3VTM29XRnRhZU1RdXU3NWEwWmlMMGQxQS1rTHI0UmhIVEVJUWxGcmVJc1N2cDUzUjYwY1V1YTF4eGNKY25rb3BHYmN5Y25pYjFSUjA2TEJnYWxOd3N3T2pjQzExYmV6bGFfUDJ4dDRyVUFPcS1CeE9xMFNR?oc=5\" target=\"_blank\" rel=\"noopener\">Meurthe-et-Moselle Les quatre hypermarch\u00e9s Auchan du d\u00e9partement sous enseigne Intermarch\u00e9 et Netto ?<\/a>&nbsp;&nbsp;L&rsquo;Est R\u00e9publicain<\/li>\n<\/ol>\n","protected":false},"excerpt":{"rendered":"Quelque 300 supermarch\u00e9s Auchan vont devenir des Intermarch\u00e9 et Netto : voici les supermarch\u00e9s concern\u00e9s dans le Var&nbsp;&nbsp;Nice-Matin&hellip;\n","protected":false},"author":2,"featured_media":395849,"comment_status":"","ping_status":"","sticky":false,"template":"","format":"standard","meta":{"footnotes":""},"categories":[6],"tags":[35,33,34,1011,27],"class_list":{"0":"post-560549","1":"post","2":"type-post","3":"status-publish","4":"format-standard","5":"has-post-thumbnail","7":"category-economie","8":"tag-business","9":"tag-economie","10":"tag-economy","11":"tag-fr","12":"tag-france"},"share_on_mastodon":{"url":"https:\/\/pubeurope.com\/@fr\/115617473884114245","error":""},"_links":{"self":[{"href":"https:\/\/www.europesays.com\/fr\/wp-json\/wp\/v2\/posts\/560549","targetHints":{"allow":["GET"]}}],"collection":[{"href":"https:\/\/www.europesays.com\/fr\/wp-json\/wp\/v2\/posts"}],"about":[{"href":"https:\/\/www.europesays.com\/fr\/wp-json\/wp\/v2\/types\/post"}],"author":[{"embeddable":true,"href":"https:\/\/www.europesays.com\/fr\/wp-json\/wp\/v2\/users\/2"}],"replies":[{"embeddable":true,"href":"https:\/\/www.europesays.com\/fr\/wp-json\/wp\/v2\/comments?post=560549"}],"version-history":[{"count":0,"href":"https:\/\/www.europesays.com\/fr\/wp-json\/wp\/v2\/posts\/560549\/revisions"}],"wp:featuredmedia":[{"embeddable":true,"href":"https:\/\/www.europesays.com\/fr\/wp-json\/wp\/v2\/media\/395849"}],"wp:attachment":[{"href":"https:\/\/www.europesays.com\/fr\/wp-json\/wp\/v2\/media?parent=560549"}],"wp:term":[{"taxonomy":"category","embeddable":true,"href":"https:\/\/www.europesays.com\/fr\/wp-json\/wp\/v2\/categories?post=560549"},{"taxonomy":"post_tag","embeddable":true,"href":"https:\/\/www.europesays.com\/fr\/wp-json\/wp\/v2\/tags?post=560549"}],"curies":[{"name":"wp","href":"https:\/\/api.w.org\/{rel}","templated":true}]}}