{"id":560556,"date":"2025-11-26T18:46:11","date_gmt":"2025-11-26T18:46:11","guid":{"rendered":"https:\/\/www.europesays.com\/fr\/560556\/"},"modified":"2025-11-26T18:46:11","modified_gmt":"2025-11-26T18:46:11","slug":"la-tour-en-jarez-letrat-le-maire-dune-commune-allemande-jumelee-tire-sa-reverence","status":"publish","type":"post","link":"https:\/\/www.europesays.com\/fr\/560556\/","title":{"rendered":"La Tour-en-Jarez, L&rsquo;Etrat. Le maire d\u2019une commune allemande jumel\u00e9e, tire sa r\u00e9v\u00e9rence"},"content":{"rendered":"<p>Samedi 22\u00a0novembre, Jean-Luc Basson, le maire et son \u00e9pouse, membres de l\u2019association de jumelage L\u2019\u00c9trat, La Tour-en-Jarez et Vorstetten, ont pris le chemin de l\u2019Allemagne pour participer \u00e0 la c\u00e9r\u00e9monie de d\u00e9part du Lars Brugner, le maire du village allemand. Dans la salle Heinz Ritter de V\u00f6rstetten, les applaudissements ont remerci\u00e9 le travail accompli par Lars Br\u00fcgner quittant sa fonction de maire. Un \u00e9lu qui a su cr\u00e9er des liens tr\u00e8s forts entre les trois villages. Plusieurs activit\u00e9s ont anim\u00e9 une soir\u00e9e toute en \u00e9motion.<\/p>\n","protected":false},"excerpt":{"rendered":"Samedi 22\u00a0novembre, Jean-Luc Basson, le maire et son \u00e9pouse, membres de l\u2019association de jumelage L\u2019\u00c9trat, La Tour-en-Jarez et&hellip;\n","protected":false},"author":2,"featured_media":560557,"comment_status":"","ping_status":"","sticky":false,"template":"","format":"standard","meta":{"footnotes":""},"categories":[9653],"tags":[1111,11,2430,7539,1777,674,1011,27,36355,12,25,4001,9664,104,1631],"class_list":{"0":"post-560556","1":"post","2":"type-post","3":"status-publish","4":"format-standard","5":"has-post-thumbnail","7":"category-saint-etienne","8":"tag-actu","9":"tag-actualites","10":"tag-auvergne-rhone-alpes","11":"tag-edition-loire-sud","12":"tag-eu","13":"tag-europe","14":"tag-fr","15":"tag-france","16":"tag-la-tour-en-jarez","17":"tag-news","18":"tag-republique-francaise","19":"tag-saint-etienne","20":"tag-saint-etienne-bassin","21":"tag-societe","22":"tag-vie-associative"},"share_on_mastodon":{"url":"https:\/\/pubeurope.com\/@fr\/115617489515053630","error":""},"_links":{"self":[{"href":"https:\/\/www.europesays.com\/fr\/wp-json\/wp\/v2\/posts\/560556","targetHints":{"allow":["GET"]}}],"collection":[{"href":"https:\/\/www.europesays.com\/fr\/wp-json\/wp\/v2\/posts"}],"about":[{"href":"https:\/\/www.europesays.com\/fr\/wp-json\/wp\/v2\/types\/post"}],"author":[{"embeddable":true,"href":"https:\/\/www.europesays.com\/fr\/wp-json\/wp\/v2\/users\/2"}],"replies":[{"embeddable":true,"href":"https:\/\/www.europesays.com\/fr\/wp-json\/wp\/v2\/comments?post=560556"}],"version-history":[{"count":0,"href":"https:\/\/www.europesays.com\/fr\/wp-json\/wp\/v2\/posts\/560556\/revisions"}],"wp:featuredmedia":[{"embeddable":true,"href":"https:\/\/www.europesays.com\/fr\/wp-json\/wp\/v2\/media\/560557"}],"wp:attachment":[{"href":"https:\/\/www.europesays.com\/fr\/wp-json\/wp\/v2\/media?parent=560556"}],"wp:term":[{"taxonomy":"category","embeddable":true,"href":"https:\/\/www.europesays.com\/fr\/wp-json\/wp\/v2\/categories?post=560556"},{"taxonomy":"post_tag","embeddable":true,"href":"https:\/\/www.europesays.com\/fr\/wp-json\/wp\/v2\/tags?post=560556"}],"curies":[{"name":"wp","href":"https:\/\/api.w.org\/{rel}","templated":true}]}}