{"id":560558,"date":"2025-11-26T18:47:19","date_gmt":"2025-11-26T18:47:19","guid":{"rendered":"https:\/\/www.europesays.com\/fr\/560558\/"},"modified":"2025-11-26T18:47:19","modified_gmt":"2025-11-26T18:47:19","slug":"saint-etienne-la-ville-triplement-recompensee-a-linternational","status":"publish","type":"post","link":"https:\/\/www.europesays.com\/fr\/560558\/","title":{"rendered":"Saint-\u00c9tienne. La Ville triplement r\u00e9compens\u00e9e \u00e0 l\u2019international"},"content":{"rendered":"<p>Wellington, Tallinn, Daegu, Le Cap, Kob\u00e9\u2026 et Saint-\u00c9tienne. Au milieu de ces grandes m\u00e9tropoles mondiales, la ville s\u2019est distingu\u00e9e lors du concours international des LivCom Awards, \u00e0 Istanbul.<\/p>\n<p>Ce concours cr\u00e9\u00e9 en 1997 r\u00e9compense les villes pour leurs politiques en termes de d\u00e9veloppement et d\u2019environnement. Son objectif est de partager et d\u00e9velopper les&#8230;<\/p>\n","protected":false},"excerpt":{"rendered":"Wellington, Tallinn, Daegu, Le Cap, Kob\u00e9\u2026 et Saint-\u00c9tienne. Au milieu de ces grandes m\u00e9tropoles mondiales, la ville s\u2019est&hellip;\n","protected":false},"author":2,"featured_media":560559,"comment_status":"","ping_status":"","sticky":false,"template":"","format":"standard","meta":{"footnotes":""},"categories":[9653],"tags":[1111,11,2430,7539,1777,674,1011,27,12,25,4001,7538,71],"class_list":{"0":"post-560558","1":"post","2":"type-post","3":"status-publish","4":"format-standard","5":"has-post-thumbnail","7":"category-saint-etienne","8":"tag-actu","9":"tag-actualites","10":"tag-auvergne-rhone-alpes","11":"tag-edition-loire-sud","12":"tag-eu","13":"tag-europe","14":"tag-fr","15":"tag-france","16":"tag-news","17":"tag-republique-francaise","18":"tag-saint-etienne","19":"tag-saint-etienne-ville","20":"tag-sante"},"share_on_mastodon":{"url":"https:\/\/pubeurope.com\/@fr\/115617493444145714","error":""},"_links":{"self":[{"href":"https:\/\/www.europesays.com\/fr\/wp-json\/wp\/v2\/posts\/560558","targetHints":{"allow":["GET"]}}],"collection":[{"href":"https:\/\/www.europesays.com\/fr\/wp-json\/wp\/v2\/posts"}],"about":[{"href":"https:\/\/www.europesays.com\/fr\/wp-json\/wp\/v2\/types\/post"}],"author":[{"embeddable":true,"href":"https:\/\/www.europesays.com\/fr\/wp-json\/wp\/v2\/users\/2"}],"replies":[{"embeddable":true,"href":"https:\/\/www.europesays.com\/fr\/wp-json\/wp\/v2\/comments?post=560558"}],"version-history":[{"count":0,"href":"https:\/\/www.europesays.com\/fr\/wp-json\/wp\/v2\/posts\/560558\/revisions"}],"wp:featuredmedia":[{"embeddable":true,"href":"https:\/\/www.europesays.com\/fr\/wp-json\/wp\/v2\/media\/560559"}],"wp:attachment":[{"href":"https:\/\/www.europesays.com\/fr\/wp-json\/wp\/v2\/media?parent=560558"}],"wp:term":[{"taxonomy":"category","embeddable":true,"href":"https:\/\/www.europesays.com\/fr\/wp-json\/wp\/v2\/categories?post=560558"},{"taxonomy":"post_tag","embeddable":true,"href":"https:\/\/www.europesays.com\/fr\/wp-json\/wp\/v2\/tags?post=560558"}],"curies":[{"name":"wp","href":"https:\/\/api.w.org\/{rel}","templated":true}]}}