{"id":560560,"date":"2025-11-26T18:48:19","date_gmt":"2025-11-26T18:48:19","guid":{"rendered":"https:\/\/www.europesays.com\/fr\/560560\/"},"modified":"2025-11-26T18:48:19","modified_gmt":"2025-11-26T18:48:19","slug":"humour-avec-deux-spectacles-improvises","status":"publish","type":"post","link":"https:\/\/www.europesays.com\/fr\/560560\/","title":{"rendered":"Humour avec deux spectacles improvis\u00e9s"},"content":{"rendered":"<p>Improdisiaque pr\u00e9sente deux spectacles improvis\u00e9s, \u00ab\u00a0 Y\u2019a rien qui va \u00a0\u00bb, dans lequel rien ne va pendant la r\u00e9p\u00e9tition d\u2019une pi\u00e8ce de th\u00e9\u00e2tre, entre stress, trous de m\u00e9moires\u2026\u00a0; et \u00ab\u00a0 Impro, gloire et beaut\u00e9 \u00a0\u00bb, un soap opera improvis\u00e9 avec tromperie, fortune, amour bris\u00e9, et autres secrets de famille.<\/p>\n<p class=\"note\">Vendredi 28\u00a0novembre, \u00e0 20\u00a0h\u00a030, \u00e0 la MJC Bazin, 47, rue Henry-Bazin, \u00e0 Nancy. Tarif\u00a0: 8\u00a0\u20ac. R\u00e9servations jusqu\u2019au 27\u00a0novembre sur www.improdisiaque.com<\/p>\n","protected":false},"excerpt":{"rendered":"Improdisiaque pr\u00e9sente deux spectacles improvis\u00e9s, \u00ab\u00a0 Y\u2019a rien qui va \u00a0\u00bb, dans lequel rien ne va pendant la&hellip;\n","protected":false},"author":2,"featured_media":560561,"comment_status":"","ping_status":"","sticky":false,"template":"","format":"standard","meta":{"footnotes":""},"categories":[9635],"tags":[1111,11,1687,1704,1777,674,1011,27,775,1702,1703,12,25,3140],"class_list":{"0":"post-560560","1":"post","2":"type-post","3":"status-publish","4":"format-standard","5":"has-post-thumbnail","7":"category-nancy","8":"tag-actu","9":"tag-actualites","10":"tag-culture-loisirs","11":"tag-edition-nancy-et-agglomeration","12":"tag-eu","13":"tag-europe","14":"tag-fr","15":"tag-france","16":"tag-grand-est","17":"tag-nancy","18":"tag-nancy-ville-54b","19":"tag-news","20":"tag-republique-francaise","21":"tag-spectacle"},"share_on_mastodon":{"url":"https:\/\/pubeurope.com\/@fr\/115617497421174833","error":""},"_links":{"self":[{"href":"https:\/\/www.europesays.com\/fr\/wp-json\/wp\/v2\/posts\/560560","targetHints":{"allow":["GET"]}}],"collection":[{"href":"https:\/\/www.europesays.com\/fr\/wp-json\/wp\/v2\/posts"}],"about":[{"href":"https:\/\/www.europesays.com\/fr\/wp-json\/wp\/v2\/types\/post"}],"author":[{"embeddable":true,"href":"https:\/\/www.europesays.com\/fr\/wp-json\/wp\/v2\/users\/2"}],"replies":[{"embeddable":true,"href":"https:\/\/www.europesays.com\/fr\/wp-json\/wp\/v2\/comments?post=560560"}],"version-history":[{"count":0,"href":"https:\/\/www.europesays.com\/fr\/wp-json\/wp\/v2\/posts\/560560\/revisions"}],"wp:featuredmedia":[{"embeddable":true,"href":"https:\/\/www.europesays.com\/fr\/wp-json\/wp\/v2\/media\/560561"}],"wp:attachment":[{"href":"https:\/\/www.europesays.com\/fr\/wp-json\/wp\/v2\/media?parent=560560"}],"wp:term":[{"taxonomy":"category","embeddable":true,"href":"https:\/\/www.europesays.com\/fr\/wp-json\/wp\/v2\/categories?post=560560"},{"taxonomy":"post_tag","embeddable":true,"href":"https:\/\/www.europesays.com\/fr\/wp-json\/wp\/v2\/tags?post=560560"}],"curies":[{"name":"wp","href":"https:\/\/api.w.org\/{rel}","templated":true}]}}