{"id":560576,"date":"2025-11-26T18:58:56","date_gmt":"2025-11-26T18:58:56","guid":{"rendered":"https:\/\/www.europesays.com\/fr\/560576\/"},"modified":"2025-11-26T18:58:56","modified_gmt":"2025-11-26T18:58:56","slug":"entreprises-une-application-iseroise-contre-le-moustique-tigre-cartonne-hp-grenoble-initie-les-jeunes-a-linformatique-lactu-en-bref","status":"publish","type":"post","link":"https:\/\/www.europesays.com\/fr\/560576\/","title":{"rendered":"Entreprises. Une application is\u00e9roise contre le moustique tigre cartonne, HP Grenoble initie les jeunes \u00e0 l&rsquo;informatique&#8230; : l&rsquo;actu en bref"},"content":{"rendered":"<p>  &#13;<br \/>\n      <a href=\"https:\/\/cdn-s-www.ledauphine.com\/images\/97e00783-352e-4b92-b042-481ce2e3686a\/NW_raw\/moustique-tigre-photo-adobe-stock-1764167725.jpg\" title=\"Moustique tigre. Photo Adobe Stock\" class=\"chocolat-image GA-tracking\" data-ga_type=\"click\" data-ga_category=\"D\u00e9tail\" data-ga_action=\"zoomer\" data-ga_label=\"agrandir image\" target=\"_blank\" rel=\"noopener\">&#13;<br \/>\n          <img loading=\"lazy\" decoding=\"async\" src=\"https:\/\/www.europesays.com\/fr\/wp-content\/uploads\/2025\/11\/moustique-tigre-photo-adobe-stock-1764167725.jpg\" data-mobile=\"NW_listC_M|1764167725\" data-base=\"NW_listC|1764167725\" alt=\"Moustique tigre. Photo Adobe Stock\"\/>&#13;<br \/>\n      <\/a>&#13;<\/p>\n<p>Moustique tigre. Photo Adobe Stock<\/p>\n<p>&#13;<\/p>\n<p>  Is\u00e8re :\u00a0Colnex passe le cap des 10 000 utlisateurs sur son appli contre le moustique tigre<\/p>\n<p>Colnex, start-up\u00a0bas\u00e9e \u00e0\u00a0Meylan qui\u00a0accompagne les collectivit\u00e9s et les acteurs publics avec des outils num\u00e9riques, a annonc\u00e9\u00a0avoir franchi le cap des 10 000 utilisateurs de Zzzapp, son dispositif collaboratif de lutte contre le moustique tigre.\u00a0<\/p>\n<p>Cette application a \u00e9t\u00e9 d\u00e9ploy\u00e9e dans 1 600 villes et 93 d\u00e9partements et permet \u00e0\u00a0chaque habitant d&rsquo;agir autour de son domicile\u00a0en partageant son ressenti de nuisance puis\u00a0en r\u00e9alisant des actions adapt\u00e9es autour de son domicile et avec ses voisins pour limiter la prolif\u00e9ration du moustique tigre.<\/p>\n<p>\u00ab\u00a0Nous avan\u00e7ons gr\u00e2ce aux communes qui font le choix d\u2019impliquer leurs citoyens dans la pr\u00e9vention. Leur confiance cr\u00e9e les premiers r\u00e9sultats concrets, quartier par quartier\u00a0\u00bb, ajoute notamment\u00a0Colnex sur sa page LinkedIn.<\/p>\n<p>  Is\u00e8re :\u00a0HP Grenoble initie les jeunes \u00e0 l&rsquo;informatique<\/p>\n<p>HP France a renouvell\u00e9 sa participation au programme \u00a0\u00bbHour of Code\u00a0\u00bb \u00e0 Paris et Grenoble. Cette op\u00e9ration d\u00e9butera \u00e0 partir du 8 d\u00e9cembre 2025 et se poursuivra jusqu\u2019\u00e0 fin mai 2026.<\/p>\n<p>L&rsquo;objectif est de sensibiliser les \u00e9l\u00e8ves \u00e0 l&rsquo;informatique et \u00e0 ses diff\u00e9rents m\u00e9tiers (notamment les jeunes filles souvent peu repr\u00e9sent\u00e9es dans ces fili\u00e8res (12 % seulement)).<\/p>\n<p>\u00c0\u00a0Grenoble, o\u00f9 l\u2019entreprise dispose d\u2019une forte empreinte locale, l\u2019initiative prend une ampleur plus grande\u00a0chaque ann\u00e9e. Depuis le d\u00e9but du programme, on compte :<\/p>\n<ul>\n<li>Plus de 200 volontaires HP impliqu\u00e9s au niveau r\u00e9gional<\/li>\n<li>190 \u00e9tablissements accompagn\u00e9s (\u00e9coles primaires et coll\u00e8ges)<\/li>\n<li>1106 sessions dispens\u00e9es<\/li>\n<\/ul>\n<p>\u00a0<\/p>\n<p>\u00ab Nous nous devons d\u2019inspirer les g\u00e9n\u00e9rations qui construiront les technologies de demain \u00bb,\u00a0explique Edith Demarle-Massot, responsable\u00a0du projet\u00a0du site HP Grenoble.<\/p>\n<p>  &#13;<br \/>\n      <a href=\"https:\/\/cdn-s-www.ledauphine.com\/images\/8a3223b2-bf9b-405e-9d93-fd752c7182a9\/NW_raw\/le-haut-savoyard-lionel-baud-et-sa-fille-lucie-ont-dispute-le-dakar-2025-avec-cette-mini-photo-l-b-1735498619.jpg\" title=\"Le Haut-Savoyard Lionel Baud et sa fille Lucie\u00a0ont disput\u00e9 le Dakar-2025 avec cette Mini. Photo L.B.\" class=\"chocolat-image GA-tracking\" data-ga_type=\"click\" data-ga_category=\"D\u00e9tail\" data-ga_action=\"zoomer\" data-ga_label=\"agrandir image\" target=\"_blank\" rel=\"noopener\">&#13;<br \/>\n          <img loading=\"lazy\" decoding=\"async\" src=\"https:\/\/www.europesays.com\/fr\/wp-content\/uploads\/2025\/11\/le-haut-savoyard-lionel-baud-et-sa-fille-lucie-ont-dispute-le-dakar-2025-avec-cette-mini-photo-l-b-1.jpeg\" data-mobile=\"NW_listC_M|1735498619\" data-base=\"NW_listC|1735498619\" alt=\"Le Haut-Savoyard Lionel Baud et sa fille Lucie\u00a0ont disput\u00e9 le Dakar-2025 avec cette Mini. Photo L.B.\"\/>&#13;<br \/>\n      <\/a>&#13;<\/p>\n<p>Le Haut-Savoyard Lionel Baud et sa fille Lucie\u00a0ont disput\u00e9 le Dakar-2025 avec cette Mini. Photo L.B.<\/p>\n<p>&#13;<\/p>\n<p>  Haute-Savoie\u00a0:\u00a0Lionel Baud de retour sur le Dakar avec sa fille<\/p>\n<p>Patron de\u00a0Baud Industries, groupe bas\u00e9 \u00e0\u00a0Fillinges\u00a0sp\u00e9cialis\u00e9 dans le d\u00e9colletage et la formation au m\u00e9tier de d\u00e9colleteur,\u00a0Lionel Baud va participer une nouvelle fois au c\u00e9l\u00e8bre rallye-raid\u00a0Dakar.<\/p>\n<p>Le Haut-Savoyard pilotera\u00a0toujours en compagnie de sa fille Lucie. L&rsquo;\u00e9quipage familiale vivant ainsi son 3e Dakar en famille.\u00a0<\/p>\n<p>\u00c0 noter que\u00a0Lionel Baud est par ailleurs\u00a0pr\u00e9sident du conseil d&rsquo;administration de la Banque populaire Auvergne Rh\u00f4ne Alpes.<\/p>\n<p>  &#13;<br \/>\n      <a href=\"https:\/\/cdn-s-www.ledauphine.com\/images\/8c97f7e3-1bc1-43a8-9d11-2faa200c4589\/NW_raw\/photos-cci-grenoble-1764088446.jpg\" title=\"Photos CCI Grenoble.\" class=\"chocolat-image GA-tracking\" data-ga_type=\"click\" data-ga_category=\"D\u00e9tail\" data-ga_action=\"zoomer\" data-ga_label=\"agrandir image\" target=\"_blank\" rel=\"noopener\">&#13;<br \/>\n          <img loading=\"lazy\" decoding=\"async\" src=\"https:\/\/www.europesays.com\/fr\/wp-content\/uploads\/2025\/11\/photos-cci-grenoble-1764088446.jpg\" data-mobile=\"NW_listC_M|1764088446\" data-base=\"NW_listC|1764088446\" alt=\"Photos CCI Grenoble.\"\/>&#13;<br \/>\n      <\/a>&#13;<\/p>\n<p>Photos CCI Grenoble.<\/p>\n<p>&#13;<\/p>\n<p>  Is\u00e8re\u00a0:\u00a0pr\u00e8s de 6 000 visiteurs pour la\u00a0Nuit de l\u2019orientation<\/p>\n<p>La Nuit de l\u2019orientation, organis\u00e9e par\u00a0la CCI de Grenoble et ses partenaires, a\u00a0mobilis\u00e9\u00a0489 professionnels et encadrants pour accueillir pr\u00e8s de 6 000 jeunes et parents au Campus de St-Martin d\u2019H\u00e8res ce vendredi 21 novembre.<\/p>\n<p>Durant la soir\u00e9e,\u00a0260 professionnels d\u2019entreprises grenobloises ont offert des \u00e9changes en speed dating sur leur m\u00e9tier au quotidien et sur leur parcours, en face \u00e0 face 1 jeune\/1 pro. Et\u00a079 conf\u00e9renciers experts ont pr\u00e9sent\u00e9 des fili\u00e8res, des secteurs d\u2019activit\u00e9 : droit, sport, num\u00e9rique, m\u00e9tiers de bouche, informatique, sant\u00e9\u2026 et partag\u00e9 les tendances d&#8217;embauche\u00a0actuelles.<\/p>\n<p>  &#13;<br \/>\n      <a href=\"https:\/\/cdn-s-www.ledauphine.com\/images\/19f12b8d-ab96-4d72-bf06-2a438f17ec2e\/NW_raw\/photo-archives-le-dl-isabelle-davier-1732207757.jpg\" title=\"Photo Archives Le DL\/Isabelle Davier\" class=\"chocolat-image GA-tracking\" data-ga_type=\"click\" data-ga_category=\"D\u00e9tail\" data-ga_action=\"zoomer\" data-ga_label=\"agrandir image\" target=\"_blank\" rel=\"noopener\">&#13;<br \/>\n          <img loading=\"lazy\" decoding=\"async\" src=\"https:\/\/www.europesays.com\/fr\/wp-content\/uploads\/2025\/11\/photo-archives-le-dl-isabelle-davier-1732207757.jpg\" data-mobile=\"NW_listC_M|1732207757\" data-base=\"NW_listC|1732207757\" alt=\"Photo Archives Le DL\/Isabelle Davier\"\/>&#13;<br \/>\n      <\/a>&#13;<\/p>\n<p>Photo Archives Le DL\/Isabelle Davier<\/p>\n<p>&#13;<\/p>\n<p>  Pays de Savoie\u00a0: la\u00a018e \u00e9dition de la \u00a0\u00bbSemaine emploi &amp; entreprise\u00a0\u00bb, c&rsquo;est parti !\u00a0<\/p>\n<p>Le Club des entreprises, l\u2019universit\u00e9 Savoie Mont Blanc (USMB) et son bureau d\u2019aide \u00e0 l\u2019insertion professionnelle organisent comme chaque ann\u00e9e depuis 18 ans, la Semaine emploi &amp; entreprise.\u00a0Il rassemble\u00a0de nombreuses entreprises du territoire et les \u00e9tudiants de l\u2019USMB, de BAC+1 \u00e0 BAC+5.<\/p>\n<p>Deux journ\u00e9es sont pr\u00e9vues de 9h \u00e0 16 h\u00a0: ce mardi 25 novembre \u00e0 Annecy\u00a0(Espace Rencontre d\u2019Annecy-le-Vieux, 39 Rte de Th\u00f4nes) et ce jeudi\u00a027 novembre au Bourget-du-Lac\u00a0(Halle \u00c9mile Allais, 2 Avenue du Lac d\u2019Annecy).<\/p>\n<p>  &#13;<br \/>\n      <a href=\"https:\/\/cdn-s-www.ledauphine.com\/images\/db2a797c-76fe-4f4c-a810-bb1ab5e19b2a\/NW_raw\/title-1764001408.jpg\" title=\"-\" class=\"chocolat-image GA-tracking\" data-ga_type=\"click\" data-ga_category=\"D\u00e9tail\" data-ga_action=\"zoomer\" data-ga_label=\"agrandir image\" target=\"_blank\" rel=\"noopener\">&#13;<br \/>\n          <img loading=\"lazy\" decoding=\"async\" src=\"https:\/\/www.europesays.com\/fr\/wp-content\/uploads\/2025\/11\/title-1764001408.jpg\" data-mobile=\"NW_listC_M|1764001408\" data-base=\"NW_listC|1764001408\" alt=\"-\"\/>&#13;<br \/>\n      <\/a>&#13;<\/p>\n<p>&#8211;<\/p>\n<p>&#13;<\/p>\n<p>  Rh\u00f4ne \/ Is\u00e8re\u00a0:\u00a0le HUB612 recrute\u00a0six start-up\u00a0pour son 6e\u00a0programme d\u2019acc\u00e9l\u00e9ration Start to Scale<\/p>\n<p>Le HUB612, acc\u00e9l\u00e9rateur et fonds d\u2019investissement lyonnais d\u00e9di\u00e9 aux start-up tech B2B et reconnu parmi les 35 meilleurs acc\u00e9l\u00e9rateurs europ\u00e9ens selon EU-Startups, ouvre les candidatures pour la sixi\u00e8me \u00e9dition de son programme d\u2019acc\u00e9l\u00e9ration Start to Scale.<\/p>\n<p>Celui-ci\u00a0s\u2019adresse aux start-up tech B2B qui ont d\u00e9j\u00e0 pos\u00e9 les bases de leur produit et qui souhaitent acc\u00e9l\u00e9rer leur structuration, pour pr\u00e9parer au mieux leur croissance \u00e0 venir.<\/p>\n<p>Pour cette \u00e9dition encore, seules 6 start-up seront retenues. Les candidatures sont ouvertes jusqu\u2019au 6 janvier 2026, pour un lancement du programme pr\u00e9vu le 19 janvier.<\/p>\n<p>Les start-up s\u00e9lectionn\u00e9es b\u00e9n\u00e9ficieront notamment :<br \/>\u25cf D\u2019un accompagnement sur mesure par l&rsquo;\u00e9quipe d&rsquo;experts du HUB612 ;<br \/>\u25cf De la communaut\u00e9 du HUB612 : que ce soit des experts m\u00e9tiers, des alumni, des partenaires ou investisseurs ;<br \/>\u25cf D\u2019un financement potentiel jusqu&rsquo;\u00e0 300K\u20ac via le fonds HUB612 Participations (une startup sur deux financ\u00e9e sur l\u2019ensemble des derni\u00e8res saisons) ;<br \/>\u25cf D\u2019un acc\u00e8s aux bureaux du HUB612 au coeur de Lyon.<\/p>\n","protected":false},"excerpt":{"rendered":"&#13; &#13; &#13; &#13; Moustique tigre. Photo Adobe Stock &#13; Is\u00e8re :\u00a0Colnex passe le cap des 10 000&hellip;\n","protected":false},"author":2,"featured_media":560577,"comment_status":"","ping_status":"","sticky":false,"template":"","format":"standard","meta":{"footnotes":""},"categories":[9566],"tags":[1111,11,2738,4646,2430,9810,2730,33,1777,674,1011,27,2731,4638,693,5015,108,3367,12,25,2429,5508,216],"class_list":{"0":"post-560576","1":"post","2":"type-post","3":"status-publish","4":"format-standard","5":"has-post-thumbnail","7":"category-grenoble","8":"tag-actu","9":"tag-actualites","10":"tag-ain","11":"tag-ardeche","12":"tag-auvergne-rhone-alpes","13":"tag-direct-entreprises","14":"tag-drome","15":"tag-economie","16":"tag-eu","17":"tag-europe","18":"tag-fr","19":"tag-france","20":"tag-grenoble","21":"tag-haute-savoie","22":"tag-industrie","23":"tag-innovation-et-start-up","24":"tag-isere","25":"tag-loire","26":"tag-news","27":"tag-republique-francaise","28":"tag-rhone","29":"tag-savoie","30":"tag-vie-des-entreprises"},"share_on_mastodon":{"url":"https:\/\/pubeurope.com\/@fr\/115617541808943932","error":""},"_links":{"self":[{"href":"https:\/\/www.europesays.com\/fr\/wp-json\/wp\/v2\/posts\/560576","targetHints":{"allow":["GET"]}}],"collection":[{"href":"https:\/\/www.europesays.com\/fr\/wp-json\/wp\/v2\/posts"}],"about":[{"href":"https:\/\/www.europesays.com\/fr\/wp-json\/wp\/v2\/types\/post"}],"author":[{"embeddable":true,"href":"https:\/\/www.europesays.com\/fr\/wp-json\/wp\/v2\/users\/2"}],"replies":[{"embeddable":true,"href":"https:\/\/www.europesays.com\/fr\/wp-json\/wp\/v2\/comments?post=560576"}],"version-history":[{"count":0,"href":"https:\/\/www.europesays.com\/fr\/wp-json\/wp\/v2\/posts\/560576\/revisions"}],"wp:featuredmedia":[{"embeddable":true,"href":"https:\/\/www.europesays.com\/fr\/wp-json\/wp\/v2\/media\/560577"}],"wp:attachment":[{"href":"https:\/\/www.europesays.com\/fr\/wp-json\/wp\/v2\/media?parent=560576"}],"wp:term":[{"taxonomy":"category","embeddable":true,"href":"https:\/\/www.europesays.com\/fr\/wp-json\/wp\/v2\/categories?post=560576"},{"taxonomy":"post_tag","embeddable":true,"href":"https:\/\/www.europesays.com\/fr\/wp-json\/wp\/v2\/tags?post=560576"}],"curies":[{"name":"wp","href":"https:\/\/api.w.org\/{rel}","templated":true}]}}