{"id":560578,"date":"2025-11-26T19:00:36","date_gmt":"2025-11-26T19:00:36","guid":{"rendered":"https:\/\/www.europesays.com\/fr\/560578\/"},"modified":"2025-11-26T19:00:36","modified_gmt":"2025-11-26T19:00:36","slug":"recensement-de-la-population-grenobloise-2026","status":"publish","type":"post","link":"https:\/\/www.europesays.com\/fr\/560578\/","title":{"rendered":"Recensement de la population grenobloise 2026"},"content":{"rendered":"<p>Dans notre commune, le recensement de la population a lieu tous les ans. Chaque ann\u00e9e, un \u00e9chantillon diff\u00e9rent de logements est recens\u00e9. Si vous habitez un de ces logements, une lettre du maire sera d\u00e9pos\u00e9e dans votre bo\u00eete aux lettres pour vous informer de l\u2019op\u00e9ration. Puis, un agent recenseur, recrut\u00e9 par la commune, vous fournira une notice internet, soit dans votre bo\u00eete aux lettres, soit en mains propres. Suivez simplement les instructions qui y sont indiqu\u00e9es pour vous recenser en ligne. Ce document est indispensable, gardez-le pr\u00e9cieusement. Se recenser en ligne est plus simple et plus rapide pour vous, et \u00e9galement plus \u00e9conomique pour la commune. Moins de formulaires imprim\u00e9s, c\u2019est aussi plus responsable pour l\u2019environnement.<\/p>\n<p>Si vous ne pouvez pas r\u00e9pondre en ligne, des questionnaires papier pourront vous \u00eatre remis par l\u2019agent recenseur \u00e0 votre demande.<\/p>\n<p> Pourquoi \u00eates-vous recens\u00e9s ? <\/p>\n<p>Le recensement de la population permet de savoir combien de personnes vivent en France et d\u2019\u00e9tablir la population officielle de chaque commune. Le recensement de la population fournit \u00e9galement des statistiques sur la population : \u00e2ge, profession, moyens de transport utilis\u00e9s, et sur les logements\u2026<\/p>\n<p>Les r\u00e9sultats du recensement de la population sont essentiels pour la vie de la commune.<\/p>\n<p>Ils permettent de :<\/p>\n<ol>\n<li>D\u00e9terminer la participation de l\u2019\u00c9tat au budget de notre commune : plus la commune est peupl\u00e9e, plus cette dotation est importante ! R\u00e9pondre au recensement, c\u2019est donc permettre \u00e0 la commune de disposer des ressources financi\u00e8res n\u00e9cessaires \u00e0 son fonctionnement.<\/li>\n<li>D\u00e9finir le nombre d\u2019\u00e9lus au conseil municipal, le mode de scrutin, le nombre de pharmacies\u2026<\/li>\n<li>Identifier les besoins en termes d\u2019\u00e9quipements publics collectifs (transports, \u00e9coles, maisons de retraite, structures sportives, etc.), de commerces, de logements\u2026 par exemple, modifier une ligne de bus, ouvrir une classe, d\u00e9velopper certains services, etc.<\/li>\n<\/ol>\n<p>Pour toute information concernant le recensement dans notre commune, veuillez contacter la Mairie \u2013 Unit\u00e9 recensement : 04 76 76 36 36<\/p>\n","protected":false},"excerpt":{"rendered":"Dans notre commune, le recensement de la population a lieu tous les ans. Chaque ann\u00e9e, un \u00e9chantillon diff\u00e9rent&hellip;\n","protected":false},"author":2,"featured_media":560579,"comment_status":"","ping_status":"","sticky":false,"template":"","format":"standard","meta":{"footnotes":""},"categories":[9566],"tags":[1111,11,2430,1777,674,1011,27,2731,12,25],"class_list":{"0":"post-560578","1":"post","2":"type-post","3":"status-publish","4":"format-standard","5":"has-post-thumbnail","7":"category-grenoble","8":"tag-actu","9":"tag-actualites","10":"tag-auvergne-rhone-alpes","11":"tag-eu","12":"tag-europe","13":"tag-fr","14":"tag-france","15":"tag-grenoble","16":"tag-news","17":"tag-republique-francaise"},"share_on_mastodon":{"url":"https:\/\/pubeurope.com\/@fr\/115617544470629556","error":""},"_links":{"self":[{"href":"https:\/\/www.europesays.com\/fr\/wp-json\/wp\/v2\/posts\/560578","targetHints":{"allow":["GET"]}}],"collection":[{"href":"https:\/\/www.europesays.com\/fr\/wp-json\/wp\/v2\/posts"}],"about":[{"href":"https:\/\/www.europesays.com\/fr\/wp-json\/wp\/v2\/types\/post"}],"author":[{"embeddable":true,"href":"https:\/\/www.europesays.com\/fr\/wp-json\/wp\/v2\/users\/2"}],"replies":[{"embeddable":true,"href":"https:\/\/www.europesays.com\/fr\/wp-json\/wp\/v2\/comments?post=560578"}],"version-history":[{"count":0,"href":"https:\/\/www.europesays.com\/fr\/wp-json\/wp\/v2\/posts\/560578\/revisions"}],"wp:featuredmedia":[{"embeddable":true,"href":"https:\/\/www.europesays.com\/fr\/wp-json\/wp\/v2\/media\/560579"}],"wp:attachment":[{"href":"https:\/\/www.europesays.com\/fr\/wp-json\/wp\/v2\/media?parent=560578"}],"wp:term":[{"taxonomy":"category","embeddable":true,"href":"https:\/\/www.europesays.com\/fr\/wp-json\/wp\/v2\/categories?post=560578"},{"taxonomy":"post_tag","embeddable":true,"href":"https:\/\/www.europesays.com\/fr\/wp-json\/wp\/v2\/tags?post=560578"}],"curies":[{"name":"wp","href":"https:\/\/api.w.org\/{rel}","templated":true}]}}