{"id":560580,"date":"2025-11-26T19:02:14","date_gmt":"2025-11-26T19:02:14","guid":{"rendered":"https:\/\/www.europesays.com\/fr\/560580\/"},"modified":"2025-11-26T19:02:14","modified_gmt":"2025-11-26T19:02:14","slug":"une-voiture-percute-un-pieton-rue-de-chateaugiron-les-pompiers-sur-place","status":"publish","type":"post","link":"https:\/\/www.europesays.com\/fr\/560580\/","title":{"rendered":"une voiture percute un pi\u00e9ton rue de Ch\u00e2teaugiron, les pompiers sur place"},"content":{"rendered":"<p>                    Par<br \/>\n        <strong><br \/>\n            <a href=\"https:\/\/actu.fr\/auteur\/laurene-fertin\" title=\"Consulter tous les articles de Laur\u00e8ne Fertin\" target=\"_blank\" rel=\"noopener\">Laur\u00e8ne Fertin<\/a><br \/>\n                    <\/strong><\/p>\n<p>        Publi\u00e9 le<\/p>\n<p>            26 nov. 2025 \u00e0 18h52        <\/p>\n<p>Un accident corporel s\u2019est produit, ce mercredi 26 novembre 2025, aux alentours de 18h15, <strong>dans la rue de Ch\u00e2teaugiron<\/strong>, au sud-est de Rennes.<\/p>\n<p class=\" wall-content\"><strong>Une voiture a percut\u00e9 un pi\u00e9ton<\/strong> au niveau de la boulangerie Ange, non loin du Supermarch\u00e9 G20.\u00a0<strong>Pompiers<\/strong> et <strong>police<\/strong> ont s\u00e9curis\u00e9 les lieux et proc\u00e9d\u00e9 aux gestes de premier secours.<\/p>\n<p>Le pi\u00e9ton bless\u00e9<\/p>\n<p class=\" wall-content\">La victime, <strong>consciente<\/strong> mais <strong>bless\u00e9e,<\/strong> a \u00e9t\u00e9 transport\u00e9e d\u2019urgence au CHU de Rennes. Pour le moment, <strong>les circonstances de l\u2019accident<\/strong> restent \u00e0 d\u00e9terminer.<\/p>\n<p class=\" wall-content\">Le 15 janvier dernier, exactement au m\u00eame endroit, <a href=\"https:\/\/actu.fr\/bretagne\/rennes_35238\/accident-entre-un-velo-et-un-car-rue-de-chateaugiron-a-rennes-le-cycliste-est-mort_62120735.html\" target=\"_blank\" rel=\"noopener\">un cycliste avait trouv\u00e9 la mort alors qu\u2019un bus l\u2019avait percut\u00e9<\/a>.<\/p>\n<p class=\" wall-content\">Personnalisez votre actualit\u00e9 en ajoutant vos villes et m\u00e9dias en favori avec <a href=\"https:\/\/moncompte.actu.fr\" title=\"D\u00e9couvez Mon Actu\" rel=\"nofollow noopener\" data-trk=\"{&quot;cta&quot;:{&quot;action&quot;:&quot;https:\\\/\\\/moncompte.actu.fr&quot;,&quot;category&quot;:&quot;mon compte&quot;,&quot;from&quot;:&quot;article footer&quot;,&quot;name&quot;:&quot;Mon actu&quot;,&quot;type&quot;:&quot;cta&quot;}}\" target=\"_blank\">Mon Actu<\/a>.<\/p>\n","protected":false},"excerpt":{"rendered":"Par Laur\u00e8ne Fertin Publi\u00e9 le 26 nov. 2025 \u00e0 18h52 Un accident corporel s\u2019est produit, ce mercredi 26&hellip;\n","protected":false},"author":2,"featured_media":560581,"comment_status":"","ping_status":"","sticky":false,"template":"","format":"standard","meta":{"footnotes":""},"categories":[2821],"tags":[1111,11,829,1777,674,118,1011,27,12,1072,1311,584,25],"class_list":{"0":"post-560580","1":"post","2":"type-post","3":"status-publish","4":"format-standard","5":"has-post-thumbnail","7":"category-rennes","8":"tag-actu","9":"tag-actualites","10":"tag-bretagne","11":"tag-eu","12":"tag-europe","13":"tag-faits-divers","14":"tag-fr","15":"tag-france","16":"tag-news","17":"tag-police","18":"tag-pompiers","19":"tag-rennes","20":"tag-republique-francaise"},"share_on_mastodon":{"url":"https:\/\/pubeurope.com\/@fr\/115617552498080085","error":""},"_links":{"self":[{"href":"https:\/\/www.europesays.com\/fr\/wp-json\/wp\/v2\/posts\/560580","targetHints":{"allow":["GET"]}}],"collection":[{"href":"https:\/\/www.europesays.com\/fr\/wp-json\/wp\/v2\/posts"}],"about":[{"href":"https:\/\/www.europesays.com\/fr\/wp-json\/wp\/v2\/types\/post"}],"author":[{"embeddable":true,"href":"https:\/\/www.europesays.com\/fr\/wp-json\/wp\/v2\/users\/2"}],"replies":[{"embeddable":true,"href":"https:\/\/www.europesays.com\/fr\/wp-json\/wp\/v2\/comments?post=560580"}],"version-history":[{"count":0,"href":"https:\/\/www.europesays.com\/fr\/wp-json\/wp\/v2\/posts\/560580\/revisions"}],"wp:featuredmedia":[{"embeddable":true,"href":"https:\/\/www.europesays.com\/fr\/wp-json\/wp\/v2\/media\/560581"}],"wp:attachment":[{"href":"https:\/\/www.europesays.com\/fr\/wp-json\/wp\/v2\/media?parent=560580"}],"wp:term":[{"taxonomy":"category","embeddable":true,"href":"https:\/\/www.europesays.com\/fr\/wp-json\/wp\/v2\/categories?post=560580"},{"taxonomy":"post_tag","embeddable":true,"href":"https:\/\/www.europesays.com\/fr\/wp-json\/wp\/v2\/tags?post=560580"}],"curies":[{"name":"wp","href":"https:\/\/api.w.org\/{rel}","templated":true}]}}