{"id":560582,"date":"2025-11-26T19:03:12","date_gmt":"2025-11-26T19:03:12","guid":{"rendered":"https:\/\/www.europesays.com\/fr\/560582\/"},"modified":"2025-11-26T19:03:12","modified_gmt":"2025-11-26T19:03:12","slug":"tous-au-stade-pour-metz-rennes-football-club-de-metz-infos-fc-metz-entrainements-fc-metz-2","status":"publish","type":"post","link":"https:\/\/www.europesays.com\/fr\/560582\/","title":{"rendered":"Tous au Stade pour Metz &#8211; Rennes | Football Club de Metz &#8211; Infos FC Metz &#8211; Entra\u00eenements FC Metz"},"content":{"rendered":"<p>\t\tActualit\u00e9s\n<\/p>\n<p>C&rsquo;est un rendez-vous devenu habituel ! Chaque ann\u00e9e,\u00a0les joueurs messins se rendent dans vos hypermarch\u00e9s Leclerc, partenaire majeur du club \u00e0 la&#8230;<\/p>\n<p><a href=\"https:\/\/www.fcmetz.com\/2025-2026\/actualites\/equipe-pro\/les-grenats-en-dedicaces-le-mercredi-3-decembre\" class=\"btn-or-xs\" target=\"_blank\" rel=\"noopener\">Lire la suite<\/a>\t\t\t<\/p>\n<p>\t \tAlbum photos\n<\/p>\n<p>Le travail se poursuit sur les terrains de Frescaty avec la r\u00e9ception du Stade rennais dans le viseur. D\u00e9couvrez les clich\u00e9s de la s\u00e9ance du jour.\n<\/p>\n<p><a href=\"https:\/\/www.fcmetz.com\/2025-2026\/actualites\/equipe-pro\/la-seance-du-jour-en-images-7\" class=\"btn-or-xs\" target=\"_blank\" rel=\"noopener\">Lire la suite<\/a>\t\t\t<\/p>\n","protected":false},"excerpt":{"rendered":"Actualit\u00e9s C&rsquo;est un rendez-vous devenu habituel ! Chaque ann\u00e9e,\u00a0les joueurs messins se rendent dans vos hypermarch\u00e9s Leclerc, partenaire&hellip;\n","protected":false},"author":2,"featured_media":560583,"comment_status":"","ping_status":"","sticky":false,"template":"","format":"standard","meta":{"footnotes":""},"categories":[2821],"tags":[1111,11,829,19298,1777,674,1011,27,19297,12,584,25,19299],"class_list":{"0":"post-560582","1":"post","2":"type-post","3":"status-publish","4":"format-standard","5":"has-post-thumbnail","7":"category-rennes","8":"tag-actu","9":"tag-actualites","10":"tag-bretagne","11":"tag-entrainements-fc-metz","12":"tag-eu","13":"tag-europe","14":"tag-fr","15":"tag-france","16":"tag-infos-fc-metz","17":"tag-news","18":"tag-rennes","19":"tag-republique-francaise","20":"tag-videos-fc-metz"},"share_on_mastodon":{"url":"https:\/\/pubeurope.com\/@fr\/115617556455565002","error":""},"_links":{"self":[{"href":"https:\/\/www.europesays.com\/fr\/wp-json\/wp\/v2\/posts\/560582","targetHints":{"allow":["GET"]}}],"collection":[{"href":"https:\/\/www.europesays.com\/fr\/wp-json\/wp\/v2\/posts"}],"about":[{"href":"https:\/\/www.europesays.com\/fr\/wp-json\/wp\/v2\/types\/post"}],"author":[{"embeddable":true,"href":"https:\/\/www.europesays.com\/fr\/wp-json\/wp\/v2\/users\/2"}],"replies":[{"embeddable":true,"href":"https:\/\/www.europesays.com\/fr\/wp-json\/wp\/v2\/comments?post=560582"}],"version-history":[{"count":0,"href":"https:\/\/www.europesays.com\/fr\/wp-json\/wp\/v2\/posts\/560582\/revisions"}],"wp:featuredmedia":[{"embeddable":true,"href":"https:\/\/www.europesays.com\/fr\/wp-json\/wp\/v2\/media\/560583"}],"wp:attachment":[{"href":"https:\/\/www.europesays.com\/fr\/wp-json\/wp\/v2\/media?parent=560582"}],"wp:term":[{"taxonomy":"category","embeddable":true,"href":"https:\/\/www.europesays.com\/fr\/wp-json\/wp\/v2\/categories?post=560582"},{"taxonomy":"post_tag","embeddable":true,"href":"https:\/\/www.europesays.com\/fr\/wp-json\/wp\/v2\/tags?post=560582"}],"curies":[{"name":"wp","href":"https:\/\/api.w.org\/{rel}","templated":true}]}}