{"id":560584,"date":"2025-11-26T19:04:25","date_gmt":"2025-11-26T19:04:25","guid":{"rendered":"https:\/\/www.europesays.com\/fr\/560584\/"},"modified":"2025-11-26T19:04:25","modified_gmt":"2025-11-26T19:04:25","slug":"strasbourg-apres-une-greve-de-la-faim-vanessa-kohler-integree-a-leducation-nationale","status":"publish","type":"post","link":"https:\/\/www.europesays.com\/fr\/560584\/","title":{"rendered":"Strasbourg. Apr\u00e8s une gr\u00e8ve de la faim, Vanessa Kohler int\u00e9gr\u00e9e \u00e0 l\u2019\u00c9ducation nationale"},"content":{"rendered":"<p>Onzi\u00e8me sur liste compl\u00e9mentaire apr\u00e8s le concours de professeur des \u00e9coles, la jeune Strasbourgeoise refusait depuis la rentr\u00e9e les postes de contractuels que lui proposait le rectorat faute de poste p\u00e9renne disponible dans l\u2019acad\u00e9mie. Elle avait entam\u00e9 une gr\u00e8ve de la faim <a href=\"https:\/\/www.dna.fr\/2025\/10\/28\/une-greve-de-la-faim-pour-alerter-sur-les-problemes-de-recrutement-dans-l-enseignement\" target=\"_blank\" rel=\"noopener\">le 28\u00a0octobre<\/a> , devant le rectorat de Strasbourg, dans <a href=\"https:\/\/www.dna.fr\/education\/2025\/11\/03\/apres-une-semaine-de-greve-de-la-faim-vanessa-koehler-dans-un-etat-tres-faible\" target=\"_blank\" rel=\"noopener\">l\u2019espoir d\u2019\u00eatre entendue<\/a>. Mouvement suspendu le 15\u00a0novembre apr\u00e8s plusieurs \u00e9changes avec le rectorat. Lundi 24\u00a0novembre, un ultime rendez-vous a d\u00e9nou\u00e9 sa situation. Vanessa Kohler a appris qu\u2019elle \u00e9tait titularis\u00e9e en tant que professeure stagiaire. Contact\u00e9, le rectorat n\u2019a pas souhait\u00e9 expliciter sa d\u00e9cision.<\/p>\n","protected":false},"excerpt":{"rendered":"Onzi\u00e8me sur liste compl\u00e9mentaire apr\u00e8s le concours de professeur des \u00e9coles, la jeune Strasbourgeoise refusait depuis la rentr\u00e9e&hellip;\n","protected":false},"author":2,"featured_media":560585,"comment_status":"","ping_status":"","sticky":false,"template":"","format":"standard","meta":{"footnotes":""},"categories":[2820],"tags":[1111,11,2389,2649,2880,1057,1777,674,274,107,1011,27,775,12,25,640,2879],"class_list":{"0":"post-560584","1":"post","2":"type-post","3":"status-publish","4":"format-standard","5":"has-post-thumbnail","7":"category-strasbourg","8":"tag-actu","9":"tag-actualites","10":"tag-alsace","11":"tag-bas-rhin","12":"tag-edition-strasbourg","13":"tag-education","14":"tag-eu","15":"tag-europe","16":"tag-faits-divers-justice","17":"tag-fil-info","18":"tag-fr","19":"tag-france","20":"tag-grand-est","21":"tag-news","22":"tag-republique-francaise","23":"tag-strasbourg","24":"tag-strasbourg-ville"},"share_on_mastodon":{"url":"https:\/\/pubeurope.com\/@fr\/115617560274394843","error":""},"_links":{"self":[{"href":"https:\/\/www.europesays.com\/fr\/wp-json\/wp\/v2\/posts\/560584","targetHints":{"allow":["GET"]}}],"collection":[{"href":"https:\/\/www.europesays.com\/fr\/wp-json\/wp\/v2\/posts"}],"about":[{"href":"https:\/\/www.europesays.com\/fr\/wp-json\/wp\/v2\/types\/post"}],"author":[{"embeddable":true,"href":"https:\/\/www.europesays.com\/fr\/wp-json\/wp\/v2\/users\/2"}],"replies":[{"embeddable":true,"href":"https:\/\/www.europesays.com\/fr\/wp-json\/wp\/v2\/comments?post=560584"}],"version-history":[{"count":0,"href":"https:\/\/www.europesays.com\/fr\/wp-json\/wp\/v2\/posts\/560584\/revisions"}],"wp:featuredmedia":[{"embeddable":true,"href":"https:\/\/www.europesays.com\/fr\/wp-json\/wp\/v2\/media\/560585"}],"wp:attachment":[{"href":"https:\/\/www.europesays.com\/fr\/wp-json\/wp\/v2\/media?parent=560584"}],"wp:term":[{"taxonomy":"category","embeddable":true,"href":"https:\/\/www.europesays.com\/fr\/wp-json\/wp\/v2\/categories?post=560584"},{"taxonomy":"post_tag","embeddable":true,"href":"https:\/\/www.europesays.com\/fr\/wp-json\/wp\/v2\/tags?post=560584"}],"curies":[{"name":"wp","href":"https:\/\/api.w.org\/{rel}","templated":true}]}}