{"id":560590,"date":"2025-11-26T19:07:12","date_gmt":"2025-11-26T19:07:12","guid":{"rendered":"https:\/\/www.europesays.com\/fr\/560590\/"},"modified":"2025-11-26T19:07:12","modified_gmt":"2025-11-26T19:07:12","slug":"fc-porto-ogc-nice-ma-facon-de-parler-peut-crisper-au-club-assume-franck-haise","status":"publish","type":"post","link":"https:\/\/www.europesays.com\/fr\/560590\/","title":{"rendered":"FC Porto &#8211; OGC Nice\u00a0: \u00ab\u00a0Ma fa\u00e7on de parler peut crisper au club\u00a0\u00bb assume Franck Haise"},"content":{"rendered":"<p>;L&rsquo;OGC Nice se d\u00e9place ce jeudi soir sur la pelouse du FC Porto en Europa Ligue. D\u00e9j\u00e0 le match de la derni\u00e8re chance apr\u00e8s quatre revers dans la comp\u00e9tition. Le Gym doit aussi se racheter de la claque re\u00e7ue face \u00e0 l&rsquo;OM (1-5). Et effacer, enfin, la s\u00e9rie noire de 15 matchs sans victoire en Europe. <\/p>\n<p>Quatre revers en quatre matchs cette saison en Ligue Europa. Auxquels il faut rajouter les deux d\u00e9faites face \u00e0 Benfica au mois d&rsquo;ao\u00fbt pour refermer les portes de la Ligue des Champions. Les huit matchs de la phase de Ligue travers\u00e9e comme une ombre par les Aiglons la saison derni\u00e8re. Et enfin les deux cicatrices de B\u00e2le au printemps 2022. La mauvaise blague a assez dur\u00e9. Quel que soit l&rsquo;\u00e9tat de forme des Aiglons et le pedigree de l&rsquo;adversaire, l&rsquo;id\u00e9e est bien de mettre un terme, une bonne fois pour toute, \u00e0 cette s\u00e9rie noire de seize rencontres sans succ\u00e8s en Europe. Pour \u00e9viter d&rsquo;\u00e9galer le triste record de Lille, rest\u00e9 17 matchs sans victoire au milieu des ann\u00e9es 2010. \u00ab\u00a0J&rsquo;ai \u00e9t\u00e9 plus affect\u00e9 apr\u00e8s le match de Fribourg par cette s\u00e9rie,\u00a0\u00bb \u00e9vacue le milieu Sofiane Diop. \u00ab\u00a0Mais aujourd&rsquo;hui je n&rsquo;ai pas trop envie d&rsquo;y penser. J&rsquo;ai envie d&rsquo;agir. On est venu l\u00e0 pour gagner. On a un gros match face \u00e0 un tr\u00e8s bel adversaire. C&rsquo;est des matchs que j&rsquo;aime jouer et on donnera le maximum en respectant le plan de jeu.\u00a0\u00bb<\/p>\n<p>Le Gym reste sur une d\u00e9faite tr\u00e8s douloureuse face \u00e0 l&rsquo;OM (1-5) et doit s&rsquo;en servir pour aborder ce match avec l&rsquo;esprit de revanche. \u00ab\u00a0On a discut\u00e9 avec certains depuis ce match,\u00a0\u00bb poursuit Diop. \u00ab\u00a0Ce matin on a aussi revu le match \u00e0 la vid\u00e9o et il y a des choses flagrantes. Il faut en faire plus. On a des r\u00e9sultats qui ne sont pas bons. Il faut qu&rsquo;on soit tous soud\u00e9s pour qu&rsquo;on renverse cette situation.\u00a0\u00bb<\/p>\n<p>\u00ab\u00a0Je pense que Dante peut d\u00e9buter\u00a0\u00bb<\/p>\n<p>\u00ab\u00a0C&rsquo;\u00e9tait sur le plan tactique qu&rsquo;on a voulu mettre l&rsquo;accent dans cette s\u00e9ance vid\u00e9o,\u00a0\u00bb explique Franck Haise. \u00ab\u00a0Et apr\u00e8s oui dans les attitudes on ne peut pas faire l&rsquo;\u00e9conomie de certains efforts. Dans le match de Marseille, on n&rsquo;avait jamais \u00e9t\u00e9 aussi performant dans certains domaines comme la r\u00e9cup\u00e9ration haute. Depuis, j&rsquo;ai vu une r\u00e9action apr\u00e8s ce match et \u00e7a c&rsquo;est d\u00e9j\u00e0 une bonne chose. C&rsquo;est difficile pour beaucoup au club mais c&rsquo;est aussi ensemble qu&rsquo;on y arrivera. Qu&rsquo;il y ait une crise de r\u00e9sultats oui, on est \u00e0 quatre d\u00e9faites de suite et quatre d\u00e9faites en Europa Ligue. Mais on est au milieu de tableau en Ligue 1. On doit se dire les choses avec franchise. C&rsquo;est ma seule fa\u00e7on de voir et d&rsquo;\u00eatre avec les joueurs. Parfois \u00e7a peut crisper. Que ce soit chez les joueurs ou dans la direction du club. Mais \u00e7a ne me pose pas tant de probl\u00e8mes que \u00e7a parce que c&rsquo;est dans le bien du club.\u00a0\u00bb<\/p>\n<p>Absents de la feuille de match face \u00e0 l&rsquo;OM, Dante et Ndombele ont fait le d\u00e9placement et figurent dans le groupe d\u00e9voil\u00e9 par le club ce mercredi. \u00ab\u00a0Oui Dante et Ndombele sont en mesure de tenir leur place. Je pense que Dante peut d\u00e9buter oui. En dehors des bless\u00e9s de longue date tout le monde est l\u00e0. Concernant Morgan Sanson, c&rsquo;est vrai qu&rsquo;il joue plus en Europe qu&rsquo;en Ligue 1. Il aura l&rsquo;occasion de jouer demain. Depuis 15 jours il est performant \u00e0 l&rsquo;entrainement. Il retrouve du coffre, du volume, des jambes. Je m&rsquo;\u00e9tais interrog\u00e9 face \u00e0 Marseille de le faire d\u00e9marrer. Sur ce d\u00e9but de saison il vient de vivre ses deux semaines et demi les plus satisfaisantes.\u00a0\u00bb<\/p>\n","protected":false},"excerpt":{"rendered":";L&rsquo;OGC Nice se d\u00e9place ce jeudi soir sur la pelouse du FC Porto en Europa Ligue. D\u00e9j\u00e0 le&hellip;\n","protected":false},"author":2,"featured_media":560591,"comment_status":"","ping_status":"","sticky":false,"template":"","format":"standard","meta":{"footnotes":""},"categories":[2819],"tags":[1111,11,1777,674,1011,27,12,2401,882,25],"class_list":{"0":"post-560590","1":"post","2":"type-post","3":"status-publish","4":"format-standard","5":"has-post-thumbnail","7":"category-nice","8":"tag-actu","9":"tag-actualites","10":"tag-eu","11":"tag-europe","12":"tag-fr","13":"tag-france","14":"tag-news","15":"tag-nice","16":"tag-provence-alpes-cote-dazur","17":"tag-republique-francaise"},"share_on_mastodon":{"url":"https:\/\/pubeurope.com\/@fr\/115617572141123118","error":""},"_links":{"self":[{"href":"https:\/\/www.europesays.com\/fr\/wp-json\/wp\/v2\/posts\/560590","targetHints":{"allow":["GET"]}}],"collection":[{"href":"https:\/\/www.europesays.com\/fr\/wp-json\/wp\/v2\/posts"}],"about":[{"href":"https:\/\/www.europesays.com\/fr\/wp-json\/wp\/v2\/types\/post"}],"author":[{"embeddable":true,"href":"https:\/\/www.europesays.com\/fr\/wp-json\/wp\/v2\/users\/2"}],"replies":[{"embeddable":true,"href":"https:\/\/www.europesays.com\/fr\/wp-json\/wp\/v2\/comments?post=560590"}],"version-history":[{"count":0,"href":"https:\/\/www.europesays.com\/fr\/wp-json\/wp\/v2\/posts\/560590\/revisions"}],"wp:featuredmedia":[{"embeddable":true,"href":"https:\/\/www.europesays.com\/fr\/wp-json\/wp\/v2\/media\/560591"}],"wp:attachment":[{"href":"https:\/\/www.europesays.com\/fr\/wp-json\/wp\/v2\/media?parent=560590"}],"wp:term":[{"taxonomy":"category","embeddable":true,"href":"https:\/\/www.europesays.com\/fr\/wp-json\/wp\/v2\/categories?post=560590"},{"taxonomy":"post_tag","embeddable":true,"href":"https:\/\/www.europesays.com\/fr\/wp-json\/wp\/v2\/tags?post=560590"}],"curies":[{"name":"wp","href":"https:\/\/api.w.org\/{rel}","templated":true}]}}