{"id":560594,"date":"2025-11-26T19:09:38","date_gmt":"2025-11-26T19:09:38","guid":{"rendered":"https:\/\/www.europesays.com\/fr\/560594\/"},"modified":"2025-11-26T19:09:38","modified_gmt":"2025-11-26T19:09:38","slug":"nantes-battu-par-le-maccabi-haifa-au-3e-tour-preliminaire-aller","status":"publish","type":"post","link":"https:\/\/www.europesays.com\/fr\/560594\/","title":{"rendered":"Nantes battu par le Maccabi Ha\u00effa au 3e tour pr\u00e9liminaire aller"},"content":{"rendered":"<p>Les Canaris devront faire le travail \u00e0 la maison. Apr\u00e8s avoir \u00e9cart\u00e9 sans trop de soucis <a href=\"https:\/\/www.footmercato.net\/a499032185942449460-youth-league-le-fc-nantes-qualifie-pour-le-troisieme-tour-preliminaire\" target=\"_blank\" rel=\"noopener\">le club de Sabah Baku<\/a> (Azerba\u00efdjan) lors du 2e tour pr\u00e9liminaire de Youth League (7-1 score cumul\u00e9), les joueurs de St\u00e9phane Moreau ont chut\u00e9 lors de leur troisi\u00e8me tour aller face au Maccabi Ha\u00effa (1-0). Une d\u00e9faite subie en Hongrie sur terrain neutre et dans des conditions m\u00e9t\u00e9orologiques pas \u00e9videntes, puisque des chutes de neige avaient touch\u00e9 la ville de Gy\u00f6r hier.<\/p>\n<p>            La suite apr\u00e8s cette publicit\u00e9<\/p>\n<p>L\u2019unique but de la rencontre a \u00e9t\u00e9 marqu\u00e9 par Niv Gabay en premi\u00e8re p\u00e9riode (28e, 1-0). Deux ans apr\u00e8s la g\u00e9n\u00e9ration des Louis Leroux, Herba Guirassy ou Dehmaine Tabibou &#8211; qui avait atteint les 1\/2 finale de Youth League (d\u00e9faite 3-1 aux tirs au but) &#8211; les Nantais tenteront de recr\u00e9er l\u2019exploit. Il faudra, pour \u00e7a, s\u2019imposer au match retour \u00e0 la Beaujoire dans quinze jours (le match se jouera \u00e0 huis clos). Pour rappel, <a href=\"https:\/\/www.footmercato.net\/club\/fc-nantes-u19\/\" target=\"_blank\" rel=\"noopener\">Nantes<\/a>, champion de France Ut19 la saison pass\u00e9e, participe \u00e0 la Youth League via la voie des champions nationaux. En cas de qualification, les Nantais rejoindront la phase finale de la comp\u00e9tition, que le PSG devrait \u00e9galement rallier gr\u00e2ce \u00e0 sa <a href=\"https:\/\/www.footmercato.net\/europe\/uefa-youth-league\/classement\" target=\"_blank\" rel=\"noopener\">9e place<\/a> en phase de Ligue.<\/p>\n<p>\n    Pub. le 26\/11\/2025 19:17<br \/>\n            &#8211; MAJ le 26\/11\/2025 20:05\n    <\/p>\n","protected":false},"excerpt":{"rendered":"Les Canaris devront faire le travail \u00e0 la maison. Apr\u00e8s avoir \u00e9cart\u00e9 sans trop de soucis le club&hellip;\n","protected":false},"author":2,"featured_media":560595,"comment_status":"","ping_status":"","sticky":false,"template":"","format":"standard","meta":{"footnotes":""},"categories":[2818],"tags":[1111,11,1777,674,1011,27,766,12,2636,25],"class_list":{"0":"post-560594","1":"post","2":"type-post","3":"status-publish","4":"format-standard","5":"has-post-thumbnail","7":"category-nantes","8":"tag-actu","9":"tag-actualites","10":"tag-eu","11":"tag-europe","12":"tag-fr","13":"tag-france","14":"tag-nantes","15":"tag-news","16":"tag-pays-de-la-loire","17":"tag-republique-francaise"},"share_on_mastodon":{"url":"https:\/\/pubeurope.com\/@fr\/115617579984691784","error":""},"_links":{"self":[{"href":"https:\/\/www.europesays.com\/fr\/wp-json\/wp\/v2\/posts\/560594","targetHints":{"allow":["GET"]}}],"collection":[{"href":"https:\/\/www.europesays.com\/fr\/wp-json\/wp\/v2\/posts"}],"about":[{"href":"https:\/\/www.europesays.com\/fr\/wp-json\/wp\/v2\/types\/post"}],"author":[{"embeddable":true,"href":"https:\/\/www.europesays.com\/fr\/wp-json\/wp\/v2\/users\/2"}],"replies":[{"embeddable":true,"href":"https:\/\/www.europesays.com\/fr\/wp-json\/wp\/v2\/comments?post=560594"}],"version-history":[{"count":0,"href":"https:\/\/www.europesays.com\/fr\/wp-json\/wp\/v2\/posts\/560594\/revisions"}],"wp:featuredmedia":[{"embeddable":true,"href":"https:\/\/www.europesays.com\/fr\/wp-json\/wp\/v2\/media\/560595"}],"wp:attachment":[{"href":"https:\/\/www.europesays.com\/fr\/wp-json\/wp\/v2\/media?parent=560594"}],"wp:term":[{"taxonomy":"category","embeddable":true,"href":"https:\/\/www.europesays.com\/fr\/wp-json\/wp\/v2\/categories?post=560594"},{"taxonomy":"post_tag","embeddable":true,"href":"https:\/\/www.europesays.com\/fr\/wp-json\/wp\/v2\/tags?post=560594"}],"curies":[{"name":"wp","href":"https:\/\/api.w.org\/{rel}","templated":true}]}}