{"id":560598,"date":"2025-11-26T19:11:11","date_gmt":"2025-11-26T19:11:11","guid":{"rendered":"https:\/\/www.europesays.com\/fr\/560598\/"},"modified":"2025-11-26T19:11:11","modified_gmt":"2025-11-26T19:11:11","slug":"a-bordeaux-tout-le-monde-est-content-pour-moi-confie-francois-ratier-le-nouveau-selectionneur-des-bleues","status":"publish","type":"post","link":"https:\/\/www.europesays.com\/fr\/560598\/","title":{"rendered":"\u00ab\u00a0\u00e0 Bordeaux, tout le monde est content pour moi\u00a0\u00bb, confie Fran\u00e7ois Ratier, le nouveau s\u00e9lectionneur des Bleues"},"content":{"rendered":"<p class=\"interview-question\">Au moment d\u2019\u00eatre nomm\u00e9, quel a \u00e9t\u00e9 votre premier sentiment\u00a0?<\/p>\n<p class=\"interview-answer\">Ma premi\u00e8re pens\u00e9e\u00a0? Je suis tr\u00e8s tr\u00e8s heureux. En fait je suis tr\u00e8s honor\u00e9 et tr\u00e8s fier. Vraiment. Quand on vous appelle pour entra\u00eener une \u00e9quipe de France, ce n\u2019est pas rien. Et ma deuxi\u00e8me pens\u00e9e est qu\u2019il faut pr\u00e9parer le match de Montpellier de ce week-end donc \u00e7a me ram\u00e8ne vite \u00e0 la r\u00e9alit\u00e9\u00a0!<\/p>\n<p class=\"interview-question\">Vous \u00eates en lice pour un quatri\u00e8me titre de suite avec Bordeaux et \u00eates bien install\u00e9 dans ce club. Pourquoi avoir postul\u00e9\u00a0?<\/p>\n<p class=\"interview-answer\">Justement apr\u00e8s ces deux ann\u00e9es pass\u00e9es \u00e0 Bordeaux, je me sentais plus l\u00e9gitime pour candidater. En \u00e9tant au c\u0153ur du r\u00e9acteur avec beaucoup de filles qui faisaient les allers-retours en bleu, j\u2019\u00e9tais en bonne position pour voir les choses.<\/p>\n<p class=\"interview-question\">Sur quoi pensez-vous avoir fait la diff\u00e9rence\u00a0?<\/p>\n<p class=\"interview-answer\">J\u2019avais vraiment travaill\u00e9 ma pr\u00e9sentation en \u00e9tant honn\u00eate sur l\u2019\u00e9tat des lieux et quelles pistes d\u2019am\u00e9lioration j\u2019envisageais. Peut-\u00eatre que l\u2019avantage de ne pas trop conna\u00eetre le fonctionnement de la F\u00e9d\u00e9ration en interne m\u2019a fait dire les choses comme je les pensais. J\u2019ai d\u00e9taill\u00e9 mon plan de performance sur les quatre prochaines ann\u00e9es en apportant une nouvelle culture.<\/p>\n<p class=\"interview-question\">Vous enfilerez ce nouveau costume au mois de janvier, quelle sera votre premi\u00e8re action\u00a0?<\/p>\n<p class=\"interview-answer\">Je voudrais qu\u2019on identifie ensemble nos objectifs. Qu\u2019on dise \u00e0 haute voix ce qui nous diff\u00e9rencie des meilleures, qu\u2019on en prenne conscience et qu\u2019on pense qu\u2019en se donnant les moyens, le foss\u00e9 qui existe aujourd\u2019hui peut \u00eatre combl\u00e9. Il faut que tout le monde monte d\u2019un cran et que les moyens et le travail qui va avec soient au rendez-vous.<\/p>\n<p class=\"interview-question\">Comment allez-vous choisir votre staff\u00a0?<\/p>\n<p class=\"interview-answer\">Il doit y avoir des discussions avec la F\u00e9d\u00e9ration. Dans ma pr\u00e9sentation, je leur avais propos\u00e9 de ne pas travailler dans l\u2019urgence. J\u2019ai propos\u00e9 de commencer avec les ressources techniques existantes \u00e0 la f\u00e9d\u00e9ration pour se donner le temps de choisir les bonnes personnes. On verra si \u00e7a s\u2019acc\u00e9l\u00e8re ou pas mais je suis tr\u00e8s attach\u00e9 au fait de mettre les bonnes personnes aux bons endroits. Je ne veux pas prendre des gens pour prendre des gens.<\/p>\n<p class=\"interview-question\">Et \u00e0 Bordeaux\u2026 Comment va se passer la transition\u00a0?<\/p>\n","protected":false},"excerpt":{"rendered":"Au moment d\u2019\u00eatre nomm\u00e9, quel a \u00e9t\u00e9 votre premier sentiment\u00a0? Ma premi\u00e8re pens\u00e9e\u00a0? Je suis tr\u00e8s tr\u00e8s heureux.&hellip;\n","protected":false},"author":2,"featured_media":560599,"comment_status":"","ping_status":"","sticky":false,"template":"","format":"standard","meta":{"footnotes":""},"categories":[2817],"tags":[1111,11,1997,1777,674,1011,27,12,2219,25],"class_list":{"0":"post-560598","1":"post","2":"type-post","3":"status-publish","4":"format-standard","5":"has-post-thumbnail","7":"category-bordeaux","8":"tag-actu","9":"tag-actualites","10":"tag-bordeaux","11":"tag-eu","12":"tag-europe","13":"tag-fr","14":"tag-france","15":"tag-news","16":"tag-nouvelle-aquitaine","17":"tag-republique-francaise"},"share_on_mastodon":{"url":"https:\/\/pubeurope.com\/@fr\/115617587978965218","error":""},"_links":{"self":[{"href":"https:\/\/www.europesays.com\/fr\/wp-json\/wp\/v2\/posts\/560598","targetHints":{"allow":["GET"]}}],"collection":[{"href":"https:\/\/www.europesays.com\/fr\/wp-json\/wp\/v2\/posts"}],"about":[{"href":"https:\/\/www.europesays.com\/fr\/wp-json\/wp\/v2\/types\/post"}],"author":[{"embeddable":true,"href":"https:\/\/www.europesays.com\/fr\/wp-json\/wp\/v2\/users\/2"}],"replies":[{"embeddable":true,"href":"https:\/\/www.europesays.com\/fr\/wp-json\/wp\/v2\/comments?post=560598"}],"version-history":[{"count":0,"href":"https:\/\/www.europesays.com\/fr\/wp-json\/wp\/v2\/posts\/560598\/revisions"}],"wp:featuredmedia":[{"embeddable":true,"href":"https:\/\/www.europesays.com\/fr\/wp-json\/wp\/v2\/media\/560599"}],"wp:attachment":[{"href":"https:\/\/www.europesays.com\/fr\/wp-json\/wp\/v2\/media?parent=560598"}],"wp:term":[{"taxonomy":"category","embeddable":true,"href":"https:\/\/www.europesays.com\/fr\/wp-json\/wp\/v2\/categories?post=560598"},{"taxonomy":"post_tag","embeddable":true,"href":"https:\/\/www.europesays.com\/fr\/wp-json\/wp\/v2\/tags?post=560598"}],"curies":[{"name":"wp","href":"https:\/\/api.w.org\/{rel}","templated":true}]}}