{"id":560606,"date":"2025-11-26T19:15:25","date_gmt":"2025-11-26T19:15:25","guid":{"rendered":"https:\/\/www.europesays.com\/fr\/560606\/"},"modified":"2025-11-26T19:15:25","modified_gmt":"2025-11-26T19:15:25","slug":"lille-bentaleb-determine-avant-daffronter-le-dinamo-zagreb-sports","status":"publish","type":"post","link":"https:\/\/www.europesays.com\/fr\/560606\/","title":{"rendered":"Lille : Bentaleb d\u00e9termin\u00e9 avant d&rsquo;affronter le Dinamo Zagreb : Sports"},"content":{"rendered":"<p class=\"date\">\n                                                            Juba Touabi, Media365, publi\u00e9 le mercredi 26 novembre 2025 \u00e0 18h09\n                                                    <\/p>\n<p>Nabil Bentaleb a affich\u00e9 un \u00e9tat d&rsquo;esprit combatif et concentr\u00e9 \u00e0 la veille d&rsquo;un match crucial pour la qualification.<\/p>\n<p>Le LOSC joue gros ce jeudi en Ligue Europa. Apr\u00e8s un d\u00e9part parfait dans la comp\u00e9tition, les Dogues se sont compliqu\u00e9s la vie avec deux derniers matches moins aboutis. Le milieu de terrain lillois appelle \u00e0 la mobilisation totale face au Dinamo Zagreb, adversaire qu&rsquo;il refuse de sous-estimer. Pr\u00e9sent en conf\u00e9rence de presse, Nabil Bentaleb a indiqu\u00e9 : \u00ab On a super bien commenc\u00e9 la comp\u00e9tition avec deux victoires d&rsquo;entr\u00e9e mais on s&rsquo;est un peu compliqu\u00e9 la t\u00e2che avec ces deux derniers matches. Maintenant, tout reste \u00e0 jouer. Et on a encore notre sort entre les mains. On est super motiv\u00e9s pour produire une bonne performance et obtenir un r\u00e9sultat positif. \u00bb Un message clair : Lille ne l\u00e2chera rien.<\/p>\n<p>\u00ab\u00a0Aujourd&rsquo;hui, notre Real Madrid, c&rsquo;est le Dinamo \u00bb<\/p>\n<p>Interrog\u00e9 sur la qu\u00eate du top 8, le milieu de terrain alg\u00e9rien a rappel\u00e9 que le groupe croyait toujours pleinement en ses chances. \u00ab Bien s\u00fbr. C&rsquo;est encore possible. On a la capacit\u00e9 pour remporter tout type de match. Mais on ne se projettera pas plus loin que le match de demain. On sait que ce ne sera pas facile. Mais on a les qualit\u00e9s, les capacit\u00e9s de pouvoir remporter ce type de match. \u00bb Loin des calculs, Bentaleb insiste sur la n\u00e9cessit\u00e9 de rester focalis\u00e9 sur la prochaine \u00e9tape, seule mani\u00e8re d&rsquo;\u00e9viter un faux pas qui pourrait co\u00fbter tr\u00e8s cher.<\/p>\n<p>La question de la motivation, parfois diff\u00e9rente selon la comp\u00e9tition ou le prestige de l&rsquo;adversaire, lui a \u00e9galement \u00e9t\u00e9 pos\u00e9e. L\u00e0 encore, r\u00e9ponse nette : \u00ab Non, je ne pense pas. Bien s\u00fbr, ce serait vous mentir de vous dire que jouer le Real Madrid, ce ne serait pas une plus belle affiche. Mais c&rsquo;est notre r\u00e9alit\u00e9 d&rsquo;aujourd&rsquo;hui. Aujourd&rsquo;hui, notre Real Madrid, c&rsquo;est le Dinamo Zagreb. Il faut se donner \u00e0 100 % pour ce type de match car on conna\u00eet tous son importance. \u00bb Le LOSC sait ce qu&rsquo;il a \u00e0 perdre comme \u00e0 gagner. Et Bentaleb, l&rsquo;un des leaders du vestiaire, a envoy\u00e9 un message d&rsquo;espoir \u00e0 ses co\u00e9quipiers.<\/p>\n","protected":false},"excerpt":{"rendered":"Juba Touabi, Media365, publi\u00e9 le mercredi 26 novembre 2025 \u00e0 18h09 Nabil Bentaleb a affich\u00e9 un \u00e9tat d&rsquo;esprit&hellip;\n","protected":false},"author":2,"featured_media":560607,"comment_status":"","ping_status":"","sticky":false,"template":"","format":"standard","meta":{"footnotes":""},"categories":[2815],"tags":[1111,11,1777,674,1011,27,811,1307,12,25],"class_list":{"0":"post-560606","1":"post","2":"type-post","3":"status-publish","4":"format-standard","5":"has-post-thumbnail","7":"category-lille","8":"tag-actu","9":"tag-actualites","10":"tag-eu","11":"tag-europe","12":"tag-fr","13":"tag-france","14":"tag-hauts-de-france","15":"tag-lille","16":"tag-news","17":"tag-republique-francaise"},"share_on_mastodon":{"url":"https:\/\/pubeurope.com\/@fr\/115617603450622146","error":""},"_links":{"self":[{"href":"https:\/\/www.europesays.com\/fr\/wp-json\/wp\/v2\/posts\/560606","targetHints":{"allow":["GET"]}}],"collection":[{"href":"https:\/\/www.europesays.com\/fr\/wp-json\/wp\/v2\/posts"}],"about":[{"href":"https:\/\/www.europesays.com\/fr\/wp-json\/wp\/v2\/types\/post"}],"author":[{"embeddable":true,"href":"https:\/\/www.europesays.com\/fr\/wp-json\/wp\/v2\/users\/2"}],"replies":[{"embeddable":true,"href":"https:\/\/www.europesays.com\/fr\/wp-json\/wp\/v2\/comments?post=560606"}],"version-history":[{"count":0,"href":"https:\/\/www.europesays.com\/fr\/wp-json\/wp\/v2\/posts\/560606\/revisions"}],"wp:featuredmedia":[{"embeddable":true,"href":"https:\/\/www.europesays.com\/fr\/wp-json\/wp\/v2\/media\/560607"}],"wp:attachment":[{"href":"https:\/\/www.europesays.com\/fr\/wp-json\/wp\/v2\/media?parent=560606"}],"wp:term":[{"taxonomy":"category","embeddable":true,"href":"https:\/\/www.europesays.com\/fr\/wp-json\/wp\/v2\/categories?post=560606"},{"taxonomy":"post_tag","embeddable":true,"href":"https:\/\/www.europesays.com\/fr\/wp-json\/wp\/v2\/tags?post=560606"}],"curies":[{"name":"wp","href":"https:\/\/api.w.org\/{rel}","templated":true}]}}