{"id":560608,"date":"2025-11-26T19:16:11","date_gmt":"2025-11-26T19:16:11","guid":{"rendered":"https:\/\/www.europesays.com\/fr\/560608\/"},"modified":"2025-11-26T19:16:11","modified_gmt":"2025-11-26T19:16:11","slug":"un-jeune-homme-de-20-ans-tue-par-balle-a-la-cite-bel-horizon-a-marseille","status":"publish","type":"post","link":"https:\/\/www.europesays.com\/fr\/560608\/","title":{"rendered":"Un jeune homme de 20 ans tu\u00e9 par balle \u00e0 la cit\u00e9 Bel Horizon \u00e0 Marseille"},"content":{"rendered":"<p>Des coups de feu ont retenti aux abords de la place Dunoyer de Segonzac ce mercredi soir 26 novembre, aux alentours de 18 heures, dans le 3e arrondissement de Marseille. D\u00e9p\u00each\u00e9s sur les lieux quelques minutes plus tard, les marins-pompiers ont d\u00e9couvert un jeune homme gri\u00e8vement bless\u00e9, r\u00e9fugi\u00e9 dans les \u00e9tages d&rsquo;une tour au pied de laquelle si\u00e8ge un point de deal.<\/p>\n<p>Atteint de 4 balles dans le dos et en arr\u00eat cardio-respiratoire, il a fait l&rsquo;objet de plusieurs tentatives de r\u00e9animation, avant d&rsquo;\u00eatre d\u00e9clar\u00e9 d\u00e9c\u00e9d\u00e9 par le m\u00e9decin de l&rsquo;ambulance de r\u00e9animation peu avant 18\u00a0h\u00a030.<\/p>\n<p>Il a succomb\u00e9 \u00e0 ses blessures<\/p>\n<p>La police s&rsquo;est aussit\u00f4t d\u00e9ploy\u00e9e sur place pour proc\u00e9der aux constatations. D&rsquo;apr\u00e8s les premiers \u00e9l\u00e9ments de l&rsquo;enqu\u00eate qui ne fait que commencer, la victime aurait \u00e9t\u00e9 prise \u00e0 partie au pied de cette tour de la cit\u00e9 Bel Horizon, dans le quartier Saint-Lazare, avant d&rsquo;\u00eatre vis\u00e9e par des tirs de 9\u00a0mm.<\/p>\n<p>Si le jeune homme est parvenu \u00e0 se r\u00e9fugier dans les \u00e9tages de la tour, il a succomb\u00e9 \u00e0 ses blessures.<\/p>\n","protected":false},"excerpt":{"rendered":"Des coups de feu ont retenti aux abords de la place Dunoyer de Segonzac ce mercredi soir 26&hellip;\n","protected":false},"author":2,"featured_media":560609,"comment_status":"","ping_status":"","sticky":false,"template":"","format":"standard","meta":{"footnotes":""},"categories":[2814],"tags":[17,1111,11,1764,6195,1102,11911,1777,674,274,1011,27,4933,3913,884,12,5912,882,25,5911],"class_list":{"0":"post-560608","1":"post","2":"type-post","3":"status-publish","4":"format-standard","5":"has-post-thumbnail","7":"category-marseille","8":"tag-17","9":"tag-actu","10":"tag-actualites","11":"tag-ans","12":"tag-balle","13":"tag-breakingnews","14":"tag-cite","15":"tag-eu","16":"tag-europe","17":"tag-faits-divers-justice","18":"tag-fr","19":"tag-france","20":"tag-homme","21":"tag-jeune","22":"tag-marseille","23":"tag-news","24":"tag-par","25":"tag-provence-alpes-cote-dazur","26":"tag-republique-francaise","27":"tag-tue"},"share_on_mastodon":{"url":"https:\/\/pubeurope.com\/@fr\/115617607516605565","error":""},"_links":{"self":[{"href":"https:\/\/www.europesays.com\/fr\/wp-json\/wp\/v2\/posts\/560608","targetHints":{"allow":["GET"]}}],"collection":[{"href":"https:\/\/www.europesays.com\/fr\/wp-json\/wp\/v2\/posts"}],"about":[{"href":"https:\/\/www.europesays.com\/fr\/wp-json\/wp\/v2\/types\/post"}],"author":[{"embeddable":true,"href":"https:\/\/www.europesays.com\/fr\/wp-json\/wp\/v2\/users\/2"}],"replies":[{"embeddable":true,"href":"https:\/\/www.europesays.com\/fr\/wp-json\/wp\/v2\/comments?post=560608"}],"version-history":[{"count":0,"href":"https:\/\/www.europesays.com\/fr\/wp-json\/wp\/v2\/posts\/560608\/revisions"}],"wp:featuredmedia":[{"embeddable":true,"href":"https:\/\/www.europesays.com\/fr\/wp-json\/wp\/v2\/media\/560609"}],"wp:attachment":[{"href":"https:\/\/www.europesays.com\/fr\/wp-json\/wp\/v2\/media?parent=560608"}],"wp:term":[{"taxonomy":"category","embeddable":true,"href":"https:\/\/www.europesays.com\/fr\/wp-json\/wp\/v2\/categories?post=560608"},{"taxonomy":"post_tag","embeddable":true,"href":"https:\/\/www.europesays.com\/fr\/wp-json\/wp\/v2\/tags?post=560608"}],"curies":[{"name":"wp","href":"https:\/\/api.w.org\/{rel}","templated":true}]}}