{"id":560613,"date":"2025-11-26T19:19:19","date_gmt":"2025-11-26T19:19:19","guid":{"rendered":"https:\/\/www.europesays.com\/fr\/560613\/"},"modified":"2025-11-26T19:19:19","modified_gmt":"2025-11-26T19:19:19","slug":"metropole-de-lyon-a-la-maison-de-blandine-ils-vieillissent-ensemble-dans-la-bonne-humeur-et-en-toute-autonomie","status":"publish","type":"post","link":"https:\/\/www.europesays.com\/fr\/560613\/","title":{"rendered":"M\u00e9tropole de Lyon. \u00c0 la Maison de Blandine, ils vieillissent ensemble dans la bonne humeur et en toute autonomie"},"content":{"rendered":"<p>En juin\u00a02026, une nouvelle structure, <a href=\"https:\/\/maisondeblandine.fr\/\" target=\"_blank\" rel=\"noopener\">La Maison de Blandine<\/a>, habitat partag\u00e9 et accompagn\u00e9 pour les personnes \u00e2g\u00e9es, autonomes ou semi-autonomes, va ouvrir ses portes \u00e0 Tassin-la-Demi-Lune comme sept autres en r\u00e9gion lyonnaise. Con\u00e7u comme une grande maison, chaque habitant ou couple dispose de son appartement personnel et partage avec les autres r\u00e9sidents des pi\u00e8ces de vie.<\/p>\n<p>\u00ab\u00a0C\u2019est un petit lieu de vie. L\u2019objectif c\u2019est l\u2019esprit de famille. Chacun peut avoir connaissance de son voisin\u00a0\u00bb, assure Blandine de Traverse, la cofondatrice et directrice de la Maison de Blandine. Pendant la journ\u00e9e, une animatrice est pr\u00e9sente et \u00e0 partir de 19\u00a0heures, c\u2019est une jeune &#8211; qui dispose d\u2019un studio sur place &#8211; qui prend le relais, jusqu\u2019\u00e0 7\u00a0heures du matin.<\/p>\n<p>\u00ab\u00a0On mange avec un autre couple trois fois par semaine\u00a0\u00bb                        <\/p>\n","protected":false},"excerpt":{"rendered":"En juin\u00a02026, une nouvelle structure, La Maison de Blandine, habitat partag\u00e9 et accompagn\u00e9 pour les personnes \u00e2g\u00e9es, autonomes&hellip;\n","protected":false},"author":2,"featured_media":560614,"comment_status":"","ping_status":"","sticky":false,"template":"","format":"standard","meta":{"footnotes":""},"categories":[1889],"tags":[1111,11,2430,3153,1777,674,1011,27,41246,2428,7218,12,25,137,2429,801],"class_list":{"0":"post-560613","1":"post","2":"type-post","3":"status-publish","4":"format-standard","5":"has-post-thumbnail","7":"category-lyon","8":"tag-actu","9":"tag-actualites","10":"tag-auvergne-rhone-alpes","11":"tag-edition-ouest-lyonnais","12":"tag-eu","13":"tag-europe","14":"tag-fr","15":"tag-france","16":"tag-limonest","17":"tag-lyon","18":"tag-neuville-sur-saone-bassin","19":"tag-news","20":"tag-republique-francaise","21":"tag-retraite","22":"tag-rhone","23":"tag-social"},"share_on_mastodon":{"url":"https:\/\/pubeurope.com\/@fr\/115617619154072025","error":""},"_links":{"self":[{"href":"https:\/\/www.europesays.com\/fr\/wp-json\/wp\/v2\/posts\/560613","targetHints":{"allow":["GET"]}}],"collection":[{"href":"https:\/\/www.europesays.com\/fr\/wp-json\/wp\/v2\/posts"}],"about":[{"href":"https:\/\/www.europesays.com\/fr\/wp-json\/wp\/v2\/types\/post"}],"author":[{"embeddable":true,"href":"https:\/\/www.europesays.com\/fr\/wp-json\/wp\/v2\/users\/2"}],"replies":[{"embeddable":true,"href":"https:\/\/www.europesays.com\/fr\/wp-json\/wp\/v2\/comments?post=560613"}],"version-history":[{"count":0,"href":"https:\/\/www.europesays.com\/fr\/wp-json\/wp\/v2\/posts\/560613\/revisions"}],"wp:featuredmedia":[{"embeddable":true,"href":"https:\/\/www.europesays.com\/fr\/wp-json\/wp\/v2\/media\/560614"}],"wp:attachment":[{"href":"https:\/\/www.europesays.com\/fr\/wp-json\/wp\/v2\/media?parent=560613"}],"wp:term":[{"taxonomy":"category","embeddable":true,"href":"https:\/\/www.europesays.com\/fr\/wp-json\/wp\/v2\/categories?post=560613"},{"taxonomy":"post_tag","embeddable":true,"href":"https:\/\/www.europesays.com\/fr\/wp-json\/wp\/v2\/tags?post=560613"}],"curies":[{"name":"wp","href":"https:\/\/api.w.org\/{rel}","templated":true}]}}