{"id":560615,"date":"2025-11-26T19:21:12","date_gmt":"2025-11-26T19:21:12","guid":{"rendered":"https:\/\/www.europesays.com\/fr\/560615\/"},"modified":"2025-11-26T19:21:12","modified_gmt":"2025-11-26T19:21:12","slug":"direct-ligue-des-champions-suivez-la-rencontre-psg-tottenham-en-integralite-sur-ici-paris-ile-de-france","status":"publish","type":"post","link":"https:\/\/www.europesays.com\/fr\/560615\/","title":{"rendered":"DIRECT &#8211; Ligue des Champions\u00a0: suivez la rencontre PSG &#8211; Tottenham en int\u00e9gralit\u00e9 sur ICI Paris \u00cele-de-France"},"content":{"rendered":"<p>Ce mercredi pour la cinqui\u00e8me journ\u00e9e de phase de poule unique de Ligue des Champions, le PSG accueille Tottenham (ANG). Cette rencontre est un remake de la Supercoupe d&rsquo;Europe 2025 o\u00f9 le PSG s&rsquo;est impos\u00e9 aux tirs aux buts. Emission sp\u00e9ciale sur ICI Paris \u00cele-de-France d\u00e8s 20h, coup d&rsquo;envoi 21h.  <\/p>\n<p>Comme on se retrouve\u00a0! Alors que dans l&rsquo;histoire des deux clubs, il n&rsquo;y avait aucune trace de confrontation avant ao\u00fbt 2025, voil\u00e0 que le PSG et Tottenham se retrouvent pour la deuxi\u00e8me fois de l&rsquo;ann\u00e9e. Avant cette cinqui\u00e8me journ\u00e9e de Ligue des Champions, les Parisiens pointaient \u00e0 la 5e place de la poule unique et les Londoniens \u00e9taient dixi\u00e8mes invaincus avec deux victoires et deux matchs nuls. Apr\u00e8s sa d\u00e9faite face au Bayern Munich il y a trois semaines, les hommes de Luis Enrique seraient bien inspir\u00e9s de battre les \u00ab\u00a0Spurs\u00a0\u00bb afin d&rsquo;esp\u00e9rer encore terminer dans les huit premiers de la poule (*).<\/p>\n<p>Cette rencontre est \u00e0 suivre sur l&rsquo;antenne d&rsquo;ICI Paris \u00cele-de-France mais aussi sur\u00a0<a target=\"_blank\" rel=\"nofollow noopener noreferrer\" class=\"IciLink ici-link IciArticleLink g-ici-body-regular-1 underline brand svelte-1chfe2s\" href=\"https:\/\/www.youtube.com\/@iciparisiledefrance\/streams\">la cha\u00eene YouTube 100% PSG ICI Paris \u00cele-de-France<\/a>. Pia Clemens vous attend d\u00e8s 20h avec Christopher Faleyras, Eric Rabesandratana et vous au 01.42.30.10.10. Avant match, rencontre en int\u00e9gralit\u00e9 et d\u00e9briefing de ce PSG &#8211; Tottenham sont au menu de cette soir\u00e9e Ligue des Champions.<\/p>\n<p>loading<\/p>\n<p>loading<\/p>\n<p>(*)\u00a0Les huit premiers du classement se qualifient directement et sont certains de ne pas s&rsquo;affronter lors des huiti\u00e8mes de finale<\/p>\n<p>\u00c0 lire aussi   <img decoding=\"async\" src=\"https:\/\/www.europesays.com\/fr\/wp-content\/uploads\/2025\/11\/1764184872_827_400x400\" alt=\"\" style=\"--_image-preview:url('data:image\/jpeg;base64,\/9j\/2wBDACgcHiMeGSgjISMtKygwPGRBPDc3PHtYXUlkkYCZlo+AjIqgtObDoKrarYqMyP\/L2u71\/\/\/\/m8H\/\/\/\/6\/+b9\/\/j\/2wBDASstLTw1PHZBQXb4pYyl+Pj4+Pj4+Pj4+Pj4+Pj4+Pj4+Pj4+Pj4+Pj4+Pj4+Pj4+Pj4+Pj4+Pj4+Pj4+Pj4+Pj\/wAARCAAXACoDASIAAhEBAxEB\/8QAGAAAAwEBAAAAAAAAAAAAAAAAAAIDAQT\/xAAYEAEBAQEBAAAAAAAAAAAAAAAAAQISEf\/EABUBAQEAAAAAAAAAAAAAAAAAAAAB\/8QAFBEBAAAAAAAAAAAAAAAAAAAAAP\/aAAwDAQACEQMRAD8A5sxbMSypmqKwUsrfRC2F5PaX0Vz5p5oBA803oBQXRegAf\/\/Z');\" loading=\"lazy\" fetchpriority=\"low\" aria-hidden=\"true\" class=\"svelte-1cksh76 rounded\" onload=\"this.__e=event\" onerror=\"this.__e=event\"\/><\/p>\n","protected":false},"excerpt":{"rendered":"Ce mercredi pour la cinqui\u00e8me journ\u00e9e de phase de poule unique de Ligue des Champions, le PSG accueille&hellip;\n","protected":false},"author":2,"featured_media":560616,"comment_status":"","ping_status":"","sticky":false,"template":"","format":"standard","meta":{"footnotes":""},"categories":[1592],"tags":[1111,11,1777,674,1011,27,662,12,626,25],"class_list":{"0":"post-560615","1":"post","2":"type-post","3":"status-publish","4":"format-standard","5":"has-post-thumbnail","7":"category-ile-de-france","8":"tag-actu","9":"tag-actualites","10":"tag-eu","11":"tag-europe","12":"tag-fr","13":"tag-france","14":"tag-ile-de-france","15":"tag-news","16":"tag-paris","17":"tag-republique-francaise"},"share_on_mastodon":{"url":"https:\/\/pubeurope.com\/@fr\/115617628184589677","error":""},"_links":{"self":[{"href":"https:\/\/www.europesays.com\/fr\/wp-json\/wp\/v2\/posts\/560615","targetHints":{"allow":["GET"]}}],"collection":[{"href":"https:\/\/www.europesays.com\/fr\/wp-json\/wp\/v2\/posts"}],"about":[{"href":"https:\/\/www.europesays.com\/fr\/wp-json\/wp\/v2\/types\/post"}],"author":[{"embeddable":true,"href":"https:\/\/www.europesays.com\/fr\/wp-json\/wp\/v2\/users\/2"}],"replies":[{"embeddable":true,"href":"https:\/\/www.europesays.com\/fr\/wp-json\/wp\/v2\/comments?post=560615"}],"version-history":[{"count":0,"href":"https:\/\/www.europesays.com\/fr\/wp-json\/wp\/v2\/posts\/560615\/revisions"}],"wp:featuredmedia":[{"embeddable":true,"href":"https:\/\/www.europesays.com\/fr\/wp-json\/wp\/v2\/media\/560616"}],"wp:attachment":[{"href":"https:\/\/www.europesays.com\/fr\/wp-json\/wp\/v2\/media?parent=560615"}],"wp:term":[{"taxonomy":"category","embeddable":true,"href":"https:\/\/www.europesays.com\/fr\/wp-json\/wp\/v2\/categories?post=560615"},{"taxonomy":"post_tag","embeddable":true,"href":"https:\/\/www.europesays.com\/fr\/wp-json\/wp\/v2\/tags?post=560615"}],"curies":[{"name":"wp","href":"https:\/\/api.w.org\/{rel}","templated":true}]}}