{"id":560617,"date":"2025-11-26T19:22:15","date_gmt":"2025-11-26T19:22:15","guid":{"rendered":"https:\/\/www.europesays.com\/fr\/560617\/"},"modified":"2025-11-26T19:22:15","modified_gmt":"2025-11-26T19:22:15","slug":"un-processus-serieux-est-en-cours-pour-mettre-fin-aux-combats-estime-le-kremlin","status":"publish","type":"post","link":"https:\/\/www.europesays.com\/fr\/560617\/","title":{"rendered":"un \u00ab\u00a0processus s\u00e9rieux\u00a0\u00bb est en cours pour mettre fin aux combats, estime le Kremlin"},"content":{"rendered":"<p>   Laurent Vinatier\u00a0: l\u2019enqu\u00eate russe pour espionnage visant le chercheur fran\u00e7ais est prolong\u00e9e et un proc\u00e8s pourrait avoir lieu \u00e0 la fin de f\u00e9vrier             <\/p>\n<p class=\"post__live-container--answer-text post__space-node\">L\u2019enqu\u00eate pour espionnage visant le chercheur fran\u00e7ais Laurent Vinatier, d\u00e9tenu en Russie, a \u00e9t\u00e9 prolong\u00e9e et un proc\u00e8s pourrait avoir lieu \u00ab\u00a0sans doute\u00a0\u00bb le 28\u00a0f\u00e9vrier, a appris l\u2019Agence France-Presse (AFP) aupr\u00e8s de Fr\u00e9d\u00e9ric B\u00e9lot, avocat fran\u00e7ais de ses parents, <a href=\"https:\/\/www.intelligenceonline.fr\/europe-russie\/2025\/11\/25\/moscou-prolonge-son-enquete-pour-espionnage-contre-le-chercheur-francais-laurent-vinatier,110564741-art\" target=\"_blank\" rel=\"noopener\" title=\"Nouvelle fen\u00eatre\">confirmant une information de Intelligence Online<\/a>. Les conclusions de l\u2019enqu\u00eate seront remises \u00e0 la fin de janvier, a-t-il pr\u00e9cis\u00e9. Une audience, initialement annonc\u00e9e comme se tenant jeudi, a \u00ab\u00a0eu lieu le 21\u00a0novembre, sans doute par souci de discr\u00e9tion\u00a0\u00bb, a ajout\u00e9 Me\u00a0B\u00e9lot.<\/p>\n<p class=\"post__live-container--answer-text post__space-node\">\u00ab\u00a0Nous sommes tr\u00e8s attentifs \u00e0 la proc\u00e9dure p\u00e9nale en cours. Nous esp\u00e9rons que les arguments de la d\u00e9fense seront entendus et nous comptons sur le soutien de la diplomatie fran\u00e7aise, qui est tr\u00e8s important pour Laurent et sa famille\u00a0\u00bb, a compl\u00e9t\u00e9 l\u2019avocat, qui a pr\u00e9cis\u00e9 que Laurent Vinatier allait \u00ab\u00a0bien\u00a0\u00bb.<\/p>\n<p class=\"post__live-container--answer-text post__space-node\">\u00ab\u00a0Les autorit\u00e9s fran\u00e7aises restent pleinement mobilis\u00e9es pour porter assistance \u00e0 Laurent Vinatier, arbitrairement d\u00e9tenu en Russie, et pour accompagner ses proches\u00a0\u00bb, a d\u00e9clar\u00e9 le Quai d\u2019Orsay \u00e0 l\u2019AFP. \u00ab\u00a0le consulat g\u00e9n\u00e9ral de France \u00e0 Moscou continuera de suivre attentivement [sa] situation\u00a0\u00bb, a-t-il ajout\u00e9.<\/p>\n<p class=\"post__live-container--answer-text post__space-node\">Ce chercheur de 49\u00a0ans, sp\u00e9cialiste de l\u2019espace post-sovi\u00e9tique, est incarc\u00e9r\u00e9 depuis juin\u00a02024 en Russie. Il a \u00e9t\u00e9 condamn\u00e9 en octobre\u00a02024 \u00e0 trois ans de prison pour ne pas s\u2019\u00eatre enregistr\u00e9 en tant qu\u2019\u00ab\u00a0agent de l\u2019\u00e9tranger\u00a0\u00bb, un label utilis\u00e9 par les autorit\u00e9s russes pour r\u00e9primer leurs d\u00e9tracteurs. Depuis la fin d\u2019ao\u00fbt, il est vis\u00e9 par de nouvelles accusations d\u2019espionnage, passibles d\u2019une peine pouvant aller jusqu\u2019\u00e0 vingt\u00a0ans de prison.<\/p>\n","protected":false},"excerpt":{"rendered":"Laurent Vinatier\u00a0: l\u2019enqu\u00eate russe pour espionnage visant le chercheur fran\u00e7ais est prolong\u00e9e et un proc\u00e8s pourrait avoir lieu&hellip;\n","protected":false},"author":2,"featured_media":560618,"comment_status":"","ping_status":"","sticky":false,"template":"","format":"standard","meta":{"footnotes":""},"categories":[1888],"tags":[1111,1928,11,1927,1777,674,1011,27,12,1926,626,1925,25],"class_list":{"0":"post-560617","1":"post","2":"type-post","3":"status-publish","4":"format-standard","5":"has-post-thumbnail","7":"category-paris","8":"tag-actu","9":"tag-actu-paris","10":"tag-actualites","11":"tag-actualites-paris","12":"tag-eu","13":"tag-europe","14":"tag-fr","15":"tag-france","16":"tag-news","17":"tag-news-paris","18":"tag-paris","19":"tag-paris-news","20":"tag-republique-francaise"},"share_on_mastodon":{"url":"https:\/\/pubeurope.com\/@fr\/115617631261907482","error":""},"_links":{"self":[{"href":"https:\/\/www.europesays.com\/fr\/wp-json\/wp\/v2\/posts\/560617","targetHints":{"allow":["GET"]}}],"collection":[{"href":"https:\/\/www.europesays.com\/fr\/wp-json\/wp\/v2\/posts"}],"about":[{"href":"https:\/\/www.europesays.com\/fr\/wp-json\/wp\/v2\/types\/post"}],"author":[{"embeddable":true,"href":"https:\/\/www.europesays.com\/fr\/wp-json\/wp\/v2\/users\/2"}],"replies":[{"embeddable":true,"href":"https:\/\/www.europesays.com\/fr\/wp-json\/wp\/v2\/comments?post=560617"}],"version-history":[{"count":0,"href":"https:\/\/www.europesays.com\/fr\/wp-json\/wp\/v2\/posts\/560617\/revisions"}],"wp:featuredmedia":[{"embeddable":true,"href":"https:\/\/www.europesays.com\/fr\/wp-json\/wp\/v2\/media\/560618"}],"wp:attachment":[{"href":"https:\/\/www.europesays.com\/fr\/wp-json\/wp\/v2\/media?parent=560617"}],"wp:term":[{"taxonomy":"category","embeddable":true,"href":"https:\/\/www.europesays.com\/fr\/wp-json\/wp\/v2\/categories?post=560617"},{"taxonomy":"post_tag","embeddable":true,"href":"https:\/\/www.europesays.com\/fr\/wp-json\/wp\/v2\/tags?post=560617"}],"curies":[{"name":"wp","href":"https:\/\/api.w.org\/{rel}","templated":true}]}}