{"id":560619,"date":"2025-11-26T19:23:14","date_gmt":"2025-11-26T19:23:14","guid":{"rendered":"https:\/\/www.europesays.com\/fr\/560619\/"},"modified":"2025-11-26T19:23:14","modified_gmt":"2025-11-26T19:23:14","slug":"proces-en-appel-du-crash-rio-paris-condamnation-requise-pour-airbus-et-air-france","status":"publish","type":"post","link":"https:\/\/www.europesays.com\/fr\/560619\/","title":{"rendered":"Proc\u00e8s en appel du crash Rio-Paris : condamnation requise pour Airbus et Air France"},"content":{"rendered":"<p><img alt=\"Un Airbus d\u2019Air France arrivant \u00e0 l\u2019a\u00e9roport Paris-Charles de Gaulle, le 26 novembre 2025. (photo d\u2019illustration)\" loading=\"lazy\" width=\"960\" height=\"574\" decoding=\"async\" data-nimg=\"1\" class=\"rounded-lg\" style=\"color:transparent\" src=\"https:\/\/www.europesays.com\/fr\/wp-content\/uploads\/2025\/11\/e6ac2a9faabfea0ff436ade7ab1df633.jpeg\"\/><\/p>\n<p>MUSTAFA YALCIN \/ Anadolu via AFP Un Airbus d\u2019Air France arrivant \u00e0 l\u2019a\u00e9roport Paris-Charles de Gaulle, le 26 novembre 2025. (photo d\u2019illustration)<\/p>\n<p class=\"mb-4 text-lg md:leading-8 break-words\">\u00c9tape importante dans le proc\u00e8s en appel du crash du Rio-Paris de 2009. Le parquet g\u00e9n\u00e9ral a requis ce mercredi 26 novembre une condamnation pour le constructeur a\u00e9ronautique europ\u00e9en Airbus et la compagnie Air France, jug\u00e9s pour homicides involontaires et <a data-i13n=\"cpos:1;pos:1\" href=\"https:\/\/fr.news.yahoo.com\/crash-vol-rio-paris-airbus-115235969.html\" data-ylk=\"slk:relax\u00e9s en premi\u00e8re instance;cpos:1;pos:1;elm:context_link;itc:0;sec:content-canvas;outcm:mb_qualified_link;_E:mb_qualified_link;ct:story;\" class=\"link  yahoo-link\" target=\"_blank\" rel=\"noopener\">relax\u00e9s en premi\u00e8re instance<\/a>.<\/p>\n<p class=\"mb-4 text-lg md:leading-8 break-words\">\u00ab Nous requ\u00e9rons l\u2019infirmation du jugement rendu qui a relax\u00e9 les pr\u00e9venus et vous entrerez donc, Madame la pr\u00e9sidente, en voie de condamnation du chef d\u2019homicide involontaire \u00bb, ont requis les deux avocats g\u00e9n\u00e9raux dans leur r\u00e9quisitoire, qualifiant d\u2019\u00ab ind\u00e9cence \u00bb la ligne de d\u00e9fense des deux entreprises <a data-i13n=\"cpos:2;pos:1\" href=\"https:\/\/fr.news.yahoo.com\/crash-rio-paris-apr%C3%A8s-relaxe-074249404.html\" data-ylk=\"slk:lors du proc\u00e8s \u00e0 la cour d\u2019appel de Paris;cpos:2;pos:1;elm:context_link;itc:0;sec:content-canvas;outcm:mb_qualified_link;_E:mb_qualified_link;ct:story;\" class=\"link  yahoo-link\" target=\"_blank\" rel=\"noopener\">lors du proc\u00e8s \u00e0 la cour d\u2019appel de Paris<\/a>.<\/p>\n<p class=\"mb-4 text-lg md:leading-8 break-words\"><a data-i13n=\"cpos:3;pos:1\" href=\"https:\/\/fr.news.yahoo.com\/boeing-737-n-l-avion-131604714.html\" data-ylk=\"slk:Le Boeing 737 n\u2019est plus l\u2019avion le plus vendu de l\u2019histoire, d\u00e9tr\u00f4n\u00e9 par l\u2019A320 d\u2019Airbus;cpos:3;pos:1;elm:context_link;itc:0;sec:content-canvas;outcm:mb_qualified_link;_E:mb_qualified_link;ct:story;\" class=\"link  yahoo-link\" target=\"_blank\" rel=\"noopener\">Le Boeing 737 n\u2019est plus l\u2019avion le plus vendu de l\u2019histoire, d\u00e9tr\u00f4n\u00e9 par l\u2019A320 d\u2019Airbus <\/a><\/p>\n<p class=\"mb-4 text-lg md:leading-8 break-words\">Airbus et Air France, relax\u00e9s en premi\u00e8re instance le 17 avril 2023 dans l\u2019affaire du crash du vol Rio-Paris AF447 dans lequel 228 personnes sont d\u00e9c\u00e9d\u00e9es, ne peuvent en tant que personnes morales \u00eatre condamn\u00e9es qu\u2019\u00e0 une peine d\u2019amende d\u2019un maximum de 225 000 euros.<\/p>\n<p class=\"mb-4 text-lg md:leading-8 break-words\">Selon le parquet g\u00e9n\u00e9ral, les deux entreprises sont coupables d\u2019un d\u00e9faut d\u2019information et de formation dans la survenue de l\u2019accident.<\/p>\n<p class=\"mb-4 text-lg md:leading-8 break-words\">\u00ab Cette condamnation jettera l\u2019opprobre, un discr\u00e9dit sur ces deux compagnies. C\u2019est une d\u00e9cision qui remettra l\u2019humain au sein de nos pr\u00e9occupations. Cette condamnation doit donc r\u00e9sonner comme un avertissement \u00bb, a pr\u00e9venu l\u2019avocat g\u00e9n\u00e9ral Rodolphe Juy-Birmann, aux c\u00f4t\u00e9s de sa coll\u00e8gue Agn\u00e8s Labreuil.<\/p>\n<p>Cinq heures de r\u00e9quisitoire<\/p>\n<p class=\"mb-4 text-lg md:leading-8 break-words\">Dans une salle pleine et particuli\u00e8rement calme, les familles des victimes ont \u00e9cout\u00e9 durant pr\u00e8s de cinq heures le r\u00e9quisitoire au terme duquel Rodolphe Juy-Birmann a tenu \u00e0 s\u2019adresser directement aux endeuill\u00e9s.<\/p>\n<p class=\"mb-4 text-lg md:leading-8 break-words\">\u00ab Seize ann\u00e9es \u00e9coul\u00e9es depuis le drame, c\u2019est long, beaucoup trop long. On a \u00e9t\u00e9 impressionn\u00e9s de vous savoir l\u00e0 chaque jour, si proche de nous, ce qui donne du sens \u00e0 notre mission. J\u2019esp\u00e8re que votre combat prendra fin quand la cour rendra sa d\u00e9cision dans quelques mois \u00bb, a soulign\u00e9 le repr\u00e9sentant du minist\u00e8re public, \u00e9voquant la r\u00e9putation des pilotes qui \u00ab ne sont en rien responsables de cet accident \u00bb.<\/p>\n<p class=\"mb-4 text-lg md:leading-8 break-words\">Dans ce proc\u00e8s, la justice reproche au constructeur a\u00e9ronautique europ\u00e9en d\u2019avoir sous-estim\u00e9 la gravit\u00e9 des d\u00e9faillances des sondes an\u00e9mom\u00e9triques, dont le givrage en haute altitude est le point de d\u00e9part de l\u2019accident, et de n\u2019avoir pas pris toutes les dispositions n\u00e9cessaires pour en informer d\u2019urgence les compagnies a\u00e9riennes qui en \u00e9taient \u00e9quip\u00e9es.<\/p>\n<p class=\"mb-4 text-lg md:leading-8 break-words\">Le 1er juin 2009, le vol AF447 reliant Rio de Janeiro \u00e0 Paris s\u2019\u00e9tait ab\u00eem\u00e9 en pleine nuit dans l\u2019Atlantique, quelques heures apr\u00e8s son d\u00e9collage, entra\u00eenant la mort de ses 216 passagers et 12 membres d\u2019\u00e9quipage. \u00c0 bord de l\u2019A330 immatricul\u00e9 F-GZCP se trouvaient des personnes de 33 nationalit\u00e9s, dont 72 Fran\u00e7ais et 58 Br\u00e9siliens.<\/p>\n<p class=\"mb-4 text-lg md:leading-8 break-words\"><a data-i13n=\"cpos:4;pos:1\" href=\"https:\/\/fr.news.yahoo.com\/cop30-taxer-billets-d-avion-213549595.html\" data-ylk=\"slk:COP30 : Taxer les billets d\u2019avion en business class et les jets priv\u00e9s, l\u2019id\u00e9e fait son chemin;cpos:4;pos:1;elm:context_link;itc:0;sec:content-canvas;outcm:mb_qualified_link;_E:mb_qualified_link;ct:story;\" class=\"link  yahoo-link\" target=\"_blank\" rel=\"noopener\">COP30 : Taxer les billets d\u2019avion en business class et les jets priv\u00e9s, l\u2019id\u00e9e fait son chemin <\/a><\/p>\n<p class=\"mb-4 text-lg md:leading-8 break-words\"><a data-i13n=\"cpos:5;pos:1\" href=\"https:\/\/fr.news.yahoo.com\/elon-musk-permet-%C3%A0-air-120240099.html\" data-ylk=\"slk:Comment Elon Musk permet \u00e0 Air France de vous offrir le wifi haut d\u00e9bit dans l\u2019avion;cpos:5;pos:1;elm:context_link;itc:0;sec:content-canvas;outcm:mb_qualified_link;_E:mb_qualified_link;ct:story;\" class=\"link  yahoo-link\" target=\"_blank\" rel=\"noopener\">Comment Elon Musk permet \u00e0 Air France de vous offrir le wifi haut d\u00e9bit dans l\u2019avion <\/a><\/p>\n","protected":false},"excerpt":{"rendered":"MUSTAFA YALCIN \/ Anadolu via AFP Un Airbus d\u2019Air France arrivant \u00e0 l\u2019a\u00e9roport Paris-Charles de Gaulle, le 26&hellip;\n","protected":false},"author":2,"featured_media":560620,"comment_status":"","ping_status":"","sticky":false,"template":"","format":"standard","meta":{"footnotes":""},"categories":[1888],"tags":[1111,1928,11,1927,1816,36,67736,1777,674,1011,27,12,1926,626,1925,37864,67735,25],"class_list":{"0":"post-560619","1":"post","2":"type-post","3":"status-publish","4":"format-standard","5":"has-post-thumbnail","7":"category-paris","8":"tag-actu","9":"tag-actu-paris","10":"tag-actualites","11":"tag-actualites-paris","12":"tag-air-france","13":"tag-airbus","14":"tag-constructeur-aeronautique","15":"tag-eu","16":"tag-europe","17":"tag-fr","18":"tag-france","19":"tag-news","20":"tag-news-paris","21":"tag-paris","22":"tag-paris-news","23":"tag-parquet-general","24":"tag-premiere-instance","25":"tag-republique-francaise"},"share_on_mastodon":{"url":"https:\/\/pubeurope.com\/@fr\/115617635893148903","error":""},"_links":{"self":[{"href":"https:\/\/www.europesays.com\/fr\/wp-json\/wp\/v2\/posts\/560619","targetHints":{"allow":["GET"]}}],"collection":[{"href":"https:\/\/www.europesays.com\/fr\/wp-json\/wp\/v2\/posts"}],"about":[{"href":"https:\/\/www.europesays.com\/fr\/wp-json\/wp\/v2\/types\/post"}],"author":[{"embeddable":true,"href":"https:\/\/www.europesays.com\/fr\/wp-json\/wp\/v2\/users\/2"}],"replies":[{"embeddable":true,"href":"https:\/\/www.europesays.com\/fr\/wp-json\/wp\/v2\/comments?post=560619"}],"version-history":[{"count":0,"href":"https:\/\/www.europesays.com\/fr\/wp-json\/wp\/v2\/posts\/560619\/revisions"}],"wp:featuredmedia":[{"embeddable":true,"href":"https:\/\/www.europesays.com\/fr\/wp-json\/wp\/v2\/media\/560620"}],"wp:attachment":[{"href":"https:\/\/www.europesays.com\/fr\/wp-json\/wp\/v2\/media?parent=560619"}],"wp:term":[{"taxonomy":"category","embeddable":true,"href":"https:\/\/www.europesays.com\/fr\/wp-json\/wp\/v2\/categories?post=560619"},{"taxonomy":"post_tag","embeddable":true,"href":"https:\/\/www.europesays.com\/fr\/wp-json\/wp\/v2\/tags?post=560619"}],"curies":[{"name":"wp","href":"https:\/\/api.w.org\/{rel}","templated":true}]}}