{"id":560621,"date":"2025-11-26T19:24:19","date_gmt":"2025-11-26T19:24:19","guid":{"rendered":"https:\/\/www.europesays.com\/fr\/560621\/"},"modified":"2025-11-26T19:24:19","modified_gmt":"2025-11-26T19:24:19","slug":"ces-gros-chantiers-qui-vont-perturber-la-circulation-des-metros-et-rer-en-2026","status":"publish","type":"post","link":"https:\/\/www.europesays.com\/fr\/560621\/","title":{"rendered":"ces gros chantiers qui vont perturber la circulation des m\u00e9tros et RER en 2026"},"content":{"rendered":"<p>                    Par<br \/>\n        <strong><br \/>\n            <a href=\"https:\/\/actu.fr\/auteur\/ines-cussac-actu-fr\" title=\"Consulter tous les articles de In\u00e8s Cussac\" target=\"_blank\" rel=\"noopener\">In\u00e8s Cussac<\/a><br \/>\n                    <\/strong><\/p>\n<p>        Publi\u00e9 le<\/p>\n<p>            26 nov. 2025 \u00e0 19h06        <\/p>\n<p>Quelques \u00ab\u00a0bricoles\u00a0\u00bb \u00e0 presque 4 milliards d\u2019euros vont \u00eatre men\u00e9es l\u2019ann\u00e9e prochaine pour continuer de moderniser le r\u00e9seau ferroviaire francilien. Ce mercredi 26 novembre 2025, <strong>les gros chantiers de 2026<\/strong> ont \u00e9t\u00e9 pr\u00e9sent\u00e9s lors d\u2019une conf\u00e9rence de presse organis\u00e9e par \u00cele-de-France Mobilit\u00e9s, la <a href=\"https:\/\/actu.fr\/tag\/ratp\" target=\"_blank\" rel=\"noopener\">RATP<\/a>, Transilien <a href=\"https:\/\/actu.fr\/tag\/sncf\" target=\"_blank\" rel=\"noopener\">SNCF<\/a> Voyageurs, SNCF R\u00e9seau et SNCF Gares &amp; Connexions. Mais qui dit travaux, dit aussi fermetures de lignes et de stations. On fait le point.\u00a0<\/p>\n<p>Des travaux jusqu\u2019en 2030<\/p>\n<p class=\" wall-content\">Pour des questions de confort, s\u00e9curit\u00e9, fiabilit\u00e9 ou encore r\u00e9gularit\u00e9 des trains, les travaux de modernisation sont men\u00e9s jusqu\u2019en 2030. Cette ann\u00e9e,<strong> 3,8 milliards d\u2019euros<\/strong> ont \u00e9t\u00e9 vers\u00e9s pour financer ces chantiers permettant l\u2019arriv\u00e9e de nouveaux mat\u00e9riels roulants sur les lignes, la modernisation des ateliers de maintenance ou encore de d\u00e9velopper le r\u00e9seau pour permettre l\u2019arriv\u00e9e du Grand Paris Express.<\/p>\n<p class=\" wall-content\">Les travaux s\u2019\u00e9talent sur toute l\u2019ann\u00e9e mais les p\u00e9riodes de vacances ou de week-end prolong\u00e9s sont souvent un bon moyens pour mener les chantiers en ayant un impact moins fort sur le trajet des usagers.\u00a0<\/p>\n<p class=\" wall-content\"><strong>Dans le m\u00e9tro<\/strong><\/p>\n<ul class=\" wall-content\">\n<li><strong>Ligne 4 :<\/strong> fermeture du 20 avril au 1er mai entre Ch\u00e2teau Rouge et Ch\u00e2telet (renouvellement des voies) puis du 6 au 24 juillet entre Les Halles et Vavin (travaux sur les infrastructures).<\/li>\n<li><strong>Ligne 8 :<\/strong> fermeture du 20 au 27 ao\u00fbt entre les Balard et Concorde (travaux d\u2019adaptation \u00e0 l\u2019arriv\u00e9e du MF19) puis du 22 juillet 2026 jusqu\u2019en avril 2027 \u00e0 la station R\u00e9publique (r\u00e9novation).<\/li>\n<li><strong>Ligne 12 :<\/strong> fermeture de la ligne enti\u00e8re d\u00e8s 22h deux \u00e0 trois fois par semaine entre janvier et juin ainsi qu\u2019entre les stations Porte de Versailles et Mairie d\u2019Issy le dimanche 31 mai. Fermeture de la ligne une nouvelle fois entre Jules-Joffrin et Concorde du 16 au 26 juillet. De plus, des fermetures \u00e0 partir de 22h sont \u00e0 pr\u00e9voir quatre fois par mois (mise en place d\u2019un nouveau syst\u00e8me d\u2019exploitation des trains).<\/li>\n<li><strong>Ligne 13 :<\/strong> fermeture le week-end du 28 f\u00e9vrier entre Asni\u00e8res \u2013 Gennevilliers Les Courtilles et La Fourche, puis les 15 et 29 mars, 3 et 17 mai, 7 et 28 juin sur la ligne enti\u00e8re. Cet \u00e9t\u00e9, le trafic sera interrompu du 31 juillet au 17 ao\u00fbt entre Saint-Denis Universit\u00e9 et Porte de Saint-Ouen. La station Porte de Vanves sera ferm\u00e9e du 6 au 9 ao\u00fbt et la ligne enti\u00e8re sera ferm\u00e9e les dimanches matin 2, 16 et 30 ao\u00fbt (travaux d\u2019adaptation \u00e0 l\u2019arriv\u00e9e du MF19 et automatisation de la ligne).<\/li>\n<\/ul>\n<p>Dans le RER et le Transilien<\/p>\n<ul class=\" wall-content\">\n<li><strong>RER A :<\/strong> fermeture du 8 au 23 ao\u00fbt entre Vincennes (non inclus) et Noisy-le-Grand \u2013 Mont d\u2019Est (renouvellement d\u2019appareils de voie, des traverses et du ballast). Fermeture de la station Nation du 29 juin au 30 ao\u00fbt (r\u00e9novation) et fermeture en gare de Maisons-Laffitte du 1er au 17 juin et durant cinq week-end en continu du 6 juin au 5 juillet (remplacement d\u2019aiguillages).<\/li>\n<li><strong>RER B :<\/strong> fermeture entre Denfert-Rochereau et La Croix de Berny \/ Robinson les week-ends du 4 au 6 (P\u00e2ques) et du 18 avril et du 27 juin (renouvellement du poste de signalisation de Bourg-la-Reine) puis le week-end du 23 mai (Pentec\u00f4te) sur les lignes B nord et K, r\u00e9duction du trafic sur le RER D (raccordement et mise en service de nouvelles installations ferroviaires). Fermeture entre Aulnay-sous-Bois et Mitry-Claye les week-ends du 14, 21 et 28 f\u00e9vrier, 7 et 21 mars, 4, 11 et 25 avril, 2, 8, 16 et 30 mai, et 13 juin (remplacement de la cat\u00e9naire). Fermeture entre gare du Nord et Bourg-la-Reine du 25 juillet au 7 ao\u00fbt puis entre La Croix de Berny \/ Robinson du 8 au 16 ao\u00fbt (renouvellement des appareils de voie, du ballast, etc.) Du 25 juillet au 16 ao\u00fbt, le terminus sera Paris Gare du Nord (renouvellement d\u2019aiguillage).<\/li>\n<li><strong>RER C :<\/strong> fermeture les week-ends du 17 et 24 janvier, 28 f\u00e9vrier, 7 et 21 mars et 11 avril aux Gr\u00e9sillons. Fermeture\u00a0entre Champs-de-Mars et Pontoise du 4 au 6 avril (P\u00e2ques) et travaux de nuit en semaine de mars \u00e0 mai (remplacement d\u2019aiguillages en gare d\u2019Ermont Eaubonne). Fermeture du 15 juillet au 22 ao\u00fbt \u00e0 partir de Gare d\u2019Austerlitz vers l\u2019ouest (s\u00e9curisation en cas de crue de la Seine, remplacement de cat\u00e9naire et am\u00e9nagement de la gare d\u2019Issy).\u00a0<\/li>\n<li><strong>RER D :<\/strong> fermeture entre Paris Gare de Lyon et Combs La Ville \/ Juvisy ni de ligne R entre Paris et Melun du 1er au 3 mai \u00e0 12h (remplacement du poste d\u2019aiguillage). Fermeture du 27 avril au 21 juin \u00e0 partir de 21h entre Corbeil Essonnes et Malesherbes (remplacement de voies). Du 25 juillet au 16 ao\u00fbt, le terminus sera Paris Gare du Nord et Gare de Lyon (renouvellement d\u2019aiguillage).<\/li>\n<\/ul>\n<p>Dans le Tramway<\/p>\n<ul class=\" wall-content\">\n<li><strong>T1 :<\/strong> fermeture entre Bobigny \u2013 Pablo Picasso et Gare de Noisy-le-Sec du 1er au 31 ao\u00fbt et entre Asni\u00e8res \u2013 Quatre routes et La Courneuve 8 mai 1945 du 13 juillet au 28 ao\u00fbt (renouvellement de certains rails).<\/li>\n<\/ul>\n<p class=\" wall-content\">Personnalisez votre actualit\u00e9 en ajoutant vos villes et m\u00e9dias en favori avec <a href=\"https:\/\/moncompte.actu.fr\" title=\"D\u00e9couvez Mon Actu\" rel=\"nofollow noopener\" data-trk=\"{&quot;cta&quot;:{&quot;action&quot;:&quot;https:\\\/\\\/moncompte.actu.fr&quot;,&quot;category&quot;:&quot;mon compte&quot;,&quot;from&quot;:&quot;article footer&quot;,&quot;name&quot;:&quot;Mon actu&quot;,&quot;type&quot;:&quot;cta&quot;}}\" target=\"_blank\">Mon Actu<\/a>.<\/p>\n","protected":false},"excerpt":{"rendered":"Par In\u00e8s Cussac Publi\u00e9 le 26 nov. 2025 \u00e0 19h06 Quelques \u00ab\u00a0bricoles\u00a0\u00bb \u00e0 presque 4 milliards d\u2019euros vont&hellip;\n","protected":false},"author":2,"featured_media":277685,"comment_status":"","ping_status":"","sticky":false,"template":"","format":"standard","meta":{"footnotes":""},"categories":[1888],"tags":[11,1777,674,1011,27,12,626,625,25,104,2803,2086],"class_list":{"0":"post-560621","1":"post","2":"type-post","3":"status-publish","4":"format-standard","5":"has-post-thumbnail","7":"category-paris","8":"tag-actualites","9":"tag-eu","10":"tag-europe","11":"tag-fr","12":"tag-france","13":"tag-news","14":"tag-paris","15":"tag-ratp","16":"tag-republique-francaise","17":"tag-societe","18":"tag-transport","19":"tag-travaux"},"share_on_mastodon":{"url":"https:\/\/pubeurope.com\/@fr\/115617639031074291","error":""},"_links":{"self":[{"href":"https:\/\/www.europesays.com\/fr\/wp-json\/wp\/v2\/posts\/560621","targetHints":{"allow":["GET"]}}],"collection":[{"href":"https:\/\/www.europesays.com\/fr\/wp-json\/wp\/v2\/posts"}],"about":[{"href":"https:\/\/www.europesays.com\/fr\/wp-json\/wp\/v2\/types\/post"}],"author":[{"embeddable":true,"href":"https:\/\/www.europesays.com\/fr\/wp-json\/wp\/v2\/users\/2"}],"replies":[{"embeddable":true,"href":"https:\/\/www.europesays.com\/fr\/wp-json\/wp\/v2\/comments?post=560621"}],"version-history":[{"count":0,"href":"https:\/\/www.europesays.com\/fr\/wp-json\/wp\/v2\/posts\/560621\/revisions"}],"wp:featuredmedia":[{"embeddable":true,"href":"https:\/\/www.europesays.com\/fr\/wp-json\/wp\/v2\/media\/277685"}],"wp:attachment":[{"href":"https:\/\/www.europesays.com\/fr\/wp-json\/wp\/v2\/media?parent=560621"}],"wp:term":[{"taxonomy":"category","embeddable":true,"href":"https:\/\/www.europesays.com\/fr\/wp-json\/wp\/v2\/categories?post=560621"},{"taxonomy":"post_tag","embeddable":true,"href":"https:\/\/www.europesays.com\/fr\/wp-json\/wp\/v2\/tags?post=560621"}],"curies":[{"name":"wp","href":"https:\/\/api.w.org\/{rel}","templated":true}]}}