{"id":560624,"date":"2025-11-26T19:26:13","date_gmt":"2025-11-26T19:26:13","guid":{"rendered":"https:\/\/www.europesays.com\/fr\/560624\/"},"modified":"2025-11-26T19:26:13","modified_gmt":"2025-11-26T19:26:13","slug":"la-russie-apprecie-les-efforts-americains-et-prend-lavantage-sur-le-front","status":"publish","type":"post","link":"https:\/\/www.europesays.com\/fr\/560624\/","title":{"rendered":"La Russie appr\u00e9cie les efforts am\u00e9ricains et prend l\u2019avantage sur le front"},"content":{"rendered":"<p>Vous avez rat\u00e9 les derniers \u00e9v\u00e9nements sur la <a href=\"https:\/\/www.20minutes.fr\/monde\/ukraine\/\" class=\"c-link c-link--is-underlined\" target=\"_blank\" rel=\"noopener\">guerre en Ukraine<\/a>\u00a0? 20 Minutes fait le point pour vous tous les soirs. Voici l\u2019essentiel de ce mercredi 26\u00a0novembre, au 1.372e jour du conflit.<\/p>\n<p>Le fait du jour<\/p>\n<p>Probablement pas une bonne nouvelle pour l\u2019Ukraine. Le Kremlin a qualifi\u00e9 ce mercredi de \u00ab\u00a0processus s\u00e9rieux\u00a0\u00bb les <a href=\"https:\/\/www.20minutes.fr\/monde\/ukraine\/4187920-20251125-guerre-ukraine-negociations-intenses-paix-trump-optimiste-macron-croit-russie\" class=\"c-link c-link--is-underlined\" target=\"_blank\" rel=\"noopener\">efforts diplomatiques en cours autour du plan am\u00e9ricain<\/a> pour mettre fin \u00e0 la guerre, avant une visite pr\u00e9vue la semaine prochaine \u00e0 Moscou de l\u2019\u00e9missaire am\u00e9ricain Steve Witkoff. Le porte-parole du Kremlin Dmitri Peskov a ainsi estim\u00e9 qu\u2019il n\u2019y avait \u00ab\u00a0\u00e0 l\u2019heure actuelle probablement rien de plus important\u00a0\u00bb que le \u00ab\u00a0processus s\u00e9rieux\u00a0\u00bb en cours, tout en pr\u00e9venant qu\u2019il est encore \u00ab\u00a0trop t\u00f4t\u00a0\u00bb pour savoir si l\u2019on se rapproche d\u2019une possible sortie d\u2019un conflit qui dure depuis pr\u00e8s de quatre ans.<\/p>\n<p>Moscou a notamment relev\u00e9 mercredi certains points \u00ab\u00a0positifs\u00a0\u00bb dans le plan am\u00e9ricain, apr\u00e8s avoir rejet\u00e9 une contre-proposition europ\u00e9enne. \u00ab\u00a0Beaucoup d\u2019autres n\u00e9cessitent une discussion sp\u00e9ciale entre experts\u00a0\u00bb, a ajout\u00e9 mercredi le conseiller diplomatique du Kremlin, Iouri Ouchakov, \u00e0 la t\u00e9l\u00e9vision publique russe.<\/p>\n<p>Il a n\u00e9anmoins assur\u00e9 que la Russie n\u2019en avait encore discut\u00e9 \u00ab\u00a0en d\u00e9tail avec personne\u00a0\u00bb et a jug\u00e9 \u00ab\u00a0inutiles\u00a0\u00bb les efforts des Europ\u00e9ens pour jouer un r\u00f4le dans le r\u00e8glement du conflit.<\/p>\n<p>La d\u00e9claration du jour<\/p>\n<blockquote class=\"mx-m@xs mx-xxl@md color-ultramarine c-citation\">\n<p class=\"font-weight-regular@xs text-italic font-source-serif-pro text-l@xs c-citation__content\">\u00ab\u00a0Je veux \u00eatre tr\u00e8s claire\u00a0: l\u2019Europe se tiendra aux c\u00f4t\u00e9s de l\u2019Ukraine et la soutiendra \u00e0 chaque \u00e9tape\u00a0\u00bb<\/p>\n<\/blockquote>\n<p>Les paroles sont sign\u00e9es <a href=\"https:\/\/www.20minutes.fr\/politique\/ursula-von-der-leyen\/\" class=\"c-link c-link--is-underlined\" target=\"_blank\" rel=\"noopener\">Ursula von der Leyen<\/a>. Devant les d\u00e9put\u00e9s europ\u00e9ens \u00e0 Strasbourg, la pr\u00e9sidente de la <a href=\"https:\/\/www.20minutes.fr\/dossier\/commission_europeenne\" class=\"c-link c-link--is-underlined\" target=\"_blank\" rel=\"noopener\">Commission europ\u00e9enne<\/a> a assur\u00e9 ce mercredi que l\u2019UE soutiendra l\u2019Ukraine sans rel\u00e2che jusqu\u2019\u00e0 obtenir la paix. \u00ab\u00a0L\u2019Europe doit maintenir la pression sur la Russie, jusqu\u2019\u00e0 ce qu\u2019il y ait une paix juste et durable. Et je veux \u00eatre tr\u00e8s claire\u00a0: l\u2019Europe se tiendra aux c\u00f4t\u00e9s de l\u2019Ukraine et la soutiendra \u00e0 chaque \u00e9tape\u00a0\u00bb, a d\u00e9clar\u00e9 Ursula von der Leyen.<\/p>\n<p>\u00ab\u00a0C\u2019est important que des travaux sur un texte concret aient commenc\u00e9. Nous savons tous que des efforts suppl\u00e9mentaires sont n\u00e9cessaires. Mais je crois, gr\u00e2ce au travail accompli ces derniers jours \u00e0 Gen\u00e8ve par l\u2019Ukraine, les \u00c9tats-Unis et nous autres Europ\u00e9ens, que nous disposons d\u00e9sormais d\u2019un point de d\u00e9part\u00a0\u00bb, a compl\u00e9t\u00e9 la cheffe de l\u2019ex\u00e9cutif europ\u00e9en.<\/p>\n<p><\/p>\n<p>La tendance<\/p>\n<p>En parall\u00e8le des discussions diplomatiques, les troupes de Kiev se battent avec acharnement pour des forteresses du Donbass. C\u2019est cette r\u00e9gion industrielle et mini\u00e8re de l\u2019est du pays que le Kremlin s\u2019est donn\u00e9 pour objectif prioritaire de conqu\u00e9rir. Et apr\u00e8s pr\u00e8s de quatre ans d\u2019invasion, la Russie, qui occupe plus de 19\u00a0% du territoire ukrainien, n\u2019a jamais \u00e9t\u00e9 aussi proche du but.<\/p>\n<p>\u00ab\u00a0La situation ne fait qu\u2019empirer [\u2026] Je ne me souviens pas avoir vu l\u2019ennemi avancer \u00e0 une telle vitesse depuis longtemps\u00a0\u00bb, avertit sur Telegram Maksym Jorine, un officier du 3e corps d\u2019arm\u00e9e ukrainien. Pour lui, \u00ab\u00a0la question n\u2019est plus la perte de certaines localit\u00e9s, mais l\u2019am\u00e9lioration significative de la situation op\u00e9rationnelle de l\u2019ennemi sur l\u2019ensemble des fronts\u00a0\u00bb.<\/p>\n<p>M\u00eame constat chez Mykyta, un soldat interrog\u00e9 par l\u2019AFP. \u00ab\u00a0La situation sur le front est telle que nous perdons chaque jour du terrain et des hommes\u00a0\u00bb, rel\u00e8ve-t-il, disant esp\u00e9rer que les d\u00e9cideurs n\u00e9gocieront \u00ab\u00a0plus rapidement et mettront fin \u00e0 tout cela\u00a0\u00bb.<\/p>\n<p>La collaboration du jour<\/p>\n<p>Steve Witkoff, \u00e9missaire sp\u00e9cial de Donald Trump, aurait <a href=\"https:\/\/www.20minutes.fr\/monde\/ukraine\/4187937-20251126-guerre-ukraine-emissaire-americain-conseille-kremlin-amadouer-trump-ukraine\" class=\"c-link c-link--is-underlined\" target=\"_blank\" rel=\"noopener\">donn\u00e9 des conseils \u00e0 un conseiller de Vladimir Poutine<\/a> sur la mani\u00e8re d\u2019introduire aupr\u00e8s du pr\u00e9sident am\u00e9ricain un plan de r\u00e8glement du conflit en Ukraine, selon une conversation t\u00e9l\u00e9phonique r\u00e9v\u00e9l\u00e9e mardi par Bloomberg.<\/p>\n<p>L\u2019agence de presse am\u00e9ricaine Bloomberg a publi\u00e9 la retranscription d\u2019un \u00e9change du 14\u00a0octobre entre l\u2019ancien homme d\u2019affaires et Iouri Ouchakov, conseiller diplomatique du pr\u00e9sident russe, dans lequel est \u00e9voqu\u00e9 un futur plan de r\u00e8glement du conflit, inspir\u00e9 de celui annonc\u00e9 peu auparavant pour mettre fin \u00e0 la guerre \u00e0 Gaza.<\/p>\n<p>\u00ab\u00a0Cette histoire prouve une chose\u00a0: l\u2019\u00e9missaire sp\u00e9cial Witkoff parle \u00e0 des responsables \u00e0 la fois en Russie et en Ukraine presque chaque jour pour obtenir la paix, ce qui est exactement ce pour quoi le pr\u00e9sident Trump l\u2019a nomm\u00e9\u00a0\u00bb, s\u2019est d\u00e9fendu le directeur de communication de la Maison Blanche Steven Cheung, dans une d\u00e9claration transmise \u00e0 l\u2019AFP.<\/p>\n<p>Le pr\u00e9sident am\u00e9ricain a lui aussi pris la d\u00e9fense de son \u00e9missaire sp\u00e9cial, tout en indiquant n\u2019avoir pas entendu la conversation en question, Donald Trump a jug\u00e9 qu\u2019il s\u2019agissait d\u2019une technique de n\u00e9gociation \u00ab\u00a0standard\u00a0\u00bb.<\/p>\n","protected":false},"excerpt":{"rendered":"Vous avez rat\u00e9 les derniers \u00e9v\u00e9nements sur la guerre en Ukraine\u00a0? 20 Minutes fait le point pour vous&hellip;\n","protected":false},"author":2,"featured_media":560625,"comment_status":"","ping_status":"","sticky":false,"template":"","format":"standard","meta":{"footnotes":""},"categories":[1591],"tags":[47,11,75,8998,73,1887,131,4998,74,1916,12,1885,1886,132,2544,135],"class_list":{"0":"post-560624","1":"post","2":"type-post","3":"status-publish","4":"format-standard","5":"has-post-thumbnail","7":"category-russie","8":"tag-actualite","9":"tag-actualites","10":"tag-donald-trump","11":"tag-donbass","12":"tag-etats-unis","13":"tag-federation-de-russie","14":"tag-guerre-en-ukraine","15":"tag-kremlin","16":"tag-monde","17":"tag-moscou","18":"tag-news","19":"tag-russia","20":"tag-russian-federation","21":"tag-russie","22":"tag-ursula-von-der-leyen","23":"tag-vladimir-poutine"},"share_on_mastodon":{"url":"https:\/\/pubeurope.com\/@fr\/115617646869409319","error":""},"_links":{"self":[{"href":"https:\/\/www.europesays.com\/fr\/wp-json\/wp\/v2\/posts\/560624","targetHints":{"allow":["GET"]}}],"collection":[{"href":"https:\/\/www.europesays.com\/fr\/wp-json\/wp\/v2\/posts"}],"about":[{"href":"https:\/\/www.europesays.com\/fr\/wp-json\/wp\/v2\/types\/post"}],"author":[{"embeddable":true,"href":"https:\/\/www.europesays.com\/fr\/wp-json\/wp\/v2\/users\/2"}],"replies":[{"embeddable":true,"href":"https:\/\/www.europesays.com\/fr\/wp-json\/wp\/v2\/comments?post=560624"}],"version-history":[{"count":0,"href":"https:\/\/www.europesays.com\/fr\/wp-json\/wp\/v2\/posts\/560624\/revisions"}],"wp:featuredmedia":[{"embeddable":true,"href":"https:\/\/www.europesays.com\/fr\/wp-json\/wp\/v2\/media\/560625"}],"wp:attachment":[{"href":"https:\/\/www.europesays.com\/fr\/wp-json\/wp\/v2\/media?parent=560624"}],"wp:term":[{"taxonomy":"category","embeddable":true,"href":"https:\/\/www.europesays.com\/fr\/wp-json\/wp\/v2\/categories?post=560624"},{"taxonomy":"post_tag","embeddable":true,"href":"https:\/\/www.europesays.com\/fr\/wp-json\/wp\/v2\/tags?post=560624"}],"curies":[{"name":"wp","href":"https:\/\/api.w.org\/{rel}","templated":true}]}}