{"id":560632,"date":"2025-11-26T19:30:33","date_gmt":"2025-11-26T19:30:33","guid":{"rendered":"https:\/\/www.europesays.com\/fr\/560632\/"},"modified":"2025-11-26T19:30:33","modified_gmt":"2025-11-26T19:30:33","slug":"lue-et-lallemagne-fournissent-143-generateurs-a-plus-de-100-hopitaux-ukrainiens","status":"publish","type":"post","link":"https:\/\/www.europesays.com\/fr\/560632\/","title":{"rendered":"L\u2019UE et l\u2019Allemagne fournissent 143 g\u00e9n\u00e9rateurs \u00e0 plus de 100 h\u00f4pitaux ukrainiens"},"content":{"rendered":"<p>Le minist\u00e8re ukrainien de la Sant\u00e9 a re\u00e7u 143 g\u00e9n\u00e9rateurs financ\u00e9s conjointement par l\u2019Union europ\u00e9enne et l\u2019Allemagne, a annonc\u00e9 l\u2019ambassade allemande sur le r\u00e9seau X.<\/p>\n<p style=\"text-align: justify;\">Selon la repr\u00e9sentation diplomatique, ces \u00e9quipements seront distribu\u00e9s \u00e0 plus de 100 \u00e9tablissements m\u00e9dicaux r\u00e9partis dans 20 r\u00e9gions du pays.<\/p>\n<blockquote class=\"twitter-tweet\" data-media-max-width=\"560\"><p>&#13;<\/p>\n<p dir=\"ltr\" lang=\"uk\">\ud83c\uddea\ud83c\uddfa \u0456 \ud83c\udde9\ud83c\uddea \u043f\u0435\u0440\u0435\u0434\u0430\u043b\u0438 <a href=\"https:\/\/twitter.com\/MoH_Ukraine?ref_src=twsrc%5Etfw\" target=\"_blank\" rel=\"noopener\">@MoH_Ukraine<\/a> 143 \u0433\u0435\u043d\u0435\u0440\u0430\u0442\u043e\u0440\u0438 \u2013 \u0434\u043b\u044f \u043f\u043e\u043d\u0430\u0434 100 \u043c\u0435\u0434\u0437\u0430\u043a\u043b\u0430\u0434\u0456\u0432 \u0443 20 \u043e\u0431\u043b\u0430\u0441\u0442\u044f\u0445 \ud83c\uddfa\ud83c\udde6. \u0420\u0430\u0437\u043e\u043c \u0432\u043e\u043d\u0438 \u0434\u0430\u044e\u0442\u044c 17,4 \u041c\u0412\u0442 \u2013 \u044f\u043a \u0434\u043b\u044f 14 \u0442\u0438\u0441. \u0434\u043e\u043c\u043e\u0433\u043e\u0441\u043f\u043e\u0434\u0430\u0440\u0441\u0442\u0432.<\/p>\n<p>\u00ab\u041c\u0438 \u0434\u0456\u0454\u043c\u043e \u0448\u0432\u0438\u0434\u043a\u043e. \u0404\u0421 \u0437\u0430\u043b\u0438\u0448\u0430\u0442\u0438\u043c\u0435\u0442\u044c\u0441\u044f \u043d\u0435\u043f\u043e\u0445\u0438\u0442\u043d\u0438\u043c \u0443 \u043f\u0456\u0434\u0442\u0440\u0438\u043c\u0446\u0456 \u0423\u043a\u0440\u0430\u0457\u043d\u0438\u00bb, \u2013 \u0417\u0430\u0441\u0442\u0443\u043f\u043d\u0438\u043a \u041f\u043e\u0441\u043b\u0430 \ud83c\udde9\ud83c\uddea \u0420\u0430\u0448. <a href=\"https:\/\/twitter.com\/hashtag\/%D0%9C%D0%B8%D0%A0%D0%B0%D0%B7%D0%BE%D0%BC?src=hash&amp;ref_src=twsrc%5Etfw\" target=\"_blank\" rel=\"noopener\">#\u041c\u0438\u0420\u0430\u0437\u043e\u043c<\/a> \u043f\u0440\u043e\u0439\u0434\u0435\u043c\u043e \u0446\u044e \u0437\u0438\u043c\u0443. <a href=\"https:\/\/t.co\/aoTAQ4EZy5\">pic.twitter.com\/aoTAQ4EZy5<\/a><\/p>\n<p>&#13;<br \/>\n\u2014 \u041f\u043e\u0441\u043e\u043b\u044c\u0441\u0442\u0432\u043e \u041d\u0456\u043c\u0435\u0447\u0447\u0438\u043d\u0438 (@GermanyinUA) <a href=\"https:\/\/twitter.com\/GermanyinUA\/status\/1993686982237548792?ref_src=twsrc%5Etfw\" target=\"_blank\" rel=\"noopener\">November 26, 2025<\/a><\/p><\/blockquote>\n<p style=\"text-align: justify;\">Lors de la c\u00e9r\u00e9monie officielle, le vice-ambassadeur d\u2019Allemagne en Ukraine, Maximilian Rasch, a r\u00e9affirm\u00e9 l\u2019engagement ind\u00e9fectible de l\u2019UE envers l\u2019Ukraine et assur\u00e9 que l\u2019Europe l\u2019aiderait \u00e0 surmonter l\u2019hiver \u00e0 venir.<\/p>\n<p style=\"text-align: justify;\">Comme Ukrinform l\u2019a d\u00e9j\u00e0 relev\u00e9, l\u2019Allemagne ne r\u00e9duira pas son soutien \u00e0 l\u2019Ukraine : elle augmente son aide militaire et fournit imm\u00e9diatement 170 millions d\u2019euros d\u2019aide hivernale, afin de montrer \u00e0 Poutine, entre autres, qu\u2019il ne parviendra pas \u00e0 ses fins en Ukraine, a d\u00e9clar\u00e9 mercredi le chancelier allemand Friedrich Merz dans un discours au Bundestag lors des d\u00e9bats sur le budget 2026.<\/p>\n<p style=\"text-align: justify;\">Photo: Capture d\u2019\u00e9cran<\/p>\n<p><script async src=\"https:\/\/platform.twitter.com\/widgets.js\" charset=\"utf-8\"><\/script><\/p>\n","protected":false},"excerpt":{"rendered":"Le minist\u00e8re ukrainien de la Sant\u00e9 a re\u00e7u 143 g\u00e9n\u00e9rateurs financ\u00e9s conjointement par l\u2019Union europ\u00e9enne et l\u2019Allemagne, a&hellip;\n","protected":false},"author":2,"featured_media":560633,"comment_status":"","ping_status":"","sticky":false,"template":"","format":"standard","meta":{"footnotes":""},"categories":[1587],"tags":[11,672,1804,1805,1803,1777,674,1801,12,1802],"class_list":{"0":"post-560632","1":"post","2":"type-post","3":"status-publish","4":"format-standard","5":"has-post-thumbnail","7":"category-allemagne","8":"tag-actualites","9":"tag-allemagne","10":"tag-bundesrepublik-deutschland","11":"tag-de","12":"tag-deutschland","13":"tag-eu","14":"tag-europe","15":"tag-germany","16":"tag-news","17":"tag-republique-federale-dallemagne"},"share_on_mastodon":{"url":"https:\/\/pubeurope.com\/@fr\/115617662479549604","error":""},"_links":{"self":[{"href":"https:\/\/www.europesays.com\/fr\/wp-json\/wp\/v2\/posts\/560632","targetHints":{"allow":["GET"]}}],"collection":[{"href":"https:\/\/www.europesays.com\/fr\/wp-json\/wp\/v2\/posts"}],"about":[{"href":"https:\/\/www.europesays.com\/fr\/wp-json\/wp\/v2\/types\/post"}],"author":[{"embeddable":true,"href":"https:\/\/www.europesays.com\/fr\/wp-json\/wp\/v2\/users\/2"}],"replies":[{"embeddable":true,"href":"https:\/\/www.europesays.com\/fr\/wp-json\/wp\/v2\/comments?post=560632"}],"version-history":[{"count":0,"href":"https:\/\/www.europesays.com\/fr\/wp-json\/wp\/v2\/posts\/560632\/revisions"}],"wp:featuredmedia":[{"embeddable":true,"href":"https:\/\/www.europesays.com\/fr\/wp-json\/wp\/v2\/media\/560633"}],"wp:attachment":[{"href":"https:\/\/www.europesays.com\/fr\/wp-json\/wp\/v2\/media?parent=560632"}],"wp:term":[{"taxonomy":"category","embeddable":true,"href":"https:\/\/www.europesays.com\/fr\/wp-json\/wp\/v2\/categories?post=560632"},{"taxonomy":"post_tag","embeddable":true,"href":"https:\/\/www.europesays.com\/fr\/wp-json\/wp\/v2\/tags?post=560632"}],"curies":[{"name":"wp","href":"https:\/\/api.w.org\/{rel}","templated":true}]}}