{"id":560636,"date":"2025-11-26T19:33:13","date_gmt":"2025-11-26T19:33:13","guid":{"rendered":"https:\/\/www.europesays.com\/fr\/560636\/"},"modified":"2025-11-26T19:33:13","modified_gmt":"2025-11-26T19:33:13","slug":"incident-chimique-dans-une-piscine-30-enfants-evacues-du-bassin-en-urgence","status":"publish","type":"post","link":"https:\/\/www.europesays.com\/fr\/560636\/","title":{"rendered":"incident chimique dans une piscine, 30 enfants \u00e9vacu\u00e9s du bassin en urgence"},"content":{"rendered":"<p class=\"article__intro\">Un incident a provoqu\u00e9 l\u2019\u00e9vacuation d\u2019une trentaine d\u2019enfants de la piscine Aquasud de Saint-Cyprien, dans les Pyr\u00e9n\u00e9es-Orientales, mercredi 26 novembre 2025. Une forte odeur de produit chimique a suscit\u00e9 l&rsquo;inqui\u00e9tude. Les pompiers ont s\u00e9curis\u00e9 les lieux. Aucun bless\u00e9 grave n\u2019est signal\u00e9.<\/p>\n<p>\n      La Quotidienne Soci\u00e9t\u00e9\n    <\/p>\n<p>\n      De la vie quotidienne aux grands enjeux, recevez tous les jours les sujets qui font la soci\u00e9t\u00e9 locale, comme la justice, l\u2019\u00e9ducation, la sant\u00e9 et la famille.\n    <\/p>\n<p>    France T\u00e9l\u00e9visions utilise votre adresse e-mail afin de vous envoyer la newsletter \u00ab\u00a0La Quotidienne Soci\u00e9t\u00e9\u00a0\u00bb. Vous pouvez vous d\u00e9sinscrire \u00e0 tout moment via le lien en bas de cette newsletter. <a target=\"_blank\" href=\"https:\/\/www.francetelevisions.fr\/groupe\/confidentialite\/politique-de-confidentialite\/politique-de-confidentialite-de-france-televisions-6503\" rel=\"noopener\">Notre politique de confidentialit\u00e9<\/a><\/p>\n<p>Ce mercredi soir, l\u2019entra\u00eenement de natation synchronis\u00e9e de jeunes enfants a vir\u00e9 \u00e0 l&rsquo;incident \u00e0 la piscine Aquasud de Saint-Cyprien. Une forte odeur de produits chimique a entrain\u00e9 l\u2019\u00e9vacuation imm\u00e9diate du site. Les pompiers ont d\u00e9clench\u00e9 une intervention d\u2019ampleur. Ils ont pris en charge trente enfants. Les familles rencontr\u00e9es sur place ce soir ont fait part de leur inqui\u00e9tude.<\/p>\n<p>Une forte odeur a interrompu brutalement l\u2019entra\u00eenement. Selon les premi\u00e8res informations, un produit aurait \u00e9t\u00e9 \u00e9vers\u00e9 dans l\u2019eau du bassin o\u00f9 nageaient des enfants. La substance reste inconnue \u00e0 cette heure. Les enfants, surpris, ont \u00e9t\u00e9 sortis rapidement du bassin.<\/p>\n<p>\u00ab\u00a0On \u00e9tait en train de nager, on nous a fait sortir de l\u2019eau, raconte C\u00e9liane, 8 ans, membre du club de natation synchronis\u00e9e. Moi je n\u2019ai rien senti vraiment \u00e0 part une odeur tr\u00e8s tr\u00e8s forte.\u00a0\u00bb Cette odeur, d\u00e9crite comme irritante, a entra\u00een\u00e9 la mise \u00e0 l\u2019abri imm\u00e9diate du groupe. Les enfants ont re\u00e7u des couvertures de survie et ont \u00e9t\u00e9 conduits \u00e0 cinquante m\u00e8tres de l\u00e0, au club du troisi\u00e8me \u00e2ge qui a servi de salle d\u2019accueil pour rassurer les enfants.<\/p>\n<p>Avertis de l&rsquo;incident, 50 pompiers ont converg\u00e9 vers la piscine municipale. La police municipale et la gendarmerie de Saint-Cyprien et d\u2019Elne ont s\u00e9curis\u00e9 le p\u00e9rim\u00e8tre. Le Service d&rsquo;incendie et de secours des Pyr\u00e9n\u00e9es-Orientales \u00e9voque un bilan sanitaire sans complications majeures.<\/p>\n<p>\u00ab\u00a0Au niveau d&rsquo;un local technique en sous-sol, il y a eu une \u00e9manation de chlore qui est pass\u00e9e par une cage d&rsquo;escalier jusqu&rsquo;\u00e0 la piscine, pr\u00e9cise le Capitaine Gregory Koral, le commandant des op\u00e9rations de secours sur cette intervention. A ce moment-l\u00e0, il y avait une cinquantaine de personnes dans la piscine, majoritairement des enfants de quatre \u00e0 15 ans, d&rsquo;associations sportives, des encadrants et des employ\u00e9s.\u00a0\u00bb Tous les enfants sont rentr\u00e9s chez eux ce soir, avec des consignes de surveillance de leur \u00e9tat dans les prochaines heures donn\u00e9es au parents. <\/p>\n<p>Les familles ont \u00e9t\u00e9 pr\u00e9venues directement par les secours. Des proches se sont pr\u00e9cipit\u00e9es sur place, inquiets. \u00ab\u00a0On a eu vraiment tr\u00e8s tr\u00e8s peur, on est venu chercher les enfants dans l\u2019urgence\u00a0\u00bb, explique la maman de C\u00e9liane qui tient \u00e0 saluer la gestion de l\u2019\u00e9v\u00e8nement\u00a0: \u00ab\u00a0les pompiers sont arriv\u00e9s tr\u00e8s rapidement.\u00a0\u00bb<\/p>\n<p>La maire de C\u00e9liane et les commandant des pompiers soulignent l&rsquo;efficacit\u00e9 de Vanessa, la coach de natation synchronis\u00e9e, qui a fait sortir les enfants en urgence et a encadr\u00e9 l\u2019\u00e9vacuation avec sang-froid.<\/p>\n<p>A cette heure, on ne conna\u00eet pas encore la cause de l\u2019incident. Des relev\u00e9s ont \u00e9t\u00e9 r\u00e9alis\u00e9s par la cellule risques technologiques du Sdis. Une enqu\u00eate va \u00eatre diligent\u00e9e. La piscine restera ferm\u00e9es au moins 48h.<\/p>\n","protected":false},"excerpt":{"rendered":"Un incident a provoqu\u00e9 l\u2019\u00e9vacuation d\u2019une trentaine d\u2019enfants de la piscine Aquasud de Saint-Cyprien, dans les Pyr\u00e9n\u00e9es-Orientales, mercredi&hellip;\n","protected":false},"author":2,"featured_media":560637,"comment_status":"","ping_status":"","sticky":false,"template":"","format":"standard","meta":{"footnotes":""},"categories":[1586],"tags":[11,1777,674,1779,1011,27,12,25,1778,364],"class_list":{"0":"post-560636","1":"post","2":"type-post","3":"status-publish","4":"format-standard","5":"has-post-thumbnail","7":"category-europe","8":"tag-actualites","9":"tag-eu","10":"tag-europe","11":"tag-european-union","12":"tag-fr","13":"tag-france","14":"tag-news","15":"tag-republique-francaise","16":"tag-ue","17":"tag-union-europeenne"},"share_on_mastodon":{"url":"https:\/\/pubeurope.com\/@fr\/115617674385766040","error":""},"_links":{"self":[{"href":"https:\/\/www.europesays.com\/fr\/wp-json\/wp\/v2\/posts\/560636","targetHints":{"allow":["GET"]}}],"collection":[{"href":"https:\/\/www.europesays.com\/fr\/wp-json\/wp\/v2\/posts"}],"about":[{"href":"https:\/\/www.europesays.com\/fr\/wp-json\/wp\/v2\/types\/post"}],"author":[{"embeddable":true,"href":"https:\/\/www.europesays.com\/fr\/wp-json\/wp\/v2\/users\/2"}],"replies":[{"embeddable":true,"href":"https:\/\/www.europesays.com\/fr\/wp-json\/wp\/v2\/comments?post=560636"}],"version-history":[{"count":0,"href":"https:\/\/www.europesays.com\/fr\/wp-json\/wp\/v2\/posts\/560636\/revisions"}],"wp:featuredmedia":[{"embeddable":true,"href":"https:\/\/www.europesays.com\/fr\/wp-json\/wp\/v2\/media\/560637"}],"wp:attachment":[{"href":"https:\/\/www.europesays.com\/fr\/wp-json\/wp\/v2\/media?parent=560636"}],"wp:term":[{"taxonomy":"category","embeddable":true,"href":"https:\/\/www.europesays.com\/fr\/wp-json\/wp\/v2\/categories?post=560636"},{"taxonomy":"post_tag","embeddable":true,"href":"https:\/\/www.europesays.com\/fr\/wp-json\/wp\/v2\/tags?post=560636"}],"curies":[{"name":"wp","href":"https:\/\/api.w.org\/{rel}","templated":true}]}}