{"id":560638,"date":"2025-11-26T19:34:14","date_gmt":"2025-11-26T19:34:14","guid":{"rendered":"https:\/\/www.europesays.com\/fr\/560638\/"},"modified":"2025-11-26T19:34:14","modified_gmt":"2025-11-26T19:34:14","slug":"le-senat-adopte-un-budget-de-la-secu-moins-couteux-et-profondement-modifie","status":"publish","type":"post","link":"https:\/\/www.europesays.com\/fr\/560638\/","title":{"rendered":"le S\u00e9nat adopte un budget de la \u00abS\u00e9cu\u00bb moins co\u00fbteux et profond\u00e9ment modifi\u00e9"},"content":{"rendered":"<p>\n    <strong>D\u00c9CRYPTAGE &#8211;<\/strong> Apr\u00e8s le vote du Palais du Luxembourg, une commission mixte paritaire (CMP), r\u00e9unissant sept s\u00e9nateurs et sept d\u00e9put\u00e9s, s\u2019est tenue ce mercredi soir, mais n\u2019a pas \u00e9t\u00e9 conclusive.<\/p>\n<p class=\"fig-paragraph\">La droite s\u00e9natoriale marque son territoire. Apr\u00e8s un peu plus d\u2019une semaine de d\u00e9bats, elle envoie m\u00eame un message clair aux d\u00e9put\u00e9s comme \u00e0 l\u2019ex\u00e9cutif. Ce mercredi apr\u00e8s-midi, au Palais du Luxembourg, les s\u00e9nateurs ont adopt\u00e9, avec 196 voix pour et 119 contre, le<a href=\"https:\/\/video.lefigaro.fr\/figaro\/economie\/qu-est-ce-que-le-plfss-et-pourquoi-en-parle-t-on-autant-20251104\" data-fig-type=\"Video\" data-gtm-custom-categorie=\"navigation\" data-gtm-custom-action=\"crossclick\" data-gtm-custom-label=\"Contextuel\" data-gtm-event=\"customEventSPE\" data-fig-domain=\"LEFIGARO\" target=\"_blank\" rel=\"noopener\">\u00a0projet de loi de financement de la S\u00e9curit\u00e9 sociale<\/a>\u00a0(PLFSS). Un texte que les parlementaires de la Chambre haute ont\u00a0<a href=\"http:\/\/www.lefigaro.fr\/politique\/budget-les-senateurs-impatients-de-nettoyer-l-hysterie-fiscale-de-l-assemblee-au-kaercher-20251113\" data-fig-type=\"Article\" data-gtm-custom-categorie=\"navigation\" data-gtm-custom-action=\"crossclick\" data-gtm-custom-label=\"Contextuel\" data-gtm-event=\"customEventSPE\" data-fig-domain=\"LEFIGARO\" target=\"_blank\" rel=\"noopener\">largement r\u00e9\u00e9crit\u00a0<\/a>tout au long de son examen, supprimant une tr\u00e8s grande partie des mesures vot\u00e9es \u00e0 l\u2019Assembl\u00e9e nationale et modifiant \u00e9galement la copie initiale du gouvernement. \u00abLes LR ont compos\u00e9 leur budget r\u00eav\u00e9\u00bb, r\u00e9sume, d\u2019une phrase, le patron des s\u00e9nateurs \u00e9cologistes, Guillaume Gontard.<\/p>\n<p class=\"fig-paragraph\">Effectivement, le S\u00e9nat, domin\u00e9 par la droite et le centre, a comme chaque ann\u00e9e lors de l\u2019examen des textes budg\u00e9taires, jou\u00e9 sa partition. Ses \u00e9lus ont tout d\u2019abord\u00a0r\u00e9tabli la r\u00e9forme des retraites\u00a0d\u2019\u00c9lisabeth Borne, suspendue par les d\u00e9put\u00e9s en premi\u00e8re lecture. Ils ont \u00e9galement r\u00e9tabli\u00a0<a href=\"https:\/\/video.lefigaro.fr\/figaro\/economie\/le-senat-renforce-le-budget-de-la-securite-sociale-gel-de-la-csg-et-retour-de-la-taxe-sur-les-mutuelles-20251121\" data-fig-type=\"Video\" data-gtm-custom-categorie=\"navigation\" data-gtm-custom-action=\"crossclick\" data-gtm-custom-label=\"Contextuel\" data-gtm-event=\"customEventSPE\" data-fig-domain=\"LEFIGARO\" target=\"_blank\" rel=\"noopener\">le gel du bar\u00e8me de la CSG<\/a>, qui\u2026<\/p>\n<p class=\"fig-premium-paywall__infos\">\n        Cet article est r\u00e9serv\u00e9 aux abonn\u00e9s.        Il vous reste 82% \u00e0 d\u00e9couvrir.\n    <\/p>\n<p>                <img  data- alt=\"Le Figaro\" class=\"fig-img--complete fig-img\"\/><\/p>\n<p class=\"fig-premium-paywall__title\">Black Friday<\/p>\n<p class=\"fig-premium-paywall__subtitle\">-70% sur l&rsquo;abonnement num\u00e9rique<\/p>\n<p class=\"fig-premium-paywall__connect\">\n                D\u00e9j\u00e0 abonn\u00e9\u00a0?                <a class=\"fig-premium-paywall__connect-link\" href=\"https:\/\/connect.lefigaro.fr\/login?client=horizon_web&amp;type=main&amp;redirect_uri=https%3A%2F%2Fwww.lefigaro.fr%2Fpolitique%2Fretraites-taxes-sante-le-senat-adopte-un-budget-de-la-secu-moins-couteux-et-profondement-modifie-20251126\" data-js-gtm=\"{&quot;customCategorie&quot;: &quot;conversion&quot;, &quot;customAction&quot;: &quot;before_Landing_Connexion_paywall_auto&quot;, &quot;customLabel&quot;: &quot;bGVmaWdhcm8uZnJfXzFmMGNhYWYyLTQzNWMtNjkwMi04ZDQxLTZmZThhNTljOTY3MF9fTmV3c0ZsYXNo_Retraites, taxes, sant\u00e9: le S\u00e9nat adopte un budget de la \u00abS\u00e9cu\u00bb moins co\u00fbteux et profond\u00e9ment modifi\u00e9_320&quot;, &quot;customIDSPE&quot;: &quot;bGVmaWdhcm8uZnJfXzFmMGNhYWYyLTQzNWMtNjkwMi04ZDQxLTZmZThhNTljOTY3MF9fTmV3c0ZsYXNo&quot;, &quot;event&quot;: &quot;customEventSPE&quot;}\" target=\"_blank\" rel=\"noopener\"><br \/>\n                    Connectez-vous<br \/>\n                <\/a>\n            <\/p>\n","protected":false},"excerpt":{"rendered":"D\u00c9CRYPTAGE &#8211; Apr\u00e8s le vote du Palais du Luxembourg, une commission mixte paritaire (CMP), r\u00e9unissant sept s\u00e9nateurs et&hellip;\n","protected":false},"author":2,"featured_media":560639,"comment_status":"","ping_status":"","sticky":false,"template":"","format":"standard","meta":{"footnotes":""},"categories":[2],"tags":[11,1011,27,12,25,9910,731,1004],"class_list":{"0":"post-560638","1":"post","2":"type-post","3":"status-publish","4":"format-standard","5":"has-post-thumbnail","7":"category-actualites","8":"tag-actualites","9":"tag-fr","10":"tag-france","11":"tag-news","12":"tag-republique-francaise","13":"tag-retraites","14":"tag-securite-sociale","15":"tag-senat"},"share_on_mastodon":{"url":"https:\/\/pubeurope.com\/@fr\/115617678374885109","error":""},"_links":{"self":[{"href":"https:\/\/www.europesays.com\/fr\/wp-json\/wp\/v2\/posts\/560638","targetHints":{"allow":["GET"]}}],"collection":[{"href":"https:\/\/www.europesays.com\/fr\/wp-json\/wp\/v2\/posts"}],"about":[{"href":"https:\/\/www.europesays.com\/fr\/wp-json\/wp\/v2\/types\/post"}],"author":[{"embeddable":true,"href":"https:\/\/www.europesays.com\/fr\/wp-json\/wp\/v2\/users\/2"}],"replies":[{"embeddable":true,"href":"https:\/\/www.europesays.com\/fr\/wp-json\/wp\/v2\/comments?post=560638"}],"version-history":[{"count":0,"href":"https:\/\/www.europesays.com\/fr\/wp-json\/wp\/v2\/posts\/560638\/revisions"}],"wp:featuredmedia":[{"embeddable":true,"href":"https:\/\/www.europesays.com\/fr\/wp-json\/wp\/v2\/media\/560639"}],"wp:attachment":[{"href":"https:\/\/www.europesays.com\/fr\/wp-json\/wp\/v2\/media?parent=560638"}],"wp:term":[{"taxonomy":"category","embeddable":true,"href":"https:\/\/www.europesays.com\/fr\/wp-json\/wp\/v2\/categories?post=560638"},{"taxonomy":"post_tag","embeddable":true,"href":"https:\/\/www.europesays.com\/fr\/wp-json\/wp\/v2\/tags?post=560638"}],"curies":[{"name":"wp","href":"https:\/\/api.w.org\/{rel}","templated":true}]}}