{"id":560655,"date":"2025-11-26T19:47:14","date_gmt":"2025-11-26T19:47:14","guid":{"rendered":"https:\/\/www.europesays.com\/fr\/560655\/"},"modified":"2025-11-26T19:47:14","modified_gmt":"2025-11-26T19:47:14","slug":"en-neuf-editions-la-guyane-saffirme-sur-la-carte-de-la-photographie","status":"publish","type":"post","link":"https:\/\/www.europesays.com\/fr\/560655\/","title":{"rendered":"en neuf \u00e9ditions, la Guyane s\u2019affirme sur la carte de la photographie"},"content":{"rendered":"<p class=\"svelte-qfpp5o first-paragraph\">\u00ab Ce qui a chang\u00e9 depuis la premi\u00e8re \u00e9dition, c\u2019est d\u2019abord que nous avons aujourd\u2019hui un pool de photographes guyanais bien plus important \u00bb, constate Karl Joseph. Certains ont grandi avec la Biennale, d\u2019autres s\u2019exportent d\u00e9sormais hors du territoire. L\u2019apparition de la <b>MAZ <\/b>\u00a0(Maison de la Photographie Guyane-Amazonie) devenue un espace rep\u00e8re, a renforc\u00e9 cette dynamique.<\/p>\n<p>Une sc\u00e8ne photographique qui s\u2019est \u00e9toff\u00e9e et structur\u00e9e<\/p>\n<p class=\"svelte-qfpp5o\">\u00a0La structuration est \u00e9galement pass\u00e9e par l\u2019int\u00e9gration de l\u2019association d&rsquo;abord \u00ab\u00a0La t\u00eate dans les images\u00a0\u00bb puis \u00ab\u00a0La MAZ\u00a0\u00bb dans plusieurs r\u00e9seaux nationaux : <b><a class=\"article-link svelte-123pfsg\" href=\"https:\/\/reseau-diagonal.com\/\" target=\"_blank\" rel=\"noopener noreferrer nofollow\">Diagonal (lieux de photographie),<\/a><\/b> le <b>R\u00e9seau National des Festivals Photographiques<\/b> ou encore le r\u00e9seau <b>Blanc<\/b> d\u00e9di\u00e9 \u00e0 la m\u00e9diation culturelle. \u00ab Ces r\u00e9seaux nous ont offert une visibilit\u00e9 nouvelle et ont permis d\u2019expliquer notre contexte culturel aux acteurs ext\u00e9rieurs. Les gens comprennent mieux la Guyane, ses probl\u00e9matiques, et donc le travail de nos photographes. \u00bb<\/p>\n<p class=\"svelte-qfpp5o\">R\u00e9sultat : la Guyane appara\u00eet d\u00e9sormais comme une sc\u00e8ne photographique \u00e0 part enti\u00e8re, \u00e9voqu\u00e9e dans les discussions autour des th\u00e9matiques de colonisation, de territoires ou de biodiversit\u00e9. Karl Joseph cite l\u2019exemple de <b>Natifah Michel<\/b>, jeune photographe multi-prim\u00e9e, dont la trajectoire illustre ce rayonnement r\u00e9gional et international. Les collaborations croissantes avec le <b>Br\u00e9sil<\/b> renforcent \u00e9galement l\u2019ancrage amazonien de la Biennale.<\/p>\n<p>Un impact fort aupr\u00e8s du public et des jeunes<\/p>\n<p class=\"svelte-qfpp5o\">Au-del\u00e0 de la cr\u00e9ation, l\u2019un des tournants majeurs r\u00e9side dans l\u2019<b>\u00e9ducation \u00e0 l\u2019image<\/b>. Depuis cinq ans, une m\u00e9diatrice culturelle travaille \u00e0 plein temps aupr\u00e8s des scolaires et du tout public. Ateliers en \u00e9tablissements, projets en prison, interventions en EHPAD, s\u00e9ances aupr\u00e8s des mineurs sous justice : \u00ab On rayonne davantage sur la Guyane, et les professeurs nous identifient bien, notamment gr\u00e2ce au Pass Culture. \u00bb<\/p>\n<p class=\"svelte-qfpp5o\">L\u2019objectif d\u00e9passe la pratique photographique : il s\u2019agit aussi de sensibiliser aux enjeux contemporains de l\u2019image, notamment \u00e0 travers un <b>escape game sur les fakes news<\/b>, particuli\u00e8rement pris\u00e9.<\/p>\n<p>Que faire de l\u2019intelligence artificielle ?<\/p>\n<p class=\"svelte-qfpp5o\">Face \u00e0 l\u2019essor fulgurant de l\u2019IA g\u00e9n\u00e9rative, la Biennale avance avec prudence. \u00ab Nous d\u00e9fendons une photographie d\u2019auteur, c\u2019est-\u00e0-dire une photographie avec un point de vue. Or l\u2019IA, pour l\u2019instant, n\u2019a pas d\u2019opinion \u00bb, souligne Karl Joseph.<\/p>\n<p class=\"svelte-qfpp5o\">Il reconna\u00eet n\u00e9anmoins l\u2019impact majeur que ces outils auront sur la photographie de commande : campagnes publicitaires r\u00e9alis\u00e9es \u00e0 moindre co\u00fbt, images indistinguables du r\u00e9el, multiplication des contenus trompeurs :\u00ab Certains photographes risquent de perdre du travail, c\u2019est ind\u00e9niable. \u00bb<\/p>\n<p class=\"svelte-qfpp5o\">Pour la <a class=\"article-link svelte-123pfsg\" href=\"https:\/\/www.rencontresphotographiquesdeguyane.com\/\" target=\"_blank\" rel=\"noopener noreferrer nofollow\">Biennale<\/a>, l\u2019IA ne sera int\u00e9gr\u00e9e qu\u2019\u00e0 travers les d\u00e9marches d\u2019artistes qui l\u2019utilisent de mani\u00e8re justifi\u00e9e. \u00ab C\u2019est un outil de plus dans la palette des photographes. On ne l\u2019exclut pas, mais on ne la placera pas au centre de nos restitutions. \u00bb. Karl Joseph rappelle qu\u2019un usage \u00e9thique et contextualis\u00e9 est indispensable, citant des projets de photojournalisme o\u00f9 l\u2019IA sert \u00e0 repr\u00e9senter des zones inaccessibles, \u00e0 condition d\u2019en informer clairement le public.<\/p>\n<p>Une m\u00e9moire patrimoniale en construction<\/p>\n<p class=\"svelte-qfpp5o\">Avec neuf \u00e9ditions derri\u00e8re elle, la Biennale constitue aujourd\u2019hui une v\u00e9ritable ressource patrimoniale. Archives, \u0153uvres issues des expositions, collections num\u00e9riques : \u00ab On a d\u00e9sormais la capacit\u00e9 de construire une vraie collection \u00bb, se f\u00e9licite le directeur.<\/p>\n<p class=\"svelte-qfpp5o\">En moins de deux d\u00e9cennies, <a class=\"article-link svelte-123pfsg\" href=\"https:\/\/static1.squarespace.com\/static\/60a7a4fa02207048ad67f0c5\/t\/691e029e4d307b17cd15e646\/1763574430227\/DOSSIERDEPRESSE-2025.pdf\" target=\"_blank\" rel=\"noopener noreferrer nofollow\">les Rencontres Photographiques<\/a> ont donc contribu\u00e9 \u00e0 ins\u00e9rer la Guyane sur la carte photographique fran\u00e7aise mais aussi sud-am\u00e9ricaine. Et surtout, elles ont accompagn\u00e9 l\u2019\u00e9mergence d\u2019une g\u00e9n\u00e9ration de photographes engag\u00e9s, soucieux de raconter leur territoire depuis l\u2019int\u00e9rieur.<\/p>\n<p>A LIRE ICI : 9e \u00e9ditions des Rencontres photographiques de Guyane<\/p>\n<p class=\"svelte-qfpp5o\">\u00a0<\/p>\n","protected":false},"excerpt":{"rendered":"\u00ab Ce qui a chang\u00e9 depuis la premi\u00e8re \u00e9dition, c\u2019est d\u2019abord que nous avons aujourd\u2019hui un pool de&hellip;\n","protected":false},"author":2,"featured_media":560656,"comment_status":"","ping_status":"","sticky":false,"template":"","format":"standard","meta":{"footnotes":""},"categories":[1358],"tags":[1348,1384,1385,1386,58,59,1011,27],"class_list":{"0":"post-560655","1":"post","2":"type-post","3":"status-publish","4":"format-standard","5":"has-post-thumbnail","7":"category-arts-et-design","8":"tag-arts","9":"tag-arts-and-design","10":"tag-arts-et-design","11":"tag-design","12":"tag-divertissement","13":"tag-entertainment","14":"tag-fr","15":"tag-france"},"share_on_mastodon":{"url":"https:\/\/pubeurope.com\/@fr\/115617729305162896","error":""},"_links":{"self":[{"href":"https:\/\/www.europesays.com\/fr\/wp-json\/wp\/v2\/posts\/560655","targetHints":{"allow":["GET"]}}],"collection":[{"href":"https:\/\/www.europesays.com\/fr\/wp-json\/wp\/v2\/posts"}],"about":[{"href":"https:\/\/www.europesays.com\/fr\/wp-json\/wp\/v2\/types\/post"}],"author":[{"embeddable":true,"href":"https:\/\/www.europesays.com\/fr\/wp-json\/wp\/v2\/users\/2"}],"replies":[{"embeddable":true,"href":"https:\/\/www.europesays.com\/fr\/wp-json\/wp\/v2\/comments?post=560655"}],"version-history":[{"count":0,"href":"https:\/\/www.europesays.com\/fr\/wp-json\/wp\/v2\/posts\/560655\/revisions"}],"wp:featuredmedia":[{"embeddable":true,"href":"https:\/\/www.europesays.com\/fr\/wp-json\/wp\/v2\/media\/560656"}],"wp:attachment":[{"href":"https:\/\/www.europesays.com\/fr\/wp-json\/wp\/v2\/media?parent=560655"}],"wp:term":[{"taxonomy":"category","embeddable":true,"href":"https:\/\/www.europesays.com\/fr\/wp-json\/wp\/v2\/categories?post=560655"},{"taxonomy":"post_tag","embeddable":true,"href":"https:\/\/www.europesays.com\/fr\/wp-json\/wp\/v2\/tags?post=560655"}],"curies":[{"name":"wp","href":"https:\/\/api.w.org\/{rel}","templated":true}]}}