{"id":560659,"date":"2025-11-26T19:50:14","date_gmt":"2025-11-26T19:50:14","guid":{"rendered":"https:\/\/www.europesays.com\/fr\/560659\/"},"modified":"2025-11-26T19:50:14","modified_gmt":"2025-11-26T19:50:14","slug":"accusee-davoir-evince-vitaa-et-slimane-du-telethon-santa-reagit-jai-ete-trainee-dans-la-boue-apres-des-mensonges","status":"publish","type":"post","link":"https:\/\/www.europesays.com\/fr\/560659\/","title":{"rendered":"Accus\u00e9e d&rsquo;avoir \u00e9vinc\u00e9 Vitaa et Slimane du T\u00e9l\u00e9thon, Santa r\u00e9agit\u00a0: \u00ab\u00a0J&rsquo;ai \u00e9t\u00e9 tra\u00een\u00e9e dans la boue apr\u00e8s des mensonges\u00a0\u00bb"},"content":{"rendered":"<p>\u00ab\u00a0Je ne fais pas la programmation du T\u00e9l\u00e9thon\u00a0\u00bb<\/p>\n<p class=\"ap-StoryElement ap-StoryElement--mb ap-StoryText\">Invit\u00e9e sur les ondes d&rsquo;Europe 1 ce mercredi matin, Santa a r\u00e9agi \u00e0 la pol\u00e9mique, et a d\u00e9cid\u00e9 de mettre les choses au clair. \u00ab\u00a0Je ne fais pas la programmation du T\u00e9l\u00e9thon\u00a0\u00bb, a-t-elle avanc\u00e9. \u00ab\u00a0Je n&rsquo;ai rien compris \u00e0 ce qui m&rsquo;est arriv\u00e9. J&rsquo;ai re\u00e7u des centaines de messages, d&rsquo;insultes, j&rsquo;ai \u00e9t\u00e9 tra\u00een\u00e9e dans la boue apr\u00e8s des mensonges\u00a0\u00bb, confie Santa, visiblement bless\u00e9e par les cons\u00e9quences de tels propos.<\/p>\n<p><a href=\"https:\/\/www.parismatch.be\/actualites\/people\/2025\/11\/26\/prince-aymeric-le-fils-du-prince-laurent-devoile-une-rare-photo-avec-sa-petite-amie-UI66KDPQ2FHH3JGS4IPLBNNTBA\/\" target=\"_self\" class=\"ap-StoryInterstitialLink ap-StoryElement ap-StoryElement--mb\" rel=\"noopener\">Prince Aymeric : le fils du prince Laurent d\u00e9voile une rare photo avec sa petite amie<\/a><\/p>\n<p class=\"ap-StoryElement ap-StoryElement--mb ap-StoryText\">\u00ab\u00a0J&rsquo;ai \u00e9t\u00e9 bless\u00e9e parce que, vraiment, ce sont des mensonges et ce sont des informations qui sont v\u00e9rifiables en deux secondes. Les managers de Vitaa m&rsquo;auraient appel\u00e9e, j&rsquo;aurais d\u00e9menti absolument. [\u2026] Et au-del\u00e0 de me blesser moi, [\u2026] toucher l&rsquo;intouchable, salir une mission telle que le T\u00e9l\u00e9thon, trahir un contrat \u00e9thique humain, c&rsquo;est pour moi impardonnable. [\u2026] Je ne suis vraiment pas bien\u00a0\u00bb, poursuit la chanteuse.<\/p>\n<p>Santa et Vitaa mettent les choses au point<\/p>\n<p class=\"ap-StoryElement ap-StoryElement--mb ap-StoryText\">Touch\u00e9e par cette affaire, Santa a tenu \u00e0 s&rsquo;adresser directement \u00e0 <a href=\"https:\/\/www.parismatch.be\/actualites\/people\/2025\/11\/17\/cest-bientot-la-fin-vitaa-annonce-une-grande-decision-a-ses-fans-video-7UMPHLA7NJD6HDDJCH3BFQZY7E\/\" target=\"_self\" rel=\"noopener\">Vitaa<\/a>, dont elle est tr\u00e8s proche. \u00ab\u00a0M\u00eame si on sait que les entourages parfois peuvent envenimer des situations, on a mis les choses tr\u00e8s au clair, \u00e0 plat, il n&rsquo;y a aucun probl\u00e8me, il n&rsquo;y a aucun sujet.\u00a0\u00bb<\/p>\n<p><a href=\"https:\/\/www.parismatch.be\/actualites\/people\/2025\/11\/26\/angele-mentissa-remco-evenepoel-et-jeremy-doku-dans-le-classement-30-under-30-de-forbes-belgique-4JCJ4JROGBGTVJCIX7IIAI3IJQ\/\" target=\"_self\" class=\"ap-StoryInterstitialLink ap-StoryElement ap-StoryElement--mb\" rel=\"noopener\">Ang\u00e8le, Mentissa, Remco Evenepoel et J\u00e9r\u00e9my Doku dans le classement \u00ab\u00a030 Under 30\u00a0\u00bb de Forbes Belgique<\/a><\/p>\n<p class=\"ap-StoryElement ap-StoryElement--mb ap-StoryText\">\u00ab\u00a0C&rsquo;est pour \u00e7a que je tombe des nues et que j&rsquo;ai essay\u00e9 d&rsquo;apaiser la situation en appelant directement <a href=\"https:\/\/www.parismatch.be\/culture\/musique\/2025\/10\/28\/vitaa-se-produira-au-dome-de-charleroi-ce-lundi-10-novembre-lors-du-festival-carolol-le-public-belge-est-mon-prefere-sur-scene-226M6YV6IZGLDA6DFQAN3PVRT4\/\" target=\"_self\" rel=\"noopener\">la concern\u00e9e<\/a> et en essayant de comprendre ce qui m&rsquo;arrivait, parce que quand moi, j&rsquo;ai appel\u00e9 France T\u00e9l\u00e9visions, tout le monde tombait des nues. C&rsquo;est assez violent de voir que cette ligne \u00e9thique a \u00e9t\u00e9 franchie, et c&rsquo;est all\u00e9 trop loin pour quelque chose de trop pur.\u00a0\u00bb Un message franc de la part de Santa qui esp\u00e8re certainement que cette histoire ne prendra pas plus d&rsquo;ampleur.<\/p>\n","protected":false},"excerpt":{"rendered":"\u00ab\u00a0Je ne fais pas la programmation du T\u00e9l\u00e9thon\u00a0\u00bb Invit\u00e9e sur les ondes d&rsquo;Europe 1 ce mercredi matin, Santa&hellip;\n","protected":false},"author":2,"featured_media":560660,"comment_status":"","ping_status":"","sticky":false,"template":"","format":"standard","meta":{"footnotes":""},"categories":[1355],"tags":[58,59,1011,27,1361,873,44726,9055,12846,26648],"class_list":{"0":"post-560659","1":"post","2":"type-post","3":"status-publish","4":"format-standard","5":"has-post-thumbnail","7":"category-musique","8":"tag-divertissement","9":"tag-entertainment","10":"tag-fr","11":"tag-france","12":"tag-music","13":"tag-musique","14":"tag-santa","15":"tag-slimane","16":"tag-telethon","17":"tag-vitaa"},"share_on_mastodon":{"url":"https:\/\/pubeurope.com\/@fr\/115617741290463404","error":""},"_links":{"self":[{"href":"https:\/\/www.europesays.com\/fr\/wp-json\/wp\/v2\/posts\/560659","targetHints":{"allow":["GET"]}}],"collection":[{"href":"https:\/\/www.europesays.com\/fr\/wp-json\/wp\/v2\/posts"}],"about":[{"href":"https:\/\/www.europesays.com\/fr\/wp-json\/wp\/v2\/types\/post"}],"author":[{"embeddable":true,"href":"https:\/\/www.europesays.com\/fr\/wp-json\/wp\/v2\/users\/2"}],"replies":[{"embeddable":true,"href":"https:\/\/www.europesays.com\/fr\/wp-json\/wp\/v2\/comments?post=560659"}],"version-history":[{"count":0,"href":"https:\/\/www.europesays.com\/fr\/wp-json\/wp\/v2\/posts\/560659\/revisions"}],"wp:featuredmedia":[{"embeddable":true,"href":"https:\/\/www.europesays.com\/fr\/wp-json\/wp\/v2\/media\/560660"}],"wp:attachment":[{"href":"https:\/\/www.europesays.com\/fr\/wp-json\/wp\/v2\/media?parent=560659"}],"wp:term":[{"taxonomy":"category","embeddable":true,"href":"https:\/\/www.europesays.com\/fr\/wp-json\/wp\/v2\/categories?post=560659"},{"taxonomy":"post_tag","embeddable":true,"href":"https:\/\/www.europesays.com\/fr\/wp-json\/wp\/v2\/tags?post=560659"}],"curies":[{"name":"wp","href":"https:\/\/api.w.org\/{rel}","templated":true}]}}