{"id":560671,"date":"2025-11-26T19:56:12","date_gmt":"2025-11-26T19:56:12","guid":{"rendered":"https:\/\/www.europesays.com\/fr\/560671\/"},"modified":"2025-11-26T19:56:12","modified_gmt":"2025-11-26T19:56:12","slug":"attention-si-vous-avez-ces-bouteilles-deau-minerale-dans-vos-placards-quatre-marques-rappelees-partout-en-france","status":"publish","type":"post","link":"https:\/\/www.europesays.com\/fr\/560671\/","title":{"rendered":"Attention si vous avez ces bouteilles d\u2019eau min\u00e9rale dans vos placards\u00a0: quatre marques rappel\u00e9es partout en France"},"content":{"rendered":"<p>\n                                                                Plusieurs marques de bouteilles d\u2019eau voient leurs produits rappel\u00e9s partout en France\u00a0: Perlyne, Rosaline, Munzur et Mevlana. Les consommateurs sont invit\u00e9s \u00e0 ne pas les boire, et \u00e0 se faire rembourser.\n                            <\/p>\n<p>Prudence, si vous avez l\u2019habitude de <a href=\"https:\/\/www.midilibre.fr\/2024\/04\/09\/eau-du-robinet-ou-eau-en-bouteille-purete-gout-plus-economique-et-ecologique-laquelle-privilegier-11878663.php\" target=\"_blank\" rel=\"noopener\">consommer de\u00a0l\u2019eau min\u00e9rale achet\u00e9e en bouteille, <\/a>allant de 0,5 \u00e0 1,5\u00a0l. <a href=\"https:\/\/rappel.conso.gouv.fr\/categorie\/51\" target=\"_blank\" rel=\"noopener\">Rappel Conso<\/a>\u00a0a indiqu\u00e9 lundi 24\u00a0novembre que plusieurs pr\u00e9sentaient des\u00a0\u00ab\u00a0d\u00e9fauts de fabrication\u00a0\u00bb.<\/p>\n<p>Sont ainsi concern\u00e9es les marques Perlyne, Mevlana, Munzur, et plus connue, Rosaline. Tous les consommateurs sont encourag\u00e9s \u00e0 rapporter leurs bouteilles en magasin pour se faire rembourser.<\/p>\n<p>Commercialis\u00e9es entre le 20\u00a0juin et le 6\u00a0novembre<\/p>\n<p>Ce rappel vaut pour toutes les bouteilles commercialis\u00e9es entre le 20\u00a0juin et le 6\u00a0novembre, et dont la date limite de consommation est entre le 20\u00a0juin et le 6\u00a0novembre 2027.<\/p>\n<p>Pour les <a href=\"https:\/\/rappel.conso.gouv.fr\/affichettePDF\/20599\/Interne\" target=\"_blank\" rel=\"noopener\">Perlyne <\/a>(GTIN 3770004468003), aupr\u00e8s des distributeurs classiques, comme Auchan, Carrefour, Intermarch\u00e9, Leclerc ou encore Netto, pour ne citer qu\u2019eux. Pour les autres, les distributeurs sont moins connus\u00a0: le d\u00e9tail est disponible sur les fiches rappel des bouteilles de <a href=\"https:\/\/rappel.conso.gouv.fr\/fiche-rappel\/20600\/Interne\" target=\"_blank\" rel=\"noopener\">Mevlana<\/a> (GTIN 3770019001189), de <a href=\"https:\/\/rappel.conso.gouv.fr\/fiche-rappel\/20601\/Interne\" target=\"_blank\" rel=\"noopener\">Munzur <\/a>(GTIN 3760043710027) et de <a href=\"https:\/\/rappel.conso.gouv.fr\/fiche-rappel\/20602\/Interne\" target=\"_blank\" rel=\"noopener\">Rosaline<\/a> (GTIN 3592220101508).<\/p>\n<p>Acheteurs, contactez le\u00a003\u00a027\u00a077\u00a056\u00a091 en vue d\u2019obtenir un remboursement. Cette proc\u00e9dure de rappel sera en vigueur jusqu\u2019au 24\u00a0janvier 2026.<\/p>\n","protected":false},"excerpt":{"rendered":"Plusieurs marques de bouteilles d\u2019eau voient leurs produits rappel\u00e9s partout en France\u00a0: Perlyne, Rosaline, Munzur et Mevlana. Les&hellip;\n","protected":false},"author":2,"featured_media":560672,"comment_status":"","ping_status":"","sticky":false,"template":"","format":"standard","meta":{"footnotes":""},"categories":[6],"tags":[35,33,34,1011,27],"class_list":{"0":"post-560671","1":"post","2":"type-post","3":"status-publish","4":"format-standard","5":"has-post-thumbnail","7":"category-economie","8":"tag-business","9":"tag-economie","10":"tag-economy","11":"tag-fr","12":"tag-france"},"share_on_mastodon":{"url":"https:\/\/pubeurope.com\/@fr\/115617764865132140","error":""},"_links":{"self":[{"href":"https:\/\/www.europesays.com\/fr\/wp-json\/wp\/v2\/posts\/560671","targetHints":{"allow":["GET"]}}],"collection":[{"href":"https:\/\/www.europesays.com\/fr\/wp-json\/wp\/v2\/posts"}],"about":[{"href":"https:\/\/www.europesays.com\/fr\/wp-json\/wp\/v2\/types\/post"}],"author":[{"embeddable":true,"href":"https:\/\/www.europesays.com\/fr\/wp-json\/wp\/v2\/users\/2"}],"replies":[{"embeddable":true,"href":"https:\/\/www.europesays.com\/fr\/wp-json\/wp\/v2\/comments?post=560671"}],"version-history":[{"count":0,"href":"https:\/\/www.europesays.com\/fr\/wp-json\/wp\/v2\/posts\/560671\/revisions"}],"wp:featuredmedia":[{"embeddable":true,"href":"https:\/\/www.europesays.com\/fr\/wp-json\/wp\/v2\/media\/560672"}],"wp:attachment":[{"href":"https:\/\/www.europesays.com\/fr\/wp-json\/wp\/v2\/media?parent=560671"}],"wp:term":[{"taxonomy":"category","embeddable":true,"href":"https:\/\/www.europesays.com\/fr\/wp-json\/wp\/v2\/categories?post=560671"},{"taxonomy":"post_tag","embeddable":true,"href":"https:\/\/www.europesays.com\/fr\/wp-json\/wp\/v2\/tags?post=560671"}],"curies":[{"name":"wp","href":"https:\/\/api.w.org\/{rel}","templated":true}]}}