{"id":560694,"date":"2025-11-26T20:09:10","date_gmt":"2025-11-26T20:09:10","guid":{"rendered":"https:\/\/www.europesays.com\/fr\/560694\/"},"modified":"2025-11-26T20:09:10","modified_gmt":"2025-11-26T20:09:10","slug":"il-etait-dune-extreme-bienveillance-patrick-chesnais-va-rendre-hommage-a-son-premier-professeur-dart-dramatique-a-rouen","status":"publish","type":"post","link":"https:\/\/www.europesays.com\/fr\/560694\/","title":{"rendered":"\u00ab\u00a0Il \u00e9tait d\u2019une extr\u00eame bienveillance\u00a0\u00bb\u00a0: Patrick Chesnais va rendre hommage \u00e0 son premier professeur d\u2019art dramatique \u00e0 Rouen"},"content":{"rendered":"<p class=\"paragraph text_align_left lp-f-body-02\">Anny Duperey, Alexis Desseaux, Franck Dubosc, Val\u00e9rie Lemercier, Jacques Le Carpentier, Virginie Lemoine, Emmanuel Gayet\u2026 Tous ont \u00e9t\u00e9 ou sont encore \u00e0 l\u2019affiche de grands films, ou bien ont br\u00fbl\u00e9 voire br\u00fblent toujours les planches. Mais ils ont aussi comme point commun d\u2019\u00eatre tous pass\u00e9s par <a href=\"https:\/\/www.conservatoirederouen.fr\/\" target=\"_blank\" rel=\"noreferrer noopener\">le conservatoire \u00e0 rayonnement r\u00e9gional de Rouen<\/a> (Seine-Maritime), et en particulier par les cours de Jean Chevrin, professeur d\u2019art dramatique \u00e0 Rouen et Paris, metteur en sc\u00e8ne et com\u00e9dien, d\u00e9c\u00e9d\u00e9 en 1987.<\/p>\n<p class=\"paragraph text_align_left lp-f-body-02\">Trente-huit ans apr\u00e8s sa disparition, G\u00e9rard Contremoulin publie une biographie sur ce professeur qui a laiss\u00e9 une trace ind\u00e9l\u00e9bile chez tous ses \u00e9l\u00e8ves, \u00ab Jean Chevrin, jouer, enseigner, faire jouer\u2026 \u00bb (Wooz \u00c9ditions). \u00c0 cette occasion, l\u2019\u00e9tablissement rouennais va organiser une soir\u00e9e d\u2019hommage, ce vendredi 28 novembre. Plusieurs des anciens \u00e9l\u00e8ves du conservatoire seront alors pr\u00e9sents, dont Patrick Chesnais, qui viendra t\u00e9moigner.<\/p>\n<p>\u00ab Jean Chevrin m\u2019a donn\u00e9 les ailes pour la suite \u00bb<\/p>\n<p class=\"paragraph text_align_left lp-f-body-02\">En pleine r\u00e9p\u00e9tition de cette repr\u00e9sentation tr\u00e8s particuli\u00e8re, Patrick Chesnais remonte le temps, jusqu\u2019au d\u00e9but de ses 60 ans de carri\u00e8re, avant ces \u00ab 110 films et 60 pi\u00e8ces de th\u00e9\u00e2tre \u00bb. \u00ab Franchement, si on ne m\u2019avait pas sollicit\u00e9, j\u2019aurais \u00e9t\u00e9 un orphelin, car Jean Chevrin m\u2019a donn\u00e9 les ailes pour la suite. C\u2019\u00e9tait donc indispensable de participer \u00e0 cet ouvrage \u00bb, affirme-t-il.<\/p>\n<p class=\"paragraph text_align_left lp-f-body-02\">Le com\u00e9dien se souvient de sa chambre d\u2019enfant \u00ab o\u00f9 j\u2019avais construit un th\u00e9\u00e2tre et o\u00f9 je mettais en sc\u00e8ne des copains. C\u2019est d\u2019ailleurs le p\u00e8re gendarme d\u2019un camarade qui m\u2019a incit\u00e9 \u00e0 me rendre au conservatoire d\u2019art dramatique. Malgr\u00e9 les difficult\u00e9s de mes parents, qui venaient de faire faillite, et de mon fr\u00e8re, qui \u00e9tait en prison, ils m\u2019ont inscrit. J\u2019avais 16 ans \u00bb.<\/p>\n<p class=\"paragraph text_align_left lp-f-body-02\">Lors de l\u2019audition d\u2019admission, Patrick Chesnais se fait remarquer\u2026 par son trac : \u00ab En entrant sur sc\u00e8ne, je me suis \u00e9tal\u00e9 de tout mon long. Tout le monde a applaudi. Ce fut mon premier contact avec monsieur Chevrin. Il a souri sans se moquer. \u00bb Puis, lors du concours d\u2019entr\u00e9e, \u00ab j\u2019ai d\u00fb r\u00e9citer une fable de la Fontaine. J\u2019avais travaill\u00e9 tout l\u2019\u00e9t\u00e9 sur Les Animaux malades de la peste. J\u2019ai senti que j\u2019avais obtenu un certain succ\u00e8s \u00bb.<\/p>\n<p class=\"paragraph text_align_left lp-f-body-02\">L\u2019acteur se souvient encore de ce que Jean Chevrin a d\u00e9clar\u00e9 au groupe \u00e0 cette occasion : \u00ab Nous sommes dans un conservatoire de province pour aimer les grands textes, apprendre \u00e0 se mouvoir, parler en public et flatter en vous la fibre artistique. La plupart d\u2019entre vous, j\u2019esp\u00e8re, continueront \u00e0 faire du th\u00e9\u00e2tre en amateur. Certains, tr\u00e8s rares, seront professionnels. Et, par hasard, on a la chance de rencontrer quelqu\u2019un qui fera une carri\u00e8re. Patrick Chesnais sera de ceux-l\u00e0. \u00bb<\/p>\n<p class=\"paragraph text_align_left lp-f-body-02\">\u00ab Il a alors convoqu\u00e9 mes parents pour que je poursuive mon parcours \u00bb, continue le com\u00e9dien. Deux ans plus tard, par \u00ab l\u2019amour du jeu \u00bb que Jean Chevrin lui enseignait, Patrick Chesnais entrait au <a href=\"https:\/\/www.leparisien.fr\/culture-loisirs\/les-questions-degalite-et-de-diversite-sont-devenues-primordiales-le-conservatoire-change-ses-regles-du-jeu-07-06-2025-GEADRKFFIJGU5MLVDQ5GHA3XPY.php\" target=\"_blank\" rel=\"noreferrer noopener\">conservatoire d\u2019art dramatique de Paris<\/a>, l\u2019un des \u00ab 30 re\u00e7us sur 1 000 candidats \u00bb.<\/p>\n<p>\u00ab Il s\u2019adressait \u00e0 vous comme si vous \u00e9tiez unique \u00bb<\/p>\n<p class=\"paragraph text_align_left lp-f-body-02\">Ainsi, plusieurs d\u00e9cennies plus tard, Patrick Chesnais se rem\u00e9more un homme \u00ab tr\u00e8s important pour tout le monde qu\u2019il a crois\u00e9. Nous avons tous \u00e9t\u00e9 marqu\u00e9s. Moi, je suis pass\u00e9 d\u2019un monde \u00e0 l\u2019autre. Je venais d\u2019un quartier populaire, j\u2019\u00e9tais tr\u00e8s mauvais \u00e0 l\u2019\u00e9cole, dissip\u00e9 et, brusquement, je suis pass\u00e9 dans la cr\u00e9ation artistique. Moli\u00e8re, Shakespeare, Marivaux, Guitry, etc. \u00bb<\/p>\n<p class=\"paragraph text_align_left lp-f-body-02\">Une transition qui n\u2019aurait jamais eu lieu sans la m\u00e9thode d\u2019apprentissage de Jean Chevrin. \u00ab Ce type qui \u00e9tait d\u2019une extr\u00eame bienveillance vous faisait aimer les plus grands textes. Cela sans jamais un reproche. Il s\u2019adressait \u00e0 vous comme si vous \u00e9tiez unique. D\u2019ailleurs, quand je suis entr\u00e9 au Conservatoire de Paris, je revenais \u00e0 Rouen le samedi, un peu comme une star, avec le melon \u00bb, rit-il. \u00ab Jean Chevrin aimait suivre notre parcours, notre carri\u00e8re. Nous \u00e9tions le produit de son enseignement. Et les gens aimaient Jean Chevrin. Deux ann\u00e9es avec lui furent une ode \u00e0 l\u2019art dramatique. \u00bb<\/p>\n","protected":false},"excerpt":{"rendered":"Anny Duperey, Alexis Desseaux, Franck Dubosc, Val\u00e9rie Lemercier, Jacques Le Carpentier, Virginie Lemoine, Emmanuel Gayet\u2026 Tous ont \u00e9t\u00e9&hellip;\n","protected":false},"author":2,"featured_media":560695,"comment_status":"","ping_status":"","sticky":false,"template":"","format":"standard","meta":{"footnotes":""},"categories":[9587],"tags":[1111,917,11,872,459,1777,674,1011,27,12,5161,25,9590,11074],"class_list":{"0":"post-560694","1":"post","2":"type-post","3":"status-publish","4":"format-standard","5":"has-post-thumbnail","7":"category-rouen","8":"tag-actu","9":"tag-actu-locale","10":"tag-actualites","11":"tag-culture-et-loisirs","12":"tag-departements-horsidfo","13":"tag-eu","14":"tag-europe","15":"tag-fr","16":"tag-france","17":"tag-news","18":"tag-normandie","19":"tag-republique-francaise","20":"tag-rouen","21":"tag-seine-maritime-76"},"share_on_mastodon":{"url":"https:\/\/pubeurope.com\/@fr\/115617815987187527","error":""},"_links":{"self":[{"href":"https:\/\/www.europesays.com\/fr\/wp-json\/wp\/v2\/posts\/560694","targetHints":{"allow":["GET"]}}],"collection":[{"href":"https:\/\/www.europesays.com\/fr\/wp-json\/wp\/v2\/posts"}],"about":[{"href":"https:\/\/www.europesays.com\/fr\/wp-json\/wp\/v2\/types\/post"}],"author":[{"embeddable":true,"href":"https:\/\/www.europesays.com\/fr\/wp-json\/wp\/v2\/users\/2"}],"replies":[{"embeddable":true,"href":"https:\/\/www.europesays.com\/fr\/wp-json\/wp\/v2\/comments?post=560694"}],"version-history":[{"count":0,"href":"https:\/\/www.europesays.com\/fr\/wp-json\/wp\/v2\/posts\/560694\/revisions"}],"wp:featuredmedia":[{"embeddable":true,"href":"https:\/\/www.europesays.com\/fr\/wp-json\/wp\/v2\/media\/560695"}],"wp:attachment":[{"href":"https:\/\/www.europesays.com\/fr\/wp-json\/wp\/v2\/media?parent=560694"}],"wp:term":[{"taxonomy":"category","embeddable":true,"href":"https:\/\/www.europesays.com\/fr\/wp-json\/wp\/v2\/categories?post=560694"},{"taxonomy":"post_tag","embeddable":true,"href":"https:\/\/www.europesays.com\/fr\/wp-json\/wp\/v2\/tags?post=560694"}],"curies":[{"name":"wp","href":"https:\/\/api.w.org\/{rel}","templated":true}]}}