{"id":560702,"date":"2025-11-26T20:13:20","date_gmt":"2025-11-26T20:13:20","guid":{"rendered":"https:\/\/www.europesays.com\/fr\/560702\/"},"modified":"2025-11-26T20:13:20","modified_gmt":"2025-11-26T20:13:20","slug":"nathalie-appere-le-cameleon-de-la-mairie-de-rennes-comment-elle-sest-imposee-a-gauche-dans-la-course-aux-municipales","status":"publish","type":"post","link":"https:\/\/www.europesays.com\/fr\/560702\/","title":{"rendered":"Nathalie App\u00e9r\u00e9, le cam\u00e9l\u00e9on de la mairie de Rennes\u00a0: comment elle s\u2019est impos\u00e9e \u00e0 gauche dans la course aux municipales"},"content":{"rendered":"<p>\u00c0 chaque camp politique son symbole. Pour officialiser sa candidature, l\u2019opposant de centre droit Charles Compagnon a choisi Villejean, l\u00e0 o\u00f9 il a r\u00e9chapp\u00e9 \u00e0 une fusillade li\u00e9e au narcotrafic. L\u2019Insoumise Marie Mesmeur s\u2019est lanc\u00e9e depuis l\u2019un de ces quartiers populaires o\u00f9 son parti se b\u00e2tit un \u00e9lectorat. Ce jeudi 20 novembre, Nathalie App\u00e9r\u00e9, elle, opte pour le Grand Huit, un tiers lieu d\u00e9di\u00e9 aux arts forains, devenu \u00ab the place to be \u00bb depuis son ouverture sur un ancien atelier SNCF.<\/p>\n<p><a href=\"https:\/\/www.letelegramme.fr\/ille-et-vilaine\/rennes-35000\/municipales-a-rennes-le-grand-bilan-de-nathalie-appere-6928724.php\" target=\"_blank\" rel=\"noopener\">Municipales \u00e0 Rennes : le grand bilan de Nathalie App\u00e9r\u00e9<\/a><\/p>\n<p>Ce matin-l\u00e0, la maire sortante confirme ce que tout le monde sait : elle sera bien candidate aux municipales de mars 2026 pour un troisi\u00e8me mandat. Rendez-vous en janvier pour le lancement de sa campagne. L\u2019objectif de la conf\u00e9rence de presse n\u2019est pas tant dans cette vraie-fausse annonce. Il est plut\u00f4t dans la photo, qui marque le coup d\u2019une \u00ab union in\u00e9dite \u00bb. Pour la premi\u00e8re fois, Nathalie App\u00e9r\u00e9 embarque les Verts avec elle d\u00e8s le premier tour. La quasi-totalit\u00e9 de la galaxie de la gauche est \u00e0 ses c\u00f4t\u00e9s. La voici meneuse d\u2019une alliance \u00ab de Ruffin \u00e0 Glucksmann \u00bb, avec douze logos au total dont orner les futurs tracts.<\/p>\n<p>Rennes, bastion du combat contre le RN<\/p>\n<p>Dans un froid polaire, celle qui est maire depuis 2014 prend le temps de vanter le bilan de son \u00e9quipe. Mais des dossiers locaux, il est peu question. Le point central du discours : la gauche rennaise montre l\u2019exemple et envoie un message de r\u00e9sistance face \u00e0 la vague brune qui pourrait tout emporter en 2027. \u00ab Nous avons en commun de penser que la solidarit\u00e9, la justice et l\u2019entraide ne sont pas des valeurs d\u00e9pass\u00e9es, lance-t-elle. Nous savons qu\u2019il y a n\u00e9anmoins des vents contraires \u00e0 l\u2019id\u00e9al que nous portons. \u00bb Avant de promettre de lutter contre le RN \u00ab jusqu\u2019\u00e0 son dernier souffle \u00bb. On le comprend entre les lignes : les Rennais de gauche sont appel\u00e9s \u00e0 faire bloc avec elle pour \u00ab mener le combat \u00bb.<\/p>\n<blockquote><p>La solidarit\u00e9, la justice et l\u2019entraide ne sont pas des valeurs d\u00e9pass\u00e9es<\/p><\/blockquote>\n<p>Agiter le p\u00e9ril l\u2019extr\u00eame droite dans une \u00e9lection municipale o\u00f9 le parti lep\u00e9niste n\u2019a aucune chance de gagner pr\u00eate le flanc aux critiques. Mais les l\u00e9gislatives 2024 ont montr\u00e9 que la menace du RN mobilise. En b\u00e2tissant une large alliance, la maire sait aussi qu\u2019elle r\u00e9pond \u00e0 la demande d\u2019union, ultra majoritaire chez ses \u00e9lecteurs. Le but : une strat\u00e9gie susceptible de la faire gagner d\u00e8s le premier tour du 15 mars. En t\u00e9moigne le poids du bloc de gauche en 2020, pr\u00e8s de deux tiers des voix. Reste l\u2019inconnue du score de la liste LFI, qui pourrait contenir le sien et lui imposer un second tour. Tant pis. La maire refuse de pousser l\u2019unitarisme jusqu\u2019aux troupes de Jean-Luc M\u00e9lenchon. Il y a plus de points \u00e0 perdre avec eux que sans, ont calcul\u00e9 ses conseillers depuis longtemps.<\/p>\n<p>Voici donc Nathalie App\u00e9r\u00e9 dans les habits de la championne de la nouvelle gauche face au p\u00e9ril identitaire. Et tant pis pour les commentaires des rancuniers qui ne manqueront pas de rappeler ses choix pass\u00e9s. Ceux de 2016, par exemple, quand la jeune maire choisit le droitier Manuel Valls \u00e0 la primaire du PS. Ou quand, cette m\u00eame ann\u00e9e, depuis son si\u00e8ge de d\u00e9put\u00e9e, elle vote pour la d\u00e9ch\u00e9ance de nationalit\u00e9. Certes, elle le fait la mort dans l\u2019\u00e2me, tant la proposition heurte ses valeurs. Mais, \u00e0 l\u2019\u00e9poque, la loyaut\u00e9 au parti pr\u00e9vaut chez une parlementaire pas vraiment du genre frondeuse.<\/p>\n<p>\u00ab Maire \u00e9cologiste \u00bb<\/p>\n<p>Il faut attendre 2017 pour voir Nathalie App\u00e9r\u00e9, d\u00e9livr\u00e9e de son mandat national et de la tutelle du PS, pivoter peu \u00e0 peu. Son \u00e9curie vient alors de subir une d\u00e9faite historique \u00e0 la pr\u00e9sidentielle, noy\u00e9e par la d\u00e9ferlante Macron. \u00c0 Rennes, des pans entiers de son \u00e9lectorat ont vot\u00e9 pour l\u2019ancien ministre de l\u2019\u00c9conomie. Les chantres rennais du \u00ab nouveau monde \u00bb, s\u00fbrs d\u2019eux-m\u00eames, croient en leur chance de faire basculer l\u2019H\u00f4tel de Ville. Alors qu\u2019elle aurait pu se rendre Macron-compatible, comme tant de ses camarades bretons socialistes, Nathalie App\u00e9r\u00e9 prend une autre voie. Elle choisit l\u2019opposition au pr\u00e9sident de la R\u00e9publique et mise sur la refondation verte de la gauche.<\/p>\n<p>D\u00e8s 2018, elle le d\u00e9clare au T\u00e9l\u00e9gramme : \u00ab Je me d\u00e9finis pleinement, aujourd\u2019hui, comme une maire \u00e9cologiste (\u2026). Je suis venue \u00e0 la politique par la question sociale. Mes convictions ne sont peut-\u00eatre pas historiques. Pour autant, elles sont sinc\u00e8res. \u00bb <a href=\"https:\/\/www.letelegramme.fr\/elections\/municipales\/municipales-a-rennes-nathalie-appere-maire-ecolo-vraiment-121875.php\" target=\"_blank\" rel=\"noopener\">Un cheminement n\u00e9 de ses lectures des rapports du GIEC<\/a>, d\u00e9taille-t-elle, et de la r\u00e9p\u00e9tition des crises climatiques. Des paroles confirm\u00e9es par les actes : sous son \u00e8re, Rennes s\u2019est engag\u00e9e sur la voie de la transition, entre d\u00e9veloppement des transports en commun et arbres plant\u00e9s \u00e0 tout-va.<\/p>\n<p>Alors qu\u2019elle postule \u00e0 un troisi\u00e8me bail, la maire r\u00e9colte donc les fruits de son aggiornamento politique, qui lui a permis de se maintenir au centre du jeu. Aid\u00e9e, aussi, par le recul \u00e9lectoral des \u00c9cologistes, qui a pes\u00e9 lourd dans leur d\u00e9cision de la rejoindre. Ses clivages avec le reste de la gauche, qui persistaient lors de sa premi\u00e8re \u00e9lection en 2014, se sont pour l\u2019essentiel estomp\u00e9s. Et c\u2019est tout naturellement qu\u2019elle peut s\u2019imposer, \u00e0 la fois comme candidate et bonne \u00e9l\u00e8ve de la reconstruction de son camp. \ufeffLa preuve qu\u2019on peut \u00e0 la fois d\u00e9tester \u00ab la poloche \u00bb, comme elle le dit, et \u00eatre habile en la mati\u00e8re.<\/p>\n<p>Nouveau contexte, nouvelle strat\u00e9gie<\/p>\n<p>Le prix \u00e0 payer : revoir sa m\u00e9thode. Au risque de l\u2019incoh\u00e9rence ? En 2020, la candidate App\u00e9r\u00e9 avait mis\u00e9 sur l\u2019effacement des partis. Pour d\u00e9finir son programme, six Rennais non encart\u00e9s avaient \u00e9t\u00e9 d\u00e9sign\u00e9s. Un recours \u00e0 la \u00ab soci\u00e9t\u00e9 civile \u00bb destin\u00e9 \u00e0 contrer les deux mouvements concurrents qui s\u2019en r\u00e9clamaient aussi : les macronistes et surtout les Verts, d\u00e9cid\u00e9s \u00e0 y aller seuls. \u00ab J\u2019ai la conviction qu\u2019on ne peut plus \u00e9crire un programme dans le huis clos des appareils politiques \u00bb, analysait-elle.<\/p>\n<p>Six ans plus tard, le contexte a chang\u00e9. Et la d\u00e9marche avec. Sous sa houlette et dans le plus grand secret, les forces de la majorit\u00e9 sortante ont planch\u00e9 pendant 21 heures sur le programme \u00e0 pr\u00e9senter aux Rennais et les \u00e9quilibres politiques de la future liste. Les Verts s\u2019en sortent bien, en obtenant le m\u00eame nombre d\u2019\u00e9lus qu\u2019aujourd\u2019hui, malgr\u00e9 leur perte de vitesse. Quant au programme, on sait encore peu de choses. Il sera pr\u00e9sent\u00e9 d\u00e9but 2026, apr\u00e8s le lancement de la campagne. Son opposition aura fort \u00e0 faire pour enrayer la machine App\u00e9r\u00e9.<\/p>\n","protected":false},"excerpt":{"rendered":"\u00c0 chaque camp politique son symbole. Pour officialiser sa candidature, l\u2019opposant de centre droit Charles Compagnon a choisi&hellip;\n","protected":false},"author":2,"featured_media":560703,"comment_status":"","ping_status":"","sticky":false,"template":"","format":"standard","meta":{"footnotes":""},"categories":[2821],"tags":[1111,11,829,765,1777,674,1011,27,848,10736,12,3364,584,25],"class_list":{"0":"post-560702","1":"post","2":"type-post","3":"status-publish","4":"format-standard","5":"has-post-thumbnail","7":"category-rennes","8":"tag-actu","9":"tag-actualites","10":"tag-bretagne","11":"tag-en-continu","12":"tag-eu","13":"tag-europe","14":"tag-fr","15":"tag-france","16":"tag-ille-et-vilaine","17":"tag-nathalie-appere","18":"tag-news","19":"tag-politique-a-rennes","20":"tag-rennes","21":"tag-republique-francaise"},"share_on_mastodon":{"url":"https:\/\/pubeurope.com\/@fr\/115617831652829765","error":""},"_links":{"self":[{"href":"https:\/\/www.europesays.com\/fr\/wp-json\/wp\/v2\/posts\/560702","targetHints":{"allow":["GET"]}}],"collection":[{"href":"https:\/\/www.europesays.com\/fr\/wp-json\/wp\/v2\/posts"}],"about":[{"href":"https:\/\/www.europesays.com\/fr\/wp-json\/wp\/v2\/types\/post"}],"author":[{"embeddable":true,"href":"https:\/\/www.europesays.com\/fr\/wp-json\/wp\/v2\/users\/2"}],"replies":[{"embeddable":true,"href":"https:\/\/www.europesays.com\/fr\/wp-json\/wp\/v2\/comments?post=560702"}],"version-history":[{"count":0,"href":"https:\/\/www.europesays.com\/fr\/wp-json\/wp\/v2\/posts\/560702\/revisions"}],"wp:featuredmedia":[{"embeddable":true,"href":"https:\/\/www.europesays.com\/fr\/wp-json\/wp\/v2\/media\/560703"}],"wp:attachment":[{"href":"https:\/\/www.europesays.com\/fr\/wp-json\/wp\/v2\/media?parent=560702"}],"wp:term":[{"taxonomy":"category","embeddable":true,"href":"https:\/\/www.europesays.com\/fr\/wp-json\/wp\/v2\/categories?post=560702"},{"taxonomy":"post_tag","embeddable":true,"href":"https:\/\/www.europesays.com\/fr\/wp-json\/wp\/v2\/tags?post=560702"}],"curies":[{"name":"wp","href":"https:\/\/api.w.org\/{rel}","templated":true}]}}