{"id":560704,"date":"2025-11-26T20:14:20","date_gmt":"2025-11-26T20:14:20","guid":{"rendered":"https:\/\/www.europesays.com\/fr\/560704\/"},"modified":"2025-11-26T20:14:20","modified_gmt":"2025-11-26T20:14:20","slug":"a-rennes-un-serial-voleur-de-velos-arrete-par-la-police","status":"publish","type":"post","link":"https:\/\/www.europesays.com\/fr\/560704\/","title":{"rendered":"\u00e0 Rennes, un serial voleur de v\u00e9los arr\u00eat\u00e9 par la police"},"content":{"rendered":"<p>                    Par<br \/>\n        <strong><br \/>\n            <a href=\"https:\/\/actu.fr\/auteur\/laurene-fertin\" title=\"Consulter tous les articles de Laur\u00e8ne Fertin\" target=\"_blank\" rel=\"noopener\">Laur\u00e8ne Fertin<\/a><br \/>\n                    <\/strong><\/p>\n<p>        Publi\u00e9 le<\/p>\n<p>            26 nov. 2025 \u00e0 19h32        <\/p>\n<p>C\u2019est <strong>\u00ab\u2009une belle affaire\u2009\u00bb<\/strong>. Deux enqu\u00eateurs du groupe d\u2019Atteinte aux biens ont r\u00e9ussi \u00e0\u00a0mettre la main sur un individu qui a, au total, fait au moins <strong>20 victimes<\/strong> en <strong>volant v\u00e9los<\/strong> et <strong>trottinettes.<\/strong><\/p>\n<p>12 dossiers<\/p>\n<p class=\" wall-content\">L\u2019individu, \u00e2g\u00e9 de <strong>29\u00a0ans<\/strong>, a \u00e9t\u00e9 identifi\u00e9 par les forces de l\u2019ordre apr\u00e8s <strong>deux mois d\u2019enqu\u00eate<\/strong> rondement men\u00e9e. Une fiche de recherche a \u00e9t\u00e9 \u00e9tablie et dans la nuit du 20\u00a0novembre 2025, il a \u00e9t\u00e9 <strong>interpell\u00e9<\/strong> par la Brigade anticriminalit\u00e9 (BAC).<\/p>\n<blockquote class=\"ac-article-quote wall-content\">\n<p>Leurs investigations ont permis d&rsquo;\u00e9tablir la responsabilit\u00e9 de l&rsquo;auteur dans plus de 12 dossiers (20 victimes) pour un pr\u00e9judice d\u00e9passant les 20 000 euros.<\/p>\n<p>    <strong>Alliance Police Nationale 35<\/strong>\n            <\/p><\/blockquote>\n<p class=\" wall-content\">\n<p>Des vols dans les box \u00e0 v\u00e9lo<\/p>\n<p class=\" wall-content\">Concr\u00e8tement, le jeune homme, connu des services de police pour vols, <strong>for\u00e7ait les box \u00e0 v\u00e9lo<\/strong> en poussant ou tirant sur les portes. Une fois \u00e0 l\u2019int\u00e9rieur, il volait v\u00e9los et trottinettes <strong>cadenass\u00e9s ou non<\/strong> \u2013 il avait d\u00e9j\u00e0 fait usage, par exemple, d\u2019une <strong>disqueuse.<\/strong><\/p>\n<p class=\" wall-content\">\u00ab\u2009En une seule nuit\u2009\u00bb, indique un membre de la police, \u00ab\u2009sur le campus Frassati rue Saint-Malo, il a vol\u00e9<strong> huit v\u00e9los.\u2009\u00bb <\/strong>Les autres m\u00e9faits ont \u00e9t\u00e9 commis <strong>dans le centre-ville<\/strong> de Rennes. <strong>Pas de complices,<\/strong> pour le moment, ne lui sont connus.<\/p>\n<p>En d\u00e9tention provisoire<\/p>\n<p class=\" wall-content\"><strong>Les faits de vols avec circonstances aggravantes<\/strong> \u2013 il a pu user de <strong>menaces<\/strong> et de <strong>violence<\/strong> lorsqu\u2019il \u00e9tait surpris par certains r\u00e9sidents \u2013 sont caract\u00e9ris\u00e9s sur la p\u00e9riode de la mi-septembre \u00e0 la mi-novembre\u00a02024. Mais il se pourrait que d\u2019autres dossiers viennent s\u2019ajouter \u00e0 la pile.<\/p>\n<p>Votre r\u00e9gion, votre actu !<\/p>\n<p>Recevez chaque jour les infos qui comptent pour vous.<\/p>\n<p>\t<a href=\"https:\/\/actu.fr\/newsletter\" class=\"ac-btn ac-btn--corner ac-btn--medium ac-btn--blue800\" target=\"_blank\" rel=\"noopener\">S&rsquo;incrire<\/a><\/p>\n<p class=\" wall-content\">Le mis en cause a \u00e9t\u00e9 pr\u00e9sent\u00e9 \u00e0 la Justice mardi 25\u00a0novembre 2025. Son audience a \u00e9t\u00e9 renvoy\u00e9e au<strong> 9\u00a0janvier 2026.<\/strong> Il demeure en <strong>d\u00e9tention provisoire<\/strong> dans l\u2019attente de celle-ci.<\/p>\n<p class=\" wall-content\">Personnalisez votre actualit\u00e9 en ajoutant vos villes et m\u00e9dias en favori avec <a href=\"https:\/\/moncompte.actu.fr\" title=\"D\u00e9couvez Mon Actu\" rel=\"nofollow noopener\" data-trk=\"{&quot;cta&quot;:{&quot;action&quot;:&quot;https:\\\/\\\/moncompte.actu.fr&quot;,&quot;category&quot;:&quot;mon compte&quot;,&quot;from&quot;:&quot;article footer&quot;,&quot;name&quot;:&quot;Mon actu&quot;,&quot;type&quot;:&quot;cta&quot;}}\" target=\"_blank\">Mon Actu<\/a>.<\/p>\n","protected":false},"excerpt":{"rendered":"Par Laur\u00e8ne Fertin Publi\u00e9 le 26 nov. 2025 \u00e0 19h32 C\u2019est \u00ab\u2009une belle affaire\u2009\u00bb. Deux enqu\u00eateurs du groupe&hellip;\n","protected":false},"author":2,"featured_media":560705,"comment_status":"","ping_status":"","sticky":false,"template":"","format":"standard","meta":{"footnotes":""},"categories":[2821],"tags":[1111,11,829,1777,674,118,1011,27,12,1072,584,25,208],"class_list":{"0":"post-560704","1":"post","2":"type-post","3":"status-publish","4":"format-standard","5":"has-post-thumbnail","7":"category-rennes","8":"tag-actu","9":"tag-actualites","10":"tag-bretagne","11":"tag-eu","12":"tag-europe","13":"tag-faits-divers","14":"tag-fr","15":"tag-france","16":"tag-news","17":"tag-police","18":"tag-rennes","19":"tag-republique-francaise","20":"tag-velo"},"share_on_mastodon":{"url":"https:\/\/pubeurope.com\/@fr\/115617835581843980","error":""},"_links":{"self":[{"href":"https:\/\/www.europesays.com\/fr\/wp-json\/wp\/v2\/posts\/560704","targetHints":{"allow":["GET"]}}],"collection":[{"href":"https:\/\/www.europesays.com\/fr\/wp-json\/wp\/v2\/posts"}],"about":[{"href":"https:\/\/www.europesays.com\/fr\/wp-json\/wp\/v2\/types\/post"}],"author":[{"embeddable":true,"href":"https:\/\/www.europesays.com\/fr\/wp-json\/wp\/v2\/users\/2"}],"replies":[{"embeddable":true,"href":"https:\/\/www.europesays.com\/fr\/wp-json\/wp\/v2\/comments?post=560704"}],"version-history":[{"count":0,"href":"https:\/\/www.europesays.com\/fr\/wp-json\/wp\/v2\/posts\/560704\/revisions"}],"wp:featuredmedia":[{"embeddable":true,"href":"https:\/\/www.europesays.com\/fr\/wp-json\/wp\/v2\/media\/560705"}],"wp:attachment":[{"href":"https:\/\/www.europesays.com\/fr\/wp-json\/wp\/v2\/media?parent=560704"}],"wp:term":[{"taxonomy":"category","embeddable":true,"href":"https:\/\/www.europesays.com\/fr\/wp-json\/wp\/v2\/categories?post=560704"},{"taxonomy":"post_tag","embeddable":true,"href":"https:\/\/www.europesays.com\/fr\/wp-json\/wp\/v2\/tags?post=560704"}],"curies":[{"name":"wp","href":"https:\/\/api.w.org\/{rel}","templated":true}]}}