{"id":560710,"date":"2025-11-26T20:17:13","date_gmt":"2025-11-26T20:17:13","guid":{"rendered":"https:\/\/www.europesays.com\/fr\/560710\/"},"modified":"2025-11-26T20:17:13","modified_gmt":"2025-11-26T20:17:13","slug":"la-guerre-na-pas-un-visage-de-femme-mais-elles-etaient-au-front","status":"publish","type":"post","link":"https:\/\/www.europesays.com\/fr\/560710\/","title":{"rendered":"\u00ab\u00a0La guerre n&rsquo;a pas un visage de femme\u00a0\u00bb mais elles \u00e9taient au front"},"content":{"rendered":"<p>\t\t\t\t\tCOUPS DE COEUR<\/p>\n<p>\t\t\t\t\t\tBy\u00a0<a href=\"https:\/\/www.le-mensuel.com\/author\/claire-le-mensuel\/\" title=\"Articles par Claire Le Mensuel\" rel=\"author noopener\" target=\"_blank\">Claire Le Mensuel<\/a>\u00a0|\u00a026 novembre 2025<\/p>\n<p>La guerre n\u2019a pas un visage de femme<br \/>\n<strong style=\"font-size: 16px;\">th\u00e9\u00e2tre \/ r\u00e9cit<\/strong><\/p>\n<p>\u00a0<\/p>\n<p>La guerre n\u2019a pas un visage de Femme : T\u00e9moignage oubli\u00e9 de combattantes<\/p>\n<p>\u00a0<\/p>\n<p><b>Guerre &amp; Femme<\/b>. Voil\u00e0 deux mots qu\u2019on voit <b>rarement associ\u00e9s dans la m\u00e9moire collective<\/b>. Pourtant, les femmes n\u2019ont pas d\u00e9m\u00e9rit\u00e9 et elles ont \u00e9t\u00e9 nombreuses \u00e0 s\u2019engager sur le gigantesque champ de bataille que fut la Seconde Guerre mondiale\u2026 Les historiens les plus progressistes ont bien lou\u00e9 leur effort de guerre dans les usines, mais <b>il existe peu de t\u00e9moignages de leur pr\u00e9sence sur le front<\/b>.<\/p>\n<p>C\u2019est cet <b>oubli majeur qu\u2019a voulu corriger Svetlana Alexievitch<\/b> \u2013 \u00e9crivaine et journaliste ukrainienne \u2013 qui, <b>un jour de 1975<\/b>, rassemble, dans un petit appartement communautaire, des combattantes en prise avec les arm\u00e9es hitl\u00e9riennes d\u00e8s 1941. <b>40 ans plus tard, la metteuse en sc\u00e8ne Julie Deliquet s\u2019est empar\u00e9e de ce texte<\/b> pour r\u00e9v\u00e9ler cette histoire m\u00e9connue dans la pi\u00e8ce <b>La guerre n\u2019a pas un visage de femme<\/b>. Elle y retrace une journ\u00e9e de l\u2019enqu\u00eate journalistique qui a fait jaillir le meilleur comme le pire de la nature humaine \u2013 dont sa violence -, mais aussi la beaut\u00e9 d\u2019<b>une sororit\u00e9 qui a maintenu ces femmes dignes et debout<\/b>.\u00a0<\/p>\n<p>\u00a0<\/p>\n<\/p>\n<p>\u00a0<\/p>\n<p>On d\u00e9couvre, dans cette <b>puissante cr\u00e9ation th\u00e9\u00e2trale<\/b>, des paroles et des r\u00e9cits rapport\u00e9s par celles qui ont v\u00e9cu le m\u00eame enfer que les hommes, voire pire\u2026 Car si tous et toutes ont <b>combattu pour la libert\u00e9 au prix d\u2019une part de leur humanit\u00e9<\/b>, les femmes, elles, ont subi la double peine d\u2019\u00eatre r\u00e9duites au silence dans la r\u00e9siliente p\u00e9riode de l\u2019Apr\u00e8s-guerre. Quand les hommes \u00e9taient c\u00e9l\u00e9br\u00e9s pour leur courage, <b>elles ne recevaient aucun laurier\u2026<\/b><\/p>\n<p><b>Dix com\u00e9diennes livrent leur t\u00e9moignage avec une sinc\u00e9rit\u00e9 \u00e9tonnante<\/b> et la spontan\u00e9it\u00e9 \u00e9tonn\u00e9e qui a d\u00fb envahir les protagonistes 30 ans apr\u00e8s l\u2019Armistice : \u00ab\u00a0Quoi ? On s\u2019int\u00e9resse \u00e0 nous, maintenant ?\u00a0\u00bb<\/p>\n<p>\u00a0<\/p>\n<p style=\"text-align: right;\">\u00a9 Claire Thiebaut pour Le Mensuel \/ Photo DR<\/p>\n<p>\u00a0<\/p>\n<p><a href=\"https:\/\/www.le-mensuel.com\/category\/coups-de-coeur\/theatre\/\" target=\"_blank\" rel=\"noopener\">\u21b5 Retour vers la rubrique \u00ab\u00a0th\u00e9\u00e2tre\u00a0\u00bb<\/a><\/p>\n<p>\u00a0<\/p>\n<p>\u00a0<\/p>\n","protected":false},"excerpt":{"rendered":"COUPS DE COEUR By\u00a0Claire Le Mensuel\u00a0|\u00a026 novembre 2025 La guerre n\u2019a pas un visage de femme th\u00e9\u00e2tre \/&hellip;\n","protected":false},"author":2,"featured_media":560711,"comment_status":"","ping_status":"","sticky":false,"template":"","format":"standard","meta":{"footnotes":""},"categories":[2819],"tags":[1111,11,1777,674,1011,27,12,2401,882,25],"class_list":{"0":"post-560710","1":"post","2":"type-post","3":"status-publish","4":"format-standard","5":"has-post-thumbnail","7":"category-nice","8":"tag-actu","9":"tag-actualites","10":"tag-eu","11":"tag-europe","12":"tag-fr","13":"tag-france","14":"tag-news","15":"tag-nice","16":"tag-provence-alpes-cote-dazur","17":"tag-republique-francaise"},"share_on_mastodon":{"url":"https:\/\/pubeurope.com\/@fr\/115617847352111472","error":""},"_links":{"self":[{"href":"https:\/\/www.europesays.com\/fr\/wp-json\/wp\/v2\/posts\/560710","targetHints":{"allow":["GET"]}}],"collection":[{"href":"https:\/\/www.europesays.com\/fr\/wp-json\/wp\/v2\/posts"}],"about":[{"href":"https:\/\/www.europesays.com\/fr\/wp-json\/wp\/v2\/types\/post"}],"author":[{"embeddable":true,"href":"https:\/\/www.europesays.com\/fr\/wp-json\/wp\/v2\/users\/2"}],"replies":[{"embeddable":true,"href":"https:\/\/www.europesays.com\/fr\/wp-json\/wp\/v2\/comments?post=560710"}],"version-history":[{"count":0,"href":"https:\/\/www.europesays.com\/fr\/wp-json\/wp\/v2\/posts\/560710\/revisions"}],"wp:featuredmedia":[{"embeddable":true,"href":"https:\/\/www.europesays.com\/fr\/wp-json\/wp\/v2\/media\/560711"}],"wp:attachment":[{"href":"https:\/\/www.europesays.com\/fr\/wp-json\/wp\/v2\/media?parent=560710"}],"wp:term":[{"taxonomy":"category","embeddable":true,"href":"https:\/\/www.europesays.com\/fr\/wp-json\/wp\/v2\/categories?post=560710"},{"taxonomy":"post_tag","embeddable":true,"href":"https:\/\/www.europesays.com\/fr\/wp-json\/wp\/v2\/tags?post=560710"}],"curies":[{"name":"wp","href":"https:\/\/api.w.org\/{rel}","templated":true}]}}