{"id":560716,"date":"2025-11-26T20:20:28","date_gmt":"2025-11-26T20:20:28","guid":{"rendered":"https:\/\/www.europesays.com\/fr\/560716\/"},"modified":"2025-11-26T20:20:28","modified_gmt":"2025-11-26T20:20:28","slug":"battu-a-aalborg-en-ligue-des-champions-nantes-dit-adieu-a-la-qualification-directe","status":"publish","type":"post","link":"https:\/\/www.europesays.com\/fr\/560716\/","title":{"rendered":"battu \u00e0 Aalborg en Ligue des champions, Nantes dit adieu \u00e0 la qualification directe"},"content":{"rendered":"<p>\n    Deuxi\u00e8me d\u00e9faite cons\u00e9cutive sur la sc\u00e8ne europ\u00e9enne pour le \u00abH\u00bb, domin\u00e9 par les Danois d\u2019Aalborg (31-24) ce mercredi.<\/p>\n<p class=\"fig-paragraph\">Malgr\u00e9 un sursaut en seconde p\u00e9riode,<a href=\"http:\/\/www.lefigaro.fr\/sports\/handball\/hand-nantes-piege-par-la-lanterne-rouge-20251120\" data-fig-type=\"NewsFlash\" data-gtm-custom-categorie=\"navigation\" data-gtm-custom-action=\"crossclick\" data-gtm-custom-label=\"Contextuel\" data-gtm-event=\"customEventSPE\" data-fig-domain=\"LEFIGARO\" target=\"_blank\" rel=\"noopener\">\u00a0le Handball Club de Nantes\u00a0<\/a>a conc\u00e9d\u00e9 une deuxi\u00e8me d\u00e9faite de suite en Ligue des champions, mercredi dans la salle d&rsquo;Aalborg (31-24), et tire tr\u00e8s probablement un trait sur une qualification directe en quarts de finale.<\/p>\n<p class=\"fig-paragraph\">Battu la semaine pass\u00e9e \u00e0 Bucarest (29-28), le \u00abH\u00bb (4e, 8 pts) pointe en effet \u00e0 cinq journ\u00e9es de la fin \u00e0 sept longueurs des Danois, deuxi\u00e8mes de la poule A. En l&rsquo;absence de trois joueurs majeurs (Pesic, Briet et Odriozola), il a pay\u00e9 cher un \u00e9norme trou d&rsquo;air de pr\u00e8s de 30 minutes, \u00e0 cheval sur les deux p\u00e9riodes.<\/p>\n<p>                                    <a class=\"fig-a11y-skip a11y-hidden\" href=\"#fig-a11y-skip-main-inarticle\"><br \/>\n        Passer la publicit\u00e9<br \/>\n    <\/a><\/p>\n<p class=\"fig-paragraph\">Alors qu&rsquo;il menait 10 \u00e0 8 au quart d&rsquo;heure de jeu, il s&rsquo;est compl\u00e8tement d\u00e9r\u00e9gl\u00e9, butant sur Niklas Landin (8\/21 \u00e0 la mi-temps, 12\/36 au final) et commettant \u00e9norm\u00e9ment de pertes de balles, punies par les transitions rapides d&rsquo;Aalborg, devant de cinq unit\u00e9s \u00e0 la pause (18-13).<\/p>\n<p>Un espoir de remont\u00e9e&#8230; en vain<\/p>\n<p class=\"fig-paragraph\">La mi-temps n&rsquo;a pas permis aux Nantais de r\u00e9gler la mire, puisqu&rsquo;ils ont attendu pr\u00e8s de huit minutes pour inscrire leur premier but en seconde p\u00e9riode: ils \u00e9taient alors men\u00e9s de huit longueurs (21-13). L&rsquo;\u00e9cart est m\u00eame mont\u00e9 \u00e0 neuf buts (23-14, 41e), avant une remont\u00e9e gr\u00e2ce notamment aux arr\u00eats d&rsquo;Ignacio Biosca (16\/47 au final) et \u00e0 l&rsquo;activit\u00e9 de Ian Tarrafeta (5\/6).<\/p>\n<p class=\"fig-paragraph\">Les Nantais sont \u00e9galement parvenus \u00e0 trouver Nicolas Tournat au poste de pivot (5\/6) et \u00e0 revenir \u00e0 deux longueurs \u00e0 moins de dix minutes de la fin (24-22, 51e). Mais ils ont, dans la foul\u00e9e, encaiss\u00e9 un 4-0 fatal.<\/p>\n<p class=\"fig-paragraph\">Les deux premi\u00e8res places envol\u00e9es, reste \u00e0 terminer le plus haut possible, alors que leur quatri\u00e8me place est menac\u00e9e par le Sporting (8 pts aussi, un match en moins) et Kielce (7 pts), qu&rsquo;ils re\u00e7oivent jeudi prochain.<\/p>\n","protected":false},"excerpt":{"rendered":"Deuxi\u00e8me d\u00e9faite cons\u00e9cutive sur la sc\u00e8ne europ\u00e9enne pour le \u00abH\u00bb, domin\u00e9 par les Danois d\u2019Aalborg (31-24) ce mercredi.&hellip;\n","protected":false},"author":2,"featured_media":560717,"comment_status":"","ping_status":"","sticky":false,"template":"","format":"standard","meta":{"footnotes":""},"categories":[2818],"tags":[1111,11,1777,674,1011,27,766,12,2636,25],"class_list":{"0":"post-560716","1":"post","2":"type-post","3":"status-publish","4":"format-standard","5":"has-post-thumbnail","7":"category-nantes","8":"tag-actu","9":"tag-actualites","10":"tag-eu","11":"tag-europe","12":"tag-fr","13":"tag-france","14":"tag-nantes","15":"tag-news","16":"tag-pays-de-la-loire","17":"tag-republique-francaise"},"share_on_mastodon":{"url":"https:\/\/pubeurope.com\/@fr\/115617859224390642","error":""},"_links":{"self":[{"href":"https:\/\/www.europesays.com\/fr\/wp-json\/wp\/v2\/posts\/560716","targetHints":{"allow":["GET"]}}],"collection":[{"href":"https:\/\/www.europesays.com\/fr\/wp-json\/wp\/v2\/posts"}],"about":[{"href":"https:\/\/www.europesays.com\/fr\/wp-json\/wp\/v2\/types\/post"}],"author":[{"embeddable":true,"href":"https:\/\/www.europesays.com\/fr\/wp-json\/wp\/v2\/users\/2"}],"replies":[{"embeddable":true,"href":"https:\/\/www.europesays.com\/fr\/wp-json\/wp\/v2\/comments?post=560716"}],"version-history":[{"count":0,"href":"https:\/\/www.europesays.com\/fr\/wp-json\/wp\/v2\/posts\/560716\/revisions"}],"wp:featuredmedia":[{"embeddable":true,"href":"https:\/\/www.europesays.com\/fr\/wp-json\/wp\/v2\/media\/560717"}],"wp:attachment":[{"href":"https:\/\/www.europesays.com\/fr\/wp-json\/wp\/v2\/media?parent=560716"}],"wp:term":[{"taxonomy":"category","embeddable":true,"href":"https:\/\/www.europesays.com\/fr\/wp-json\/wp\/v2\/categories?post=560716"},{"taxonomy":"post_tag","embeddable":true,"href":"https:\/\/www.europesays.com\/fr\/wp-json\/wp\/v2\/tags?post=560716"}],"curies":[{"name":"wp","href":"https:\/\/api.w.org\/{rel}","templated":true}]}}