{"id":560718,"date":"2025-11-26T20:21:13","date_gmt":"2025-11-26T20:21:13","guid":{"rendered":"https:\/\/www.europesays.com\/fr\/560718\/"},"modified":"2025-11-26T20:21:13","modified_gmt":"2025-11-26T20:21:13","slug":"notre-selection-des-20-rendez-vous-incontournables-pour-vivre-la-feerie-de-noel-a-bordeaux","status":"publish","type":"post","link":"https:\/\/www.europesays.com\/fr\/560718\/","title":{"rendered":"Notre s\u00e9lection des 20 rendez-vous incontournables pour vivre la f\u00e9\u00e9rie de No\u00ebl \u00e0 Bordeaux"},"content":{"rendered":"<p>\u00c0 travers plus d\u2019une cinquantaine d\u2019\u00e9v\u00e9nements, la Ville et ses partenaires proposent une programmation \u00e9clectique\u00a0: retour de la patinoire \u00e0 ciel ouvert, march\u00e9 de No\u00ebl aux Quinconces, mappings monumentaux, spectacles, concerts et initiatives solidaires rythmeront ces six semaines de festivit\u00e9s.<\/p>\n<p>&#13;<br \/>\n1. Glisser sur la patinoire \u00e0 ciel ouvert des all\u00e9es de Tourny&#13;<\/p>\n<p data-start=\"735\" data-end=\"898\">De retour apr\u00e8s dix ans d\u2019absence, la patinoire en poly\u00e9thyl\u00e8ne recycl\u00e9 ouvre d\u00e8s le <strong data-start=\"820\" data-end=\"835\">22 novembre<\/strong>, accompagn\u00e9e de chalets associatifs et de douceurs gourmandes.<\/p>\n<p>&#13;<br \/>\n2. Admirer les illuminations sur toute la ville&#13;<\/p>\n<p data-start=\"953\" data-end=\"1113\">Du <strong data-start=\"956\" data-end=\"984\">28 novembre au 4 janvier<\/strong>, Bordeaux s\u2019illumine chaque soir jusqu\u2019\u00e0 1h du matin, avec un \u00e9clairage 100 % LED, prolong\u00e9 toute la nuit les 24 et 31 d\u00e9cembre.<\/p>\n<p>&#13;<\/p>\n<blockquote class=\"instagram-media\" data-instgrm-captioned=\"\" data-instgrm-permalink=\"https:\/\/www.instagram.com\/reel\/DDRYxvBqq9p\/?utm_source=ig_embed&amp;utm_campaign=loading\" data-instgrm-version=\"14\" style=\"background: #FFF; border: 0; border-radius: 3px; box-shadow: 0 0 1px 0 rgba(0,0,0,0.5),0 1px 10px 0 rgba(0,0,0,0.15); margin: 1px; max-width: 540px; min-width: 326px; padding: 0; width: calc(100% - 2px);\"><p>&#13;<br \/>\n&#13;\n<\/p><\/blockquote>\n<p>&#13;<br \/>\n&#13;<br \/>\n3. D\u00e9couvrir le march\u00e9 de No\u00ebl des Quinconces&#13;<\/p>\n<p data-start=\"1166\" data-end=\"1299\">Inaugur\u00e9 le <strong data-start=\"1178\" data-end=\"1199\">28 novembre \u00e0 18h<\/strong>, le march\u00e9 revient avec cr\u00e9ateurs, id\u00e9es cadeaux, grande roue et <strong data-start=\"1265\" data-end=\"1279\">10 man\u00e8ges<\/strong> jusqu\u2019au 4 janvier.<\/p>\n<p>&#13;<br \/>\n4. Entrer dans la magie du cirque Arlette Gruss&#13;<\/p>\n<p data-start=\"1354\" data-end=\"1478\">Son chapiteau s\u2019installe place des Quinconces du <strong data-start=\"1403\" data-end=\"1432\">19 d\u00e9cembre au 25 janvier<\/strong>, pour un rendez-vous f\u00e9erique incontournable.<\/p>\n<p>&#13;<\/p>\n<blockquote class=\"instagram-media\" data-instgrm-captioned=\"\" data-instgrm-permalink=\"https:\/\/www.instagram.com\/p\/DRCLPjuFNHZ\/?utm_source=ig_embed&amp;utm_campaign=loading\" data-instgrm-version=\"14\" style=\"background: #FFF; border: 0; border-radius: 3px; box-shadow: 0 0 1px 0 rgba(0,0,0,0.5),0 1px 10px 0 rgba(0,0,0,0.15); margin: 1px; max-width: 540px; min-width: 326px; padding: 0; width: calc(100% - 2px);\"><p>&#13;<br \/>\n&#13;\n<\/p><\/blockquote>\n<p>&#13;<br \/>\n&#13;<br \/>\n5. Participer au lancement officiel des festivit\u00e9s&#13;<\/p>\n<p data-start=\"1536\" data-end=\"1705\">Le <strong data-start=\"1539\" data-end=\"1559\">6 d\u00e9cembre \u00e0 18h<\/strong>, place de la Com\u00e9die, Bordeaux donne le coup d\u2019envoi\u00a0: ch\u0153ur, d\u00e9ambulation musicale, illumination du Sapin Verre et premier mapping de la saison.<\/p>\n<p>&#13;<br \/>\n6. Contempler les projections sur le Grand-Th\u00e9\u00e2tre&#13;<\/p>\n<p data-start=\"1763\" data-end=\"1879\">Tous les soirs du <strong data-start=\"1781\" data-end=\"1808\">6 d\u00e9cembre au 4 janvier<\/strong>, de 17h30 \u00e0 minuit, Limelight m\u00e9tamorphose la fa\u00e7ade du Grand-Th\u00e9\u00e2tre.<\/p>\n<p>&#13;<\/p>\n<blockquote class=\"instagram-media\" data-instgrm-captioned=\"\" data-instgrm-permalink=\"https:\/\/www.instagram.com\/p\/DDQUWK7KzH2\/?utm_source=ig_embed&amp;utm_campaign=loading\" data-instgrm-version=\"14\" style=\"background: #FFF; border: 0; border-radius: 3px; box-shadow: 0 0 1px 0 rgba(0,0,0,0.5),0 1px 10px 0 rgba(0,0,0,0.15); margin: 1px; max-width: 540px; min-width: 326px; padding: 0; width: calc(100% - 2px);\"><p>&#13;<br \/>\n&#13;\n<\/p><\/blockquote>\n<p>&#13;<br \/>\n&#13;<br \/>\n7. Profiter du mapping pour enfants \u00e0 la cath\u00e9drale Saint-Andr\u00e9&#13;<\/p>\n<p data-start=\"1950\" data-end=\"2112\">Les vendredis, samedis et dimanches de d\u00e9cembre (dates pr\u00e9cises\u00a0: 6, 12, 13, 19, 20, 21), un mapping po\u00e9tique anime la fa\u00e7ade ouest de la cath\u00e9drale de 18h \u00e0 22h.<\/p>\n<p>&#13;<br \/>\n8. Retrouver le \u00ab\u00a0Sapin Verre\u00a0\u00bb au c\u0153ur de la ville&#13;<\/p>\n<p data-start=\"2171\" data-end=\"2319\">Du <strong data-start=\"2174\" data-end=\"2201\">6 d\u00e9cembre au 4 janvier<\/strong>, cette \u0153uvre en verre et acier recycl\u00e9s sign\u00e9e Arnaud Lapierre brille chaque jour de 7h \u00e0 10h puis de 16h30 \u00e0 minuit.<\/p>\n<p>&#13;<\/p>\n<blockquote class=\"instagram-media\" data-instgrm-captioned=\"\" data-instgrm-permalink=\"https:\/\/www.instagram.com\/p\/CmMOqfdKkXA\/?utm_source=ig_embed&amp;utm_campaign=loading\" data-instgrm-version=\"14\" style=\"background: #FFF; border: 0; border-radius: 3px; box-shadow: 0 0 1px 0 rgba(0,0,0,0.5),0 1px 10px 0 rgba(0,0,0,0.15); margin: 1px; max-width: 540px; min-width: 326px; padding: 0; width: calc(100% - 2px);\"><p>&#13;<br \/>\n&#13;\n<\/p><\/blockquote>\n<p>&#13;<br \/>\n&#13;<br \/>\n9. Fl\u00e2ner au march\u00e9 de No\u00ebl de Saint-Michel&#13;<\/p>\n<p data-start=\"2370\" data-end=\"2473\">Le <strong data-start=\"2373\" data-end=\"2387\">3 d\u00e9cembre<\/strong>, rue Camille-Sauvageau, les cr\u00e9ateurs animent un march\u00e9 nocturne festif de 11h \u00e0 22h.<\/p>\n<p>&#13;<br \/>\n10. Assister au concert de fin d&rsquo;ann\u00e9e au th\u00e9\u00e2tre F\u00e9mina&#13;<\/p>\n<p data-start=\"2537\" data-end=\"2646\">Le <strong data-start=\"2540\" data-end=\"2560\">2 d\u00e9cembre \u00e0 15h<\/strong>, un concert r\u00e9serv\u00e9 aux seniors sur inscription propose un moment musical chaleureux.<\/p>\n<p>&#13;<br \/>\n11. S\u2019\u00e9mouvoir devant \u00ab\u00a0Rom\u00e9o et Juliette\u00a0\u00bb au Grand-Th\u00e9\u00e2tre&#13;<\/p>\n<p data-start=\"2714\" data-end=\"2787\">Du <strong data-start=\"2717\" data-end=\"2737\">5 au 31 d\u00e9cembre<\/strong>, l\u2019Op\u00e9ra de Bordeaux pr\u00e9sente son ballet de No\u00ebl.<\/p>\n<p>&#13;<\/p>\n<blockquote class=\"instagram-media\" data-instgrm-captioned=\"\" data-instgrm-permalink=\"https:\/\/www.instagram.com\/reel\/DRY8xNmE81s\/?utm_source=ig_embed&amp;utm_campaign=loading\" data-instgrm-version=\"14\" style=\"background: #FFF; border: 0; border-radius: 3px; box-shadow: 0 0 1px 0 rgba(0,0,0,0.5),0 1px 10px 0 rgba(0,0,0,0.15); margin: 1px; max-width: 540px; min-width: 326px; padding: 0; width: calc(100% - 2px);\"><p>&#13;<br \/>\n&#13;\n<\/p><\/blockquote>\n<p>&#13;<br \/>\n&#13;<br \/>\n12. Chiner au march\u00e9 artisanal de la place Fernand-Lafargue&#13;<\/p>\n<p data-start=\"2854\" data-end=\"2930\">Le <strong data-start=\"2857\" data-end=\"2871\">6 d\u00e9cembre<\/strong>, cr\u00e9ateurs et artisans investissent la place de 11h \u00e0 20h.<\/p>\n<p>&#13;<br \/>\n13. Explorer l\u2019Odyss\u00e9e lumineuse du parc bordelais&#13;<\/p>\n<p data-start=\"2988\" data-end=\"3090\">Du <strong data-start=\"2991\" data-end=\"3020\">12 d\u00e9cembre au 11 janvier<\/strong>, le parc Bordelais s\u2019illumine chaque soir de 18h \u00e0 22h. Inscriptions requises.<\/p>\n<p>&#13;<\/p>\n<blockquote class=\"instagram-media\" data-instgrm-captioned=\"\" data-instgrm-permalink=\"https:\/\/www.instagram.com\/reel\/DPWNAhRjOSJ\/?utm_source=ig_embed&amp;utm_campaign=loading\" data-instgrm-version=\"14\" style=\"background: #FFF; border: 0; border-radius: 3px; box-shadow: 0 0 1px 0 rgba(0,0,0,0.5),0 1px 10px 0 rgba(0,0,0,0.15); margin: 1px; max-width: 540px; min-width: 326px; padding: 0; width: calc(100% - 2px);\"><p>&#13;<br \/>\n&#13;\n<\/p><\/blockquote>\n<p>&#13;<br \/>\n&#13;<br \/>\n14. F\u00eater No\u00ebl dans le quartier de la Cit\u00e9 Bleue&#13;<\/p>\n<p data-start=\"3146\" data-end=\"3206\">Le <strong data-start=\"3149\" data-end=\"3164\">12 d\u00e9cembre<\/strong>, animations et convivialit\u00e9 de 17h \u00e0 22h.<\/p>\n<p>&#13;<br \/>\n15. Participer \u00e0 la Chocolatada solidaire&#13;<\/p>\n<p data-start=\"3255\" data-end=\"3355\">Le <strong data-start=\"3258\" data-end=\"3273\">12 d\u00e9cembre<\/strong>, place Andr\u00e9-Meunier, vin et chocolats chauds r\u00e9chauffent les c\u0153urs de 16h \u00e0 19h.<\/p>\n<p>&#13;<br \/>\n16. C\u00e9l\u00e9brer No\u00ebl au Grand Parc&#13;<\/p>\n<p data-start=\"3394\" data-end=\"3478\">Le <strong data-start=\"3397\" data-end=\"3412\">13 d\u00e9cembre<\/strong>, animations de 9h \u00e0 18h propos\u00e9es par le centre social IntenCit\u00e9.<\/p>\n<p>&#13;<br \/>\n17. Rencontrer le P\u00e8re No\u00ebl au Parc Pin\u00e7on&#13;<\/p>\n<p data-start=\"3528\" data-end=\"3618\">Le <strong data-start=\"3531\" data-end=\"3546\">13 d\u00e9cembre<\/strong>, l\u2019association C\u0153ur de Bastide accueille petits et grands de 14h \u00e0 18h.<\/p>\n<p>&#13;<br \/>\n18. Profiter d\u2019un concert gospel rue des Remparts&#13;<\/p>\n<p data-start=\"3675\" data-end=\"3757\">Toujours le <strong data-start=\"3687\" data-end=\"3702\">13 d\u00e9cembre<\/strong>, ambiance festive et visite du P\u00e8re No\u00ebl de 14h \u00e0 18h.<\/p>\n<p>&#13;<br \/>\n19. Danser au Bal de No\u00ebl\u00a0: Do Brasil\u00a0!&#13;<\/p>\n<p data-start=\"3804\" data-end=\"3931\">Le <strong data-start=\"3807\" data-end=\"3830\">13 d\u00e9cembre \u00e0 19h30<\/strong>, la salle des f\u00eates du Grand-Parc s\u2019anime aux rythmes br\u00e9siliens. Billetterie sur place ou en ligne.<\/p>\n<p>&#13;<br \/>\n20. Chiner \u00e0 la Grande sup\u00e9rette de No\u00ebl \u00e0 la Fabrique Pola&#13;<\/p>\n<p data-start=\"3998\" data-end=\"4113\">Les <strong data-start=\"4002\" data-end=\"4023\">13 et 14 d\u00e9cembre<\/strong>, cr\u00e9ateurs, ateliers et objets uniques vous attendent (samedi 15h\u201321h, dimanche 11h\u201319h).<\/p>\n<p>&#13;<\/p>\n<blockquote class=\"instagram-media\" data-instgrm-captioned=\"\" data-instgrm-permalink=\"https:\/\/www.instagram.com\/p\/DRCyQ2rDHKM\/?utm_source=ig_embed&amp;utm_campaign=loading\" data-instgrm-version=\"14\" style=\"background: #FFF; border: 0; border-radius: 3px; box-shadow: 0 0 1px 0 rgba(0,0,0,0.5),0 1px 10px 0 rgba(0,0,0,0.15); margin: 1px; max-width: 540px; min-width: 326px; padding: 0; width: calc(100% - 2px);\"><p>&#13;<br \/>\n&#13;\n<\/p><\/blockquote>\n<p>&#13;<br \/>\n&#13;<\/p>\n<p data-start=\"4120\" data-end=\"4489\">Pour prolonger la magie, d\u2019autres rendez-vous animeront la ville\u00a0: repas de No\u00ebl dans les \u00c9choppes seniors (<strong data-start=\"4230\" data-end=\"4245\">18 d\u00e9cembre<\/strong>), concerts Radio Classique \u00e0 l\u2019Auditorium (<strong data-start=\"4289\" data-end=\"4314\">18, 19 et 21 d\u00e9cembre<\/strong>), animations de quartier \u00e0 Bacalan (<strong data-start=\"4351\" data-end=\"4366\">20 d\u00e9cembre<\/strong>), Green Market aux Vivres de l\u2019Art (<strong data-start=\"4403\" data-end=\"4418\">21 d\u00e9cembre<\/strong>) et spectacle de No\u00ebl au centre d\u2019animation Argonne (<strong data-start=\"4472\" data-end=\"4487\">24 d\u00e9cembre<\/strong>).<\/p>\n<p><script async src=\"\/\/www.instagram.com\/embed.js\"><\/script><\/p>\n","protected":false},"excerpt":{"rendered":"\u00c0 travers plus d\u2019une cinquantaine d\u2019\u00e9v\u00e9nements, la Ville et ses partenaires proposent une programmation \u00e9clectique\u00a0: retour de la&hellip;\n","protected":false},"author":2,"featured_media":560719,"comment_status":"","ping_status":"","sticky":false,"template":"","format":"standard","meta":{"footnotes":""},"categories":[2817],"tags":[1111,11,1997,1777,674,1011,27,12,2219,25],"class_list":{"0":"post-560718","1":"post","2":"type-post","3":"status-publish","4":"format-standard","5":"has-post-thumbnail","7":"category-bordeaux","8":"tag-actu","9":"tag-actualites","10":"tag-bordeaux","11":"tag-eu","12":"tag-europe","13":"tag-fr","14":"tag-france","15":"tag-news","16":"tag-nouvelle-aquitaine","17":"tag-republique-francaise"},"share_on_mastodon":{"url":"https:\/\/pubeurope.com\/@fr\/115617863068618803","error":""},"_links":{"self":[{"href":"https:\/\/www.europesays.com\/fr\/wp-json\/wp\/v2\/posts\/560718","targetHints":{"allow":["GET"]}}],"collection":[{"href":"https:\/\/www.europesays.com\/fr\/wp-json\/wp\/v2\/posts"}],"about":[{"href":"https:\/\/www.europesays.com\/fr\/wp-json\/wp\/v2\/types\/post"}],"author":[{"embeddable":true,"href":"https:\/\/www.europesays.com\/fr\/wp-json\/wp\/v2\/users\/2"}],"replies":[{"embeddable":true,"href":"https:\/\/www.europesays.com\/fr\/wp-json\/wp\/v2\/comments?post=560718"}],"version-history":[{"count":0,"href":"https:\/\/www.europesays.com\/fr\/wp-json\/wp\/v2\/posts\/560718\/revisions"}],"wp:featuredmedia":[{"embeddable":true,"href":"https:\/\/www.europesays.com\/fr\/wp-json\/wp\/v2\/media\/560719"}],"wp:attachment":[{"href":"https:\/\/www.europesays.com\/fr\/wp-json\/wp\/v2\/media?parent=560718"}],"wp:term":[{"taxonomy":"category","embeddable":true,"href":"https:\/\/www.europesays.com\/fr\/wp-json\/wp\/v2\/categories?post=560718"},{"taxonomy":"post_tag","embeddable":true,"href":"https:\/\/www.europesays.com\/fr\/wp-json\/wp\/v2\/tags?post=560718"}],"curies":[{"name":"wp","href":"https:\/\/api.w.org\/{rel}","templated":true}]}}