{"id":560722,"date":"2025-11-26T20:23:12","date_gmt":"2025-11-26T20:23:12","guid":{"rendered":"https:\/\/www.europesays.com\/fr\/560722\/"},"modified":"2025-11-26T20:23:12","modified_gmt":"2025-11-26T20:23:12","slug":"le-proces-en-appel-de-laurence-arribage-souvre-a-paris-quel-impact-sur-les-municipales-de-2026-a-toulouse","status":"publish","type":"post","link":"https:\/\/www.europesays.com\/fr\/560722\/","title":{"rendered":"Le proc\u00e8s en appel de Laurence Arribag\u00e9 s&rsquo;ouvre \u00e0 Paris, quel impact sur les municipales de 2026 \u00e0 Toulouse\u00a0?"},"content":{"rendered":"<p>                    Par<br \/>\n        <strong><br \/>\n            <a href=\"https:\/\/actu.fr\/auteur\/anaelle-montagne\" title=\"Consulter tous les articles de Anaelle Montagne\" target=\"_blank\" rel=\"noopener\">Anaelle Montagne<\/a><br \/>\n                    <\/strong><\/p>\n<p>        Publi\u00e9 le<\/p>\n<p>            26 nov. 2025 \u00e0 20h06        <\/p>\n<p>Le proc\u00e8s en appel de l\u2019ancienne adjointe aux Sports du maire de Toulouse, Laurence Arribag\u00e9, s\u2019ouvre ce jeudi 27 novembre 2025 \u00e0 la Cour d\u2019appel de Paris. Une audience tr\u00e8s attendue, apr\u00e8s le fiasco de la premi\u00e8re tentative en juillet, <a href=\"https:\/\/actu.fr\/occitanie\/toulouse_31555\/audience-renvoyee-lors-du-proces-en-appel-de-laurence-arribage-c-etait-completement-surrealiste_62897340.html\" target=\"_blank\" rel=\"noopener\">qui avait fini en eau de boudin<\/a>.<\/p>\n<p class=\" wall-content\">L\u2019ex-adjointe de Jean-Luc Moudenc avait \u00e9t\u00e9 condamn\u00e9e, d\u00e9but 2024, pour avoir <strong>tent\u00e9 de discr\u00e9diter sa rivale<\/strong> Corinne Vignon (En Marche) lors de l\u2019entre-deux-tours des L\u00e9gislatives de 2017, dans la 3e circonscription de la Ville rose. Elle avait \u00e9cop\u00e9 de trois ans de prison avec sursis, 10 000 euros d\u2019amende et surtout, <a href=\"https:\/\/actu.fr\/occitanie\/toulouse_31555\/toulouse-l-ex-deputee-laurence-arribage-condamnee-a-5-ans-d-ineligibilite_60625967.html\" target=\"_blank\" rel=\"noopener\">d\u2019une peine d\u2019in\u00e9ligibilit\u00e9 de 5 ans<\/a>. Et la remise en question potentielle de cette peine pourrait avoir des cons\u00e9quences sur les <a href=\"https:\/\/actu.fr\/toulouse\/politique\/elections-municipales\" target=\"_blank\" rel=\"noopener\">\u00e9lections municipales de 2026<\/a>.\u00a0<\/p>\n<p>Manigances politiques<\/p>\n<p class=\" wall-content\">Ce qui a men\u00e9 \u00e0 ce tintouin politique ? <strong>Une sombre affaire d\u2019astrologie au black<\/strong>. Durant l\u2019entre-deux-tours de 2017, Corinne Vignon b\u00e9n\u00e9ficiait d\u2019une confortable avance de 17 points sur l\u2019adjointe aux Sports de <a href=\"https:\/\/actu.fr\/tag\/jean-luc-moudenc\" target=\"_blank\" rel=\"noopener\">Jean-Luc Moudenc<\/a>.<\/p>\n<p class=\" wall-content\">Elle aurait alors pass\u00e9 une sorte de pacte avec trois hommes. Fr\u00e9d\u00e9ric S., un ancien patron dans l\u2019immobilier, fait fuiter \u00e0 Marc M., alors num\u00e9ro 3 des Imp\u00f4ts d\u2019Occitanie, que Corinne Vignon <strong>exer\u00e7erait l\u2019astrologie au black<\/strong> \u2013 elle n\u2019aurait pas d\u00e9clar\u00e9 au fisc les revenus li\u00e9s \u00e0 cette activit\u00e9. Le haut fonctionnaire saisit alors le parquet de Toulouse, en \u00ab\u00a0instrumentalisant\u00a0\u00bb un ami magistrat, aujourd\u2019hui blanchi.\u00a0<\/p>\n<p>Fraude fiscale et travail dissimul\u00e9<\/p>\n<p class=\" wall-content\">La candidate se retrouve ainsi <strong>soup\u00e7onn\u00e9e de travail dissimul\u00e9 et de fraude fiscale<\/strong>, \u00e0 l\u2019aube du second tour des \u00e9lections l\u00e9gislatives. Une enqu\u00eate pour \u00ab\u00a0activit\u00e9 dissimul\u00e9e d\u2019astrologie\u00a0\u00bb est m\u00eame ouverte.<\/p>\n<p class=\" wall-content\">Corinne Vignon sera finalement \u00e9lue malgr\u00e9 tout, et les trois protagonistes du complot pr\u00e9sum\u00e9 finiront devant la justice. Tous ont \u00e9t\u00e9 condamn\u00e9s, le lundi 29 janvier 2024. Mais le proc\u00e8s en appel <strong>pourrait changer la donne<\/strong>.\u00a0<\/p>\n<p>Vid\u00e9os : en ce moment sur ActuRepartir pour un nouveau mandat<\/p>\n<p class=\" wall-content\">Concr\u00e8tement, si Laurence Arribag\u00e9 est finalement blanchie par la Cour d\u2019appel de Paris, <strong>sa peine d\u2019in\u00e9ligibilit\u00e9 serait annul\u00e9e<\/strong>.<\/p>\n<p>Votre r\u00e9gion, votre actu !<\/p>\n<p>Recevez chaque jour les infos qui comptent pour vous.<\/p>\n<p>\t<a href=\"https:\/\/actu.fr\/newsletter\" class=\"ac-btn ac-btn--corner ac-btn--medium ac-btn--blue800\" target=\"_blank\" rel=\"noopener\">S&rsquo;incrire<\/a><\/p>\n<p class=\" wall-content\">Alors pour elle, c\u2019est un peu le proc\u00e8s de la derni\u00e8re chance : selon le verdict, elle pourrait \u00eatre autoris\u00e9e (si les deux parties le souhaitaient) \u00e0 <strong>repartir pour un nouveau mandat avec Jean-Luc Moudenc<\/strong>, lors des \u00e9lections municipales de 2026.<\/p>\n<p>Un billet retour est possible<\/p>\n<p class=\" wall-content\">Lors du premier proc\u00e8s en appel, son avocat Me Philippe Petit, d\u00e9\u00e7u de voir l\u2019audience renvoy\u00e9e, confiait \u00e0 Actu Toulouse : \u00ab\u00a0On \u00e9tait particuli\u00e8rement impatients pour que Madame Arribag\u00e9 soit aux c\u00f4t\u00e9s de Jean-Luc Moudenc pour les \u00e9lections. Et l\u2019in\u00e9ligibilit\u00e9 devient probl\u00e9matique\u2026 Si c\u2019est trop tard, il n\u2019y aura pas de billet retour.\u00a0\u00bb<\/p>\n<p class=\" wall-content\">Finalement, le retour de l\u2019ex-adjointe <strong>n\u2019est pas de l\u2019ordre de l\u2019impossible<\/strong> : la date limite pour d\u00e9poser une liste de candidats pour le premier tour des Municipales est fix\u00e9e au 26 f\u00e9vrier 2026.\u00a0<\/p>\n<p class=\" wall-content\">Laurence Arribag\u00e9 sera-t-elle finalement \u00e9ligible ? La r\u00e9ponse devrait tomber ce vendredi 28 novembre.\u00a0<\/p>\n<p class=\" wall-content\">Personnalisez votre actualit\u00e9 en ajoutant vos villes et m\u00e9dias en favori avec <a href=\"https:\/\/moncompte.actu.fr\" title=\"D\u00e9couvez Mon Actu\" rel=\"nofollow noopener\" data-trk=\"{&quot;cta&quot;:{&quot;action&quot;:&quot;https:\\\/\\\/moncompte.actu.fr&quot;,&quot;category&quot;:&quot;mon compte&quot;,&quot;from&quot;:&quot;article footer&quot;,&quot;name&quot;:&quot;Mon actu&quot;,&quot;type&quot;:&quot;cta&quot;}}\" target=\"_blank\">Mon Actu<\/a>.<\/p>\n","protected":false},"excerpt":{"rendered":"Par Anaelle Montagne Publi\u00e9 le 26 nov. 2025 \u00e0 20h06 Le proc\u00e8s en appel de l\u2019ancienne adjointe aux&hellip;\n","protected":false},"author":2,"featured_media":560723,"comment_status":"","ping_status":"","sticky":false,"template":"","format":"standard","meta":{"footnotes":""},"categories":[2816],"tags":[1111,11,1777,674,1011,27,2857,53349,3434,12,2680,316,25,2312],"class_list":{"0":"post-560722","1":"post","2":"type-post","3":"status-publish","4":"format-standard","5":"has-post-thumbnail","7":"category-toulouse","8":"tag-actu","9":"tag-actualites","10":"tag-eu","11":"tag-europe","12":"tag-fr","13":"tag-france","14":"tag-jean-luc-moudenc","15":"tag-laurence-arribage","16":"tag-municipales-2026","17":"tag-news","18":"tag-occitanie","19":"tag-politique","20":"tag-republique-francaise","21":"tag-toulouse"},"share_on_mastodon":{"url":"https:\/\/pubeurope.com\/@fr\/115617870918422765","error":""},"_links":{"self":[{"href":"https:\/\/www.europesays.com\/fr\/wp-json\/wp\/v2\/posts\/560722","targetHints":{"allow":["GET"]}}],"collection":[{"href":"https:\/\/www.europesays.com\/fr\/wp-json\/wp\/v2\/posts"}],"about":[{"href":"https:\/\/www.europesays.com\/fr\/wp-json\/wp\/v2\/types\/post"}],"author":[{"embeddable":true,"href":"https:\/\/www.europesays.com\/fr\/wp-json\/wp\/v2\/users\/2"}],"replies":[{"embeddable":true,"href":"https:\/\/www.europesays.com\/fr\/wp-json\/wp\/v2\/comments?post=560722"}],"version-history":[{"count":0,"href":"https:\/\/www.europesays.com\/fr\/wp-json\/wp\/v2\/posts\/560722\/revisions"}],"wp:featuredmedia":[{"embeddable":true,"href":"https:\/\/www.europesays.com\/fr\/wp-json\/wp\/v2\/media\/560723"}],"wp:attachment":[{"href":"https:\/\/www.europesays.com\/fr\/wp-json\/wp\/v2\/media?parent=560722"}],"wp:term":[{"taxonomy":"category","embeddable":true,"href":"https:\/\/www.europesays.com\/fr\/wp-json\/wp\/v2\/categories?post=560722"},{"taxonomy":"post_tag","embeddable":true,"href":"https:\/\/www.europesays.com\/fr\/wp-json\/wp\/v2\/tags?post=560722"}],"curies":[{"name":"wp","href":"https:\/\/api.w.org\/{rel}","templated":true}]}}