{"id":560726,"date":"2025-11-26T20:25:14","date_gmt":"2025-11-26T20:25:14","guid":{"rendered":"https:\/\/www.europesays.com\/fr\/560726\/"},"modified":"2025-11-26T20:25:14","modified_gmt":"2025-11-26T20:25:14","slug":"fetes-de-noel-a-lille-en-musique-du-05-au-27-decembre-2025","status":"publish","type":"post","link":"https:\/\/www.europesays.com\/fr\/560726\/","title":{"rendered":"F\u00eates de No\u00ebl \u00e0 Lille en musique du 05 au 27 d\u00e9cembre 2025"},"content":{"rendered":"<p style=\"text-align: justify;\">La <strong>Ville de Lille<\/strong> vous propose <strong>une programmation musicale haute en couleurs<\/strong> pour les <strong>F\u00eates de Fin d\u2019Ann\u00e9e 2025 :<\/strong> des <strong>concerts<\/strong> et <strong>spectacles.<\/strong><\/p>\n<p style=\"text-align: justify;\">Au programme<br \/><strong>Dj Set \u2013 Tao Dame + Ma$$iko \u2013 Vendredi 05 d\u00e9cembre 2025 \u00e0 19h <br \/><\/strong>En partenariat avec La Cohue et Rutabagarre, L\u2019A\u00e9ronef et le tiers-lieu Volume Ouvert s\u2019associent pour proposer un before \u00e9lectro au c\u0153ur de Fives, o\u00f9 s\u2019entrem\u00ealeront DJ set, ateliers ouverts et performances artistiques.<strong><br \/><strong><b><img loading=\"lazy\" decoding=\"async\" class=\"size-full wp-image-45 tie-appear\" src=\"https:\/\/www.europesays.com\/fr\/wp-content\/uploads\/2025\/11\/1764188713_23_arrow.png\" alt=\"\" width=\"9\" height=\"9\"\/><\/b> Volume Ouvert \u2013 9, rue de Pologne<\/strong><br \/><strong><strong><b><img loading=\"lazy\" decoding=\"async\" class=\"size-full wp-image-45 tie-appear\" src=\"https:\/\/www.europesays.com\/fr\/wp-content\/uploads\/2025\/11\/1764188713_23_arrow.png\" alt=\"\" width=\"9\" height=\"9\"\/><\/b><\/strong> Gratuit<\/strong><\/strong><\/p>\n<p style=\"text-align: justify;\"><strong>Weihnarcht, un No\u00ebl allemand avec l\u2019ensemble vocal H\u00e9miolia, accompagn\u00e9 par l\u2019Organiste Denis Comtet. \u2013 Samedi 06 d\u00e9cembre 2025 \u00e0 18h20\u00a0<br \/><\/strong>Venez d\u00e9couvrir la musique sacr\u00e9e germanique avec des \u0153uvres connues du Kantor de Leipzig, ainsi que de ses pr\u00e9curseurs, comme Hassler, Scheidt ou Praetorius.<strong><br \/><strong><b><img loading=\"lazy\" decoding=\"async\" class=\"size-full wp-image-45 tie-appear\" src=\"https:\/\/www.europesays.com\/fr\/wp-content\/uploads\/2025\/11\/1764188713_23_arrow.png\" alt=\"\" width=\"9\" height=\"9\"\/><\/b> Cath\u00e9drale Notre-Dame-de-la-Treille \u2013 Place Gilleson<\/strong><br \/><strong><strong><b><img loading=\"lazy\" decoding=\"async\" class=\"size-full wp-image-45 tie-appear\" src=\"https:\/\/www.europesays.com\/fr\/wp-content\/uploads\/2025\/11\/1764188713_23_arrow.png\" alt=\"\" width=\"9\" height=\"9\"\/><\/b><\/strong><\/strong><strong> Gratuit<\/strong><\/strong><\/p>\n<p style=\"text-align: justify;\"><strong>Contes de givre et de vent avec les Choeurs Azimuts \u2013 Dimanche 07 d\u00e9cembre 2025 \u00e0 16h<\/strong> <br \/>Partez pour un voyage envoutant au c\u0153ur de la tradition finlandaise. Chants a cappella et contes vous feront d\u00e9couvrir la grande \u00e9pop\u00e9e populaire du Kalevala, entre naissance du monde et aventure h\u00e9ro\u00efques.<br \/><strong><b><img loading=\"lazy\" decoding=\"async\" class=\"size-full wp-image-45 tie-appear\" src=\"https:\/\/www.europesays.com\/fr\/wp-content\/uploads\/2025\/11\/1764188713_23_arrow.png\" alt=\"\" width=\"9\" height=\"9\"\/><\/b> \u00c9glise Notre-Dame-de-Fives \u2013 Place du Prieur\u00e9\u00a0<\/strong><br \/><strong><strong><b><img loading=\"lazy\" decoding=\"async\" class=\"size-full wp-image-45 tie-appear\" src=\"https:\/\/www.europesays.com\/fr\/wp-content\/uploads\/2025\/11\/1764188713_23_arrow.png\" alt=\"\" width=\"9\" height=\"9\"\/><\/b> <\/strong>Gratuit<\/strong><\/p>\n<p style=\"text-align: justify;\"><strong>Mini-bal avec le Tire-Laine \u2013 Mercredi 10 d\u00e9cembre 2025 \u00e0 20h<\/strong>\u00a0<br \/>Le Mini-BAL vous plonge au c\u0153ur des villages d\u2019Europe et du Monde entier. Nathalie Renard &amp; ses musiciens vous guident de mani\u00e8re simple et ludique sur les pas du halay kurde, les rythmes de la bourr\u00e9e, de la chacarera, de la scottish, de la polka, de la biguine\u2026<br \/><strong><b><img loading=\"lazy\" decoding=\"async\" class=\"size-full wp-image-45 tie-appear\" src=\"https:\/\/www.europesays.com\/fr\/wp-content\/uploads\/2025\/11\/1764188713_23_arrow.png\" alt=\"\" width=\"9\" height=\"9\"\/><\/b> Maison Folie Moulins \u2013 47, rue d\u2019Arras<br \/><b><img loading=\"lazy\" decoding=\"async\" class=\"size-full wp-image-45 tie-appear\" src=\"https:\/\/www.europesays.com\/fr\/wp-content\/uploads\/2025\/11\/1764188713_23_arrow.png\" alt=\"\" width=\"9\" height=\"9\"\/><\/b> Gratuit<\/strong><\/p>\n<p style=\"text-align: justify;\"><strong>Grand Format : Abendmusik avec l\u2019association Un Autre Souffle \u2013 Samedi 13 d\u00e9cembre 2025 \u00e0 20h<\/strong><br \/>Venez d\u00e9couvrir les cantates de Sch\u00fctz, J-Ch.Bach, J-M. Bach et B\u00f6hm, pour solistes, ch\u0153ur et orchestre dans l\u2019acoustique exceptionnelle du temple de Lille. Un voyage musical dans les plus belles pages de musique des 17\u00e8me et 18\u00e8me si\u00e8cles.<br \/><strong><b><img loading=\"lazy\" decoding=\"async\" class=\"size-full wp-image-45 tie-appear\" src=\"https:\/\/www.europesays.com\/fr\/wp-content\/uploads\/2025\/11\/1764188713_23_arrow.png\" alt=\"\" width=\"9\" height=\"9\"\/><\/b> Temple Protestant \u2013 place du Temple<br \/><b><img loading=\"lazy\" decoding=\"async\" class=\"size-full wp-image-45 tie-appear\" src=\"https:\/\/www.europesays.com\/fr\/wp-content\/uploads\/2025\/11\/1764188713_23_arrow.png\" alt=\"\" width=\"9\" height=\"9\"\/><\/b> Tout public<br \/><b><img loading=\"lazy\" decoding=\"async\" class=\"size-full wp-image-45 tie-appear\" src=\"https:\/\/www.europesays.com\/fr\/wp-content\/uploads\/2025\/11\/1764188713_23_arrow.png\" alt=\"\" width=\"9\" height=\"9\"\/><\/b> Dur\u00e9e : 1h30<br \/><b><img loading=\"lazy\" decoding=\"async\" class=\"size-full wp-image-45 tie-appear\" src=\"https:\/\/www.europesays.com\/fr\/wp-content\/uploads\/2025\/11\/1764188713_23_arrow.png\" alt=\"\" width=\"9\" height=\"9\"\/><\/b> R\u00e9servation &gt;&gt;&gt; <\/strong><a href=\"https:\/\/billetterie.lille.fr\/\/event\/noel25\/3674\" target=\"_blank\" rel=\"noopener\">cliquez ici !!!<\/a><\/p>\n<p style=\"text-align: justify;\"><strong>Maurice Durufl\u00e9 \u00e0 l\u2019orgue avec le Choeur Universitaire de Lille et Matthieu Magnuszewski \u2013 Samedi 13\u00a0 d\u00e9cembre 2025 \u00e0 18h30<br \/><\/strong>Venez (re)d\u00e9couvrir ce compositeur embl\u00e9matique du XIX\u00e8me si\u00e8cle autour de l\u2019int\u00e9grale de son \u0153uvre \u00e0 l\u2019orgue (Scherzo, Pr\u00e9lude, adagio et choral vari\u00e9 sur le Veni Creator, Suite et Pr\u00e9lude et fugues sur le nom d\u2019Alain) ainsi que les quatre motets et le Notre-P\u00e8re pour voix mixtes.<strong><br \/><strong><b><img loading=\"lazy\" decoding=\"async\" class=\"size-full wp-image-45 tie-appear\" src=\"https:\/\/www.europesays.com\/fr\/wp-content\/uploads\/2025\/11\/1764188713_23_arrow.png\" alt=\"\" width=\"9\" height=\"9\"\/><\/b> Cath\u00e9drale Notre-Dame-de-la-Treille \u2013 Place Gilleson<br \/><b><img loading=\"lazy\" decoding=\"async\" class=\"size-full wp-image-45 tie-appear\" src=\"https:\/\/www.europesays.com\/fr\/wp-content\/uploads\/2025\/11\/1764188713_23_arrow.png\" alt=\"\" width=\"9\" height=\"9\"\/><\/b> Gratuit<\/strong><\/strong><\/p>\n<p style=\"text-align: justify;\"><strong>Concert d\u2019orgue et voix \u2013 Samedi 20 d\u00e9cembre 2025 \u00e0 18h30<\/strong><br \/>Avec Ghislain Leroy, organiste titulaire des grands orgues de la Cath\u00e9drale. Un merveilleux duo pour une soir\u00e9e consacr\u00e9e \u00e0 l\u2019orgue et la voix !<br \/><strong><b><img loading=\"lazy\" decoding=\"async\" class=\"size-full wp-image-45 tie-appear\" src=\"https:\/\/www.europesays.com\/fr\/wp-content\/uploads\/2025\/11\/1764188713_23_arrow.png\" alt=\"\" width=\"9\" height=\"9\"\/><\/b> Cath\u00e9drale Notre-Dame-de-la-Treille \u2013 place Gilleson<br \/><b><img loading=\"lazy\" decoding=\"async\" class=\"size-full wp-image-45 tie-appear\" src=\"https:\/\/www.europesays.com\/fr\/wp-content\/uploads\/2025\/11\/1764188713_23_arrow.png\" alt=\"\" width=\"9\" height=\"9\"\/><\/b> Gratuit<\/strong><\/p>\n<p style=\"text-align: justify;\"><strong>Unlimited sax \u2013 Samedi 20 d\u00e9cembre 2025 \u00e0 20h<\/strong><br \/>Avec l\u2019Acad\u00e9mie des Hauts-de-France et Neurodev. 200 saxophonistes pour un concert caritatif en deux actes : \u00e9l\u00e9gance classique et frissons \u00e9lectroniques.<br \/><strong><b><img loading=\"lazy\" decoding=\"async\" class=\"size-full wp-image-45 tie-appear\" src=\"https:\/\/www.europesays.com\/fr\/wp-content\/uploads\/2025\/11\/1764188713_23_arrow.png\" alt=\"\" width=\"9\" height=\"9\"\/><\/b> Th\u00e9\u00e2tre S\u00e9bastopol \u2013 Place S\u00e9bastopol<br \/><b><img loading=\"lazy\" decoding=\"async\" class=\"size-full wp-image-45 tie-appear\" src=\"https:\/\/www.europesays.com\/fr\/wp-content\/uploads\/2025\/11\/1764188713_23_arrow.png\" alt=\"\" width=\"9\" height=\"9\"\/><\/b> Tarif : 10\u20ac <\/strong>(au profit de Neurodev)<strong><br \/><b><img loading=\"lazy\" decoding=\"async\" class=\"size-full wp-image-45 tie-appear\" src=\"https:\/\/www.europesays.com\/fr\/wp-content\/uploads\/2025\/11\/1764188713_23_arrow.png\" alt=\"\" width=\"9\" height=\"9\"\/><\/b> R\u00e9servation &gt;&gt;&gt; <\/strong><a href=\"https:\/\/theatre-sebastopol.fr\/spectacle\/unlimited-sax\/\" target=\"_blank\" rel=\"noopener\">cliquez-ici !!!<\/a><\/p>\n<p style=\"text-align: justify;\"><strong>Brass Band et orgue avec les Hauts-de-France Brass Band \u2013 Samedi 27 d\u00e9cembre 2025 \u00e0 18h30<\/strong><br \/>\u00c0 travers les sonorit\u00e9s puissantes et \u00e9clatantes des cuivres, venez d\u00e9couvrir un programme qui m\u00eale tradition et c\u00e9l\u00e9bration.<br \/><strong><b><img loading=\"lazy\" decoding=\"async\" class=\"size-full wp-image-45 tie-appear\" src=\"https:\/\/www.europesays.com\/fr\/wp-content\/uploads\/2025\/11\/1764188713_23_arrow.png\" alt=\"\" width=\"9\" height=\"9\"\/><\/b> Cath\u00e9drale Notre-Dame-de-la-Treille \u2013 place Gilleson<br \/><b><img loading=\"lazy\" decoding=\"async\" class=\"size-full wp-image-45 tie-appear\" src=\"https:\/\/www.europesays.com\/fr\/wp-content\/uploads\/2025\/11\/1764188713_23_arrow.png\" alt=\"\" width=\"9\" height=\"9\"\/><\/b> Tarif : 10\u20ac <\/strong>(au profit de Neurodev)<strong><br \/><b><img loading=\"lazy\" decoding=\"async\" class=\"size-full wp-image-45 tie-appear\" src=\"https:\/\/www.europesays.com\/fr\/wp-content\/uploads\/2025\/11\/1764188713_23_arrow.png\" alt=\"\" width=\"9\" height=\"9\"\/><\/b> Sans r\u00e9servation<\/strong><\/p>\n<p><strong><img loading=\"lazy\" decoding=\"async\" class=\"tie-appear\" src=\"https:\/\/www.europesays.com\/fr\/wp-content\/uploads\/2025\/04\/arrow.png\" alt=\"\" width=\"9\" height=\"9\"\/> <\/strong><a href=\"https:\/\/www.zoomsurlille.fr\/tag\/noel-2025\" target=\"_blank\" rel=\"noopener\">D\u00e9couvrez nos articles No\u00ebl 2025<\/a><\/p>\n<p class=\"has-text-align-right\">Source &amp; image : DR \u2013 \u00a9 Ville de Lille<\/p>\n","protected":false},"excerpt":{"rendered":"La Ville de Lille vous propose une programmation musicale haute en couleurs pour les F\u00eates de Fin d\u2019Ann\u00e9e&hellip;\n","protected":false},"author":2,"featured_media":547583,"comment_status":"","ping_status":"","sticky":false,"template":"","format":"standard","meta":{"footnotes":""},"categories":[2815],"tags":[1111,11,1777,674,1011,27,811,1307,873,12,65896,25],"class_list":{"0":"post-560726","1":"post","2":"type-post","3":"status-publish","4":"format-standard","5":"has-post-thumbnail","7":"category-lille","8":"tag-actu","9":"tag-actualites","10":"tag-eu","11":"tag-europe","12":"tag-fr","13":"tag-france","14":"tag-hauts-de-france","15":"tag-lille","16":"tag-musique","17":"tag-news","18":"tag-noel-2025","19":"tag-republique-francaise"},"share_on_mastodon":{"url":"https:\/\/pubeurope.com\/@fr\/115617880621501599","error":""},"_links":{"self":[{"href":"https:\/\/www.europesays.com\/fr\/wp-json\/wp\/v2\/posts\/560726","targetHints":{"allow":["GET"]}}],"collection":[{"href":"https:\/\/www.europesays.com\/fr\/wp-json\/wp\/v2\/posts"}],"about":[{"href":"https:\/\/www.europesays.com\/fr\/wp-json\/wp\/v2\/types\/post"}],"author":[{"embeddable":true,"href":"https:\/\/www.europesays.com\/fr\/wp-json\/wp\/v2\/users\/2"}],"replies":[{"embeddable":true,"href":"https:\/\/www.europesays.com\/fr\/wp-json\/wp\/v2\/comments?post=560726"}],"version-history":[{"count":0,"href":"https:\/\/www.europesays.com\/fr\/wp-json\/wp\/v2\/posts\/560726\/revisions"}],"wp:featuredmedia":[{"embeddable":true,"href":"https:\/\/www.europesays.com\/fr\/wp-json\/wp\/v2\/media\/547583"}],"wp:attachment":[{"href":"https:\/\/www.europesays.com\/fr\/wp-json\/wp\/v2\/media?parent=560726"}],"wp:term":[{"taxonomy":"category","embeddable":true,"href":"https:\/\/www.europesays.com\/fr\/wp-json\/wp\/v2\/categories?post=560726"},{"taxonomy":"post_tag","embeddable":true,"href":"https:\/\/www.europesays.com\/fr\/wp-json\/wp\/v2\/tags?post=560726"}],"curies":[{"name":"wp","href":"https:\/\/api.w.org\/{rel}","templated":true}]}}