{"id":560729,"date":"2025-11-26T20:27:11","date_gmt":"2025-11-26T20:27:11","guid":{"rendered":"https:\/\/www.europesays.com\/fr\/560729\/"},"modified":"2025-11-26T20:27:11","modified_gmt":"2025-11-26T20:27:11","slug":"loperation-de-la-discorde-a-marseille","status":"publish","type":"post","link":"https:\/\/www.europesays.com\/fr\/560729\/","title":{"rendered":"l&rsquo;op\u00e9ration de la discorde \u00e0 Marseille"},"content":{"rendered":"<p>Une op\u00e9ration tr\u00e8s confidentielle, mais qui a fini par faire grand bruit. Depuis un mois, une op\u00e9ration baptis\u00e9e \u00ab\u00a0Sant\u00e9 justice\u00a0\u00bb, pilot\u00e9e par l\u2019Agence r\u00e9gionale de sant\u00e9 (ARS), le parquet et la pr\u00e9fecture de police vise \u00e0 regrouper, r\u00e9pertorier <a href=\"https:\/\/www.laprovence.com\/article\/societe\/1039925514930714\/drogues-et-alcool-au-travail-la-consommation-a-augmente-de-107-en-8-ans\" target=\"_blank\" rel=\"noopener\">et r\u00e9orienter les consommateurs de drogues<\/a> qui vivent dehors vers des structures de soins. Pour ce dispositif cens\u00e9 se pr\u00e9parer et se d\u00e9rouler dans la plus grande discr\u00e9tion, les associations engag\u00e9es <a href=\"https:\/\/www.laprovence.com\/article\/region\/30072261364695\/marseille-a-belsunce-un-ete-sous-la-coupe-des-dealers-de-crack\" target=\"_blank\" rel=\"noopener\">pour la pr\u00e9vention li\u00e9e aux usages de drogues<\/a> sont mont\u00e9es au cr\u00e9neau pour d\u00e9noncer un \u00ab\u00a0ratissage du centre-ville\u00a0\u00bb.<\/p>\n<p>Selon les collectifs marseillais, l\u2019op\u00e9ration qui aurait d\u00fb se tenir ce mercredi n\u2019aura jamais lieu. Cette suspension, au moins temporaire, satisfait autant qu\u2019inqui\u00e8te les militants associatifs\u00a0: \u00ab\u00a0Un nouveau palier dans la r\u00e9pression et la brutalisation des usagers de drogues a bien failli \u00eatre franchi\u00a0\u00bb, \u00e9crivent-ils dans un communiqu\u00e9 commun. Aides, le Bus 31-32, le collectif Belsunce ou encore Asud d\u00e9noncent une approche bas\u00e9e sur \u00ab\u00a0la coercition\u00a0\u00bb, incompatible avec un processus \u00ab\u00a0d\u2019acceptation des soins\u00a0\u00bb. L\u2019ARS et le parquet n\u2019ont pas pu \u00eatre joints.<\/p>\n","protected":false},"excerpt":{"rendered":"Une op\u00e9ration tr\u00e8s confidentielle, mais qui a fini par faire grand bruit. Depuis un mois, une op\u00e9ration baptis\u00e9e&hellip;\n","protected":false},"author":2,"featured_media":560730,"comment_status":"","ping_status":"","sticky":false,"template":"","format":"standard","meta":{"footnotes":""},"categories":[2814],"tags":[17,1111,11,6409,31058,3992,1777,674,1011,27,12827,884,12,882,25,104],"class_list":{"0":"post-560729","1":"post","2":"type-post","3":"status-publish","4":"format-standard","5":"has-post-thumbnail","7":"category-marseille","8":"tag-17","9":"tag-actu","10":"tag-actualites","11":"tag-consommateurs","12":"tag-discorde","13":"tag-drogues","14":"tag-eu","15":"tag-europe","16":"tag-fr","17":"tag-france","18":"tag-loperation","19":"tag-marseille","20":"tag-news","21":"tag-provence-alpes-cote-dazur","22":"tag-republique-francaise","23":"tag-societe"},"share_on_mastodon":{"url":"https:\/\/pubeurope.com\/@fr\/115617886645385167","error":""},"_links":{"self":[{"href":"https:\/\/www.europesays.com\/fr\/wp-json\/wp\/v2\/posts\/560729","targetHints":{"allow":["GET"]}}],"collection":[{"href":"https:\/\/www.europesays.com\/fr\/wp-json\/wp\/v2\/posts"}],"about":[{"href":"https:\/\/www.europesays.com\/fr\/wp-json\/wp\/v2\/types\/post"}],"author":[{"embeddable":true,"href":"https:\/\/www.europesays.com\/fr\/wp-json\/wp\/v2\/users\/2"}],"replies":[{"embeddable":true,"href":"https:\/\/www.europesays.com\/fr\/wp-json\/wp\/v2\/comments?post=560729"}],"version-history":[{"count":0,"href":"https:\/\/www.europesays.com\/fr\/wp-json\/wp\/v2\/posts\/560729\/revisions"}],"wp:featuredmedia":[{"embeddable":true,"href":"https:\/\/www.europesays.com\/fr\/wp-json\/wp\/v2\/media\/560730"}],"wp:attachment":[{"href":"https:\/\/www.europesays.com\/fr\/wp-json\/wp\/v2\/media?parent=560729"}],"wp:term":[{"taxonomy":"category","embeddable":true,"href":"https:\/\/www.europesays.com\/fr\/wp-json\/wp\/v2\/categories?post=560729"},{"taxonomy":"post_tag","embeddable":true,"href":"https:\/\/www.europesays.com\/fr\/wp-json\/wp\/v2\/tags?post=560729"}],"curies":[{"name":"wp","href":"https:\/\/api.w.org\/{rel}","templated":true}]}}