{"id":560735,"date":"2025-11-26T20:30:14","date_gmt":"2025-11-26T20:30:14","guid":{"rendered":"https:\/\/www.europesays.com\/fr\/560735\/"},"modified":"2025-11-26T20:30:14","modified_gmt":"2025-11-26T20:30:14","slug":"la-justice-saisie-le-ministre-de-leducation-nationale-denonce-des-propos-profondement-scandaleux-liberation","status":"publish","type":"post","link":"https:\/\/www.europesays.com\/fr\/560735\/","title":{"rendered":"la justice saisie, le ministre de l\u2019Education nationale d\u00e9nonce des propos \u00abprofond\u00e9ment scandaleux\u00bb \u2013 Lib\u00e9ration"},"content":{"rendered":"<p class=\"sc-cPiKLX AiZTS text-element\"><a href=\"https:\/\/www.liberation.fr\/societe\/education\/gouvernement-lecornu-ii-a-leducation-nationale-edouard-geffray-va-faire-ses-classes-20251012_JHPT3BGU3RBYZB2LUI3FALCXAI\/\" target=\"_blank\" rel=\"noopener\" title=\"https:\/\/www.liberation.fr\/societe\/education\/gouvernement-lecornu-ii-a-leducation-nationale-edouard-geffray-va-faire-ses-classes-20251012_JHPT3BGU3RBYZB2LUI3FALCXAI\/\">Le ministre de l\u2019Education nationale, Edouard Geffray,<\/a> a qualifi\u00e9 ce mercredi 26 novembre de \u00abprofond\u00e9ment scandaleux\u00bb le message publi\u00e9 le 20 septembre sur Facebook par un enseignant-chercheur de l\u2019universit\u00e9 Lyon-II qui qualifiait de \u00abg\u00e9nocidaires \u00e0 boycotter\u00bb vingt personnalit\u00e9s, dont une majorit\u00e9 de confession juive.<\/p>\n<p class=\"sc-cPiKLX AiZTS text-element\">\u00abC\u2019est une honte, ce qui s\u2019est pass\u00e9\u00bb et \u00abc\u2019est profond\u00e9ment scandaleux\u00bb, a affirm\u00e9 le ministre devant les s\u00e9nateurs, lors d\u2019une s\u00e9ance de questions au gouvernement. \u00abJe condamne\u00bb et \u00abj\u2019apporte mon soutien aux personnes qui ont \u00e9t\u00e9 vis\u00e9es\u00bb, a-t-il ajout\u00e9.<\/p>\n<p class=\"sc-cPiKLX AiZTS text-element\">Estimant qu\u2019\u00abil faut qu\u2019il y ait une r\u00e9ponse qui est de l\u2019ordre judiciaire\u00bb, Edouard Geffray s\u2019est \u00e9galement f\u00e9licit\u00e9 que la pr\u00e9sidente de l\u2019universit\u00e9 de Lyon ait \u00abaussit\u00f4t fait un signalement sur le fondement de l\u2019article 40 au procureur de la R\u00e9publique\u00bb. Le procureur de Lyon a de son c\u00f4t\u00e9 confirm\u00e9 avoir \u00e9t\u00e9 saisi de ce dossier et l\u2019examiner.<\/p>\n<p class=\"sc-cPiKLX AiZTS text-element\">\u00abEn R\u00e9publique, on ne fait pas des listes de gens qu\u2019on voue aux g\u00e9monies, [\u2026] qu\u2019on livre \u00e0 la vindicte\u00bb, a ajout\u00e9 le ministre de l\u2019Education nationale, qui s\u2019exprimait devant la Chambre haute en l\u2019absence du ministre de l\u2019Enseignement sup\u00e9rieur, <a href=\"https:\/\/www.liberation.fr\/societe\/education\/un-ministre-de-lenseignement-superieur-passe-par-totalenergies-preuve-de-son-influence-dans-tous-les-champs-de-la-societe-20241225_E7XM6OVVCFFSVGNLJUXV5DSJN4\/\" target=\"_blank\" rel=\"noreferrer noopener\" title=\"https:\/\/www.liberation.fr\/societe\/education\/un-ministre-de-lenseignement-superieur-passe-par-totalenergies-preuve-de-son-influence-dans-tous-les-champs-de-la-societe-20241225_E7XM6OVVCFFSVGNLJUXV5DSJN4\/\">Philippe Baptiste<\/a>. Dans un message sur X, ce dernier avait pr\u00e9c\u00e9demment apport\u00e9 tout son \u00absoutien aux personnes cit\u00e9es et \u00e0 tous ceux que cette liste a choqu\u00e9s\u00bb. Concernant la loi de lutte contre l\u2019antis\u00e9mitisme \u00e0 l\u2019universit\u00e9 adopt\u00e9e en juillet, il a assur\u00e9 que les d\u00e9crets d\u2019application seraient pris \u00abdans les prochaines semaines\u00bb.<\/p>\n<p class=\"sc-cPiKLX AiZTS text-element\">La Ligue contre le racisme et l\u2019antis\u00e9mitisme (Licra) avait mis au jour vendredi un message d\u2019un professeur d\u2019histoire m\u00e9di\u00e9vale de Lyon-II post\u00e9 sur Facebook. Sous la mention \u00ab20 g\u00e9nocidaires \u00e0 boycotter en toutes circonstances\u00bb, figuraient les noms de plusieurs personnalit\u00e9s, dont ceux du pr\u00e9sentateur Arthur ou des acteurs Charlotte Gainsbourg et Philippe Torreton, assortis de leurs photos.<\/p>\n<p class=\"sc-cPiKLX AiZTS text-element\">L\u2019enseignant, vivement critiqu\u00e9 apr\u00e8s la r\u00e9v\u00e9lation de ce message, a affirm\u00e9 lundi n\u2019avoir \u00ab\u00e9videmment jamais \u201cdress\u00e9 de liste de juifs\u201d\u00bb et assur\u00e9 que sa publication \u00abcommentait\u00bb <a href=\"https:\/\/www.liberation.fr\/international\/moyen-orient\/une-victoire-symbolique-pour-le-hamas-des-personnalites-et-des-instances-juives-alertent-macron-sur-la-reconnaissance-dun-etat-palestinien-20250919_KNCF2VIVDZCU5G5NNRGZLMGIIY\/\" target=\"_blank\" rel=\"noopener\" title=\"https:\/\/www.liberation.fr\/international\/moyen-orient\/une-victoire-symbolique-pour-le-hamas-des-personnalites-et-des-instances-juives-alertent-macron-sur-la-reconnaissance-dun-etat-palestinien-20250919_KNCF2VIVDZCU5G5NNRGZLMGIIY\/\">une tribune du Figaro,<\/a> o\u00f9 20 personnalit\u00e9s interpellaient <a href=\"https:\/\/www.liberation.fr\/international\/moyen-orient\/emmanuel-macron-je-declare-que-la-france-reconnait-aujourdhui-letat-de-palestine-20250922_YSYBCAQIXVFUDFLWKQIVFVLZ3Y\/\" target=\"_blank\" rel=\"noopener\" title=\"https:\/\/www.liberation.fr\/international\/moyen-orient\/emmanuel-macron-je-declare-que-la-france-reconnait-aujourdhui-letat-de-palestine-20250922_YSYBCAQIXVFUDFLWKQIVFVLZ3Y\/\">Emmanuel Macron<\/a> qui s\u2019appr\u00eatait alors \u00e0 reconna\u00eetre au nom de la France l\u2019Etat palestinien.<\/p>\n<p class=\"sc-cPiKLX AiZTS text-element\">L\u2019enseignant a accus\u00e9 la Licra d\u2019avoir repris \u00abune petite partie\u00bb de son texte pour lancer \u00abune campagne de harc\u00e8lement\u00bb en repr\u00e9sailles \u00e0 un article qu\u2019il a r\u00e9cemment publi\u00e9. Mardi, Jean-Luc M\u00e9lenchon a exprim\u00e9 sur X <a href=\"https:\/\/www.liberation.fr\/societe\/un-enseignant-de-lyon-ii-vilipende-pour-avoir-publie-une-liste-de-genocidaires-20251124_7EHPGFPNERAJBN27G4KBJGPOAY\/\" target=\"_blank\" rel=\"noreferrer noopener\" title=\"https:\/\/www.liberation.fr\/societe\/un-enseignant-de-lyon-ii-vilipende-pour-avoir-publie-une-liste-de-genocidaires-20251124_7EHPGFPNERAJBN27G4KBJGPOAY\/\">sa \u00absolidarit\u00e9\u00bb avec l\u2019enseignant<\/a>, affirmant qu\u2019il \u00absubit un ciblage de la Licra sous des pr\u00e9textes fallacieux destin\u00e9s \u00e0 montrer la toute-puissance des accusateurs\u00bb. \u00abHonte aux nouveaux censeurs \u00e0 l\u2019universit\u00e9. Solidarit\u00e9 avec cet enseignant \u00e9clairant\u00bb, a \u00e9crit le leader LFI, qui assure que la pol\u00e9mique a pour but de \u00abfaire taire\u00bb l\u2019universitaire.<\/p>\n","protected":false},"excerpt":{"rendered":"Le ministre de l\u2019Education nationale, Edouard Geffray, a qualifi\u00e9 ce mercredi 26 novembre de \u00abprofond\u00e9ment scandaleux\u00bb le message&hellip;\n","protected":false},"author":2,"featured_media":560736,"comment_status":"","ping_status":"","sticky":false,"template":"","format":"standard","meta":{"footnotes":""},"categories":[1889],"tags":[1111,11,6155,2430,1777,674,1011,27,3517,3523,2428,28275,12,25],"class_list":{"0":"post-560735","1":"post","2":"type-post","3":"status-publish","4":"format-standard","5":"has-post-thumbnail","7":"category-lyon","8":"tag-actu","9":"tag-actualites","10":"tag-antisemitisme","11":"tag-auvergne-rhone-alpes","12":"tag-eu","13":"tag-europe","14":"tag-fr","15":"tag-france","16":"tag-gaza-l-escalade","17":"tag-israel-palestine-conflit","18":"tag-lyon","19":"tag-ministere-de-l-education-nationale","20":"tag-news","21":"tag-republique-francaise"},"share_on_mastodon":{"url":"https:\/\/pubeurope.com\/@fr\/115617898386420477","error":""},"_links":{"self":[{"href":"https:\/\/www.europesays.com\/fr\/wp-json\/wp\/v2\/posts\/560735","targetHints":{"allow":["GET"]}}],"collection":[{"href":"https:\/\/www.europesays.com\/fr\/wp-json\/wp\/v2\/posts"}],"about":[{"href":"https:\/\/www.europesays.com\/fr\/wp-json\/wp\/v2\/types\/post"}],"author":[{"embeddable":true,"href":"https:\/\/www.europesays.com\/fr\/wp-json\/wp\/v2\/users\/2"}],"replies":[{"embeddable":true,"href":"https:\/\/www.europesays.com\/fr\/wp-json\/wp\/v2\/comments?post=560735"}],"version-history":[{"count":0,"href":"https:\/\/www.europesays.com\/fr\/wp-json\/wp\/v2\/posts\/560735\/revisions"}],"wp:featuredmedia":[{"embeddable":true,"href":"https:\/\/www.europesays.com\/fr\/wp-json\/wp\/v2\/media\/560736"}],"wp:attachment":[{"href":"https:\/\/www.europesays.com\/fr\/wp-json\/wp\/v2\/media?parent=560735"}],"wp:term":[{"taxonomy":"category","embeddable":true,"href":"https:\/\/www.europesays.com\/fr\/wp-json\/wp\/v2\/categories?post=560735"},{"taxonomy":"post_tag","embeddable":true,"href":"https:\/\/www.europesays.com\/fr\/wp-json\/wp\/v2\/tags?post=560735"}],"curies":[{"name":"wp","href":"https:\/\/api.w.org\/{rel}","templated":true}]}}