{"id":560737,"date":"2025-11-26T20:32:28","date_gmt":"2025-11-26T20:32:28","guid":{"rendered":"https:\/\/www.europesays.com\/fr\/560737\/"},"modified":"2025-11-26T20:32:28","modified_gmt":"2025-11-26T20:32:28","slug":"appel-a-candidatures-accueil-finales-cdp-credit-mutuel-idf-ligue-de-paris-ile-de-france","status":"publish","type":"post","link":"https:\/\/www.europesays.com\/fr\/560737\/","title":{"rendered":"APPEL \u00c0 CANDIDATURES ACCUEIL FINALES CDP CR\u00c9DIT MUTUEL IDF \u2013 LIGUE DE PARIS ILE-DE-FRANCE"},"content":{"rendered":"<p>                    <img width=\"611\" height=\"378\" src=\"https:\/\/www.europesays.com\/fr\/wp-content\/uploads\/2025\/11\/DSC_2512-611x378.jpg\" class=\"vignette-large wp-post-image\" alt=\"\" decoding=\"async\" fetchpriority=\"high\"  \/>                    <\/p>\n<p>\n                        APPEL \u00c0 CANDIDATURES ACCUEIL FINALES CDP CR\u00c9DIT MUTUEL IDF\n                    <\/p>\n<p style=\"text-align: justify;\">Chaque fin de saison est marqu\u00e9e par les finales des Coupes de Paris Cr\u00e9dit Mutuel IDF des diff\u00e9rentes comp\u00e9titions r\u00e9gionales.<\/p>\n<p style=\"text-align: justify;\">L\u2019organisation de ces manifestations s\u2019effectue en pleine collaboration entre la Ligue, le club et la Mairie d\u2019accueil.<\/p>\n<p style=\"text-align: justify;\">Les clubs souhaitant accueillir ces \u00e9v\u00e8nements sont invit\u00e9s \u00e0 faire acte de candidature aupr\u00e8s de la Ligue.<br \/>\u00a0<\/p>\n<p style=\"text-align: justify;\"><strong>Seniors<\/strong><\/p>\n<p style=\"text-align: justify;\">Date\u00a0: mercredi 29 avril 2026.<\/p>\n<p style=\"text-align: justify;\">Nombre de matches\u00a0: 1 finale\u00a0(20h ou 20h30)<\/p>\n<p style=\"text-align: justify;\">Installations sportives\u00a0: Besoin d\u2019un terrain avec tribune et \u00e9clairage \u2013 2 vestiaires joueurs et 1 vestiaire arbitre + salle de r\u00e9ception pour cocktail.<\/p>\n<p style=\"text-align: justify;\"><strong>Foot Entreprise<\/strong><\/p>\n<p style=\"text-align: justify;\">Date\u00a0: samedi 02 mai 2026.<\/p>\n<p style=\"text-align: justify;\">Nombre de matches\u00a0: 2 finales\u00a0(10h et 14h)<\/p>\n<p style=\"text-align: justify;\">Installations sportives\u00a0: Besoin d\u2019un terrain avec 4 vestiaires joueurs et 2 vestiaires arbitres.<\/p>\n<p style=\"text-align: justify;\"><strong>Seniors F\u00e9minine<\/strong><\/p>\n<p style=\"text-align: justify;\">Date\u00a0: mercredi 06 mai 2026.<\/p>\n<p style=\"text-align: justify;\">Nombre de matches\u00a0: 1 finale\u00a0(20h ou 20h30)<\/p>\n<p style=\"text-align: justify;\">Installations sportives\u00a0: Besoin d\u2019un terrain avec tribune et \u00e9clairage \u2013 2 vestiaires joueuses et 1 vestiaire arbitre.<\/p>\n<p style=\"text-align: justify;\"><strong>Outre Mer<\/strong><\/p>\n<p style=\"text-align: justify;\">Date\u00a0: Jeudi 14 mai 2026.<\/p>\n<p style=\"text-align: justify;\">Nombre de matches\u00a0: 1 finale\u00a0(15h)<\/p>\n<p style=\"text-align: justify;\">Installations sportives\u00a0: Besoin d\u2019un terrain avec tribune \u2013 2 vestiaires joueurs et 1 vestiaire arbitre + salle de r\u00e9ception pour cocktail.<\/p>\n<p style=\"text-align: justify;\"><strong>Futsal masculin<\/strong><\/p>\n<p style=\"text-align: justify;\">Date\u00a0: semaine du 18 au 22 mai 2026 .<\/p>\n<p style=\"text-align: justify;\">Nombre de matches\u00a0: 1 finale\u00a0(20h ou 20h30)<\/p>\n<p style=\"text-align: justify;\">Installations sportives\u00a0: Besoin d\u2019un gymnase avec tribune (500 places minimum) \u2013 2 vestiaires joueurs et 1 vestiaire arbitre.<\/p>\n<p style=\"text-align: justify;\"><strong>CDM \/ V\u00e9t\u00e9rans<\/strong><\/p>\n<p style=\"text-align: justify;\">Date\u00a0: Dimanche 24 mai 2026.<\/p>\n<p style=\"text-align: justify;\">Nombre de matches\u00a0: 2 finales\u00a0(9h30 et 10h15)<\/p>\n<p style=\"text-align: justify;\">Installations sportives\u00a0: Besoin de 2 terrains avec 4 vestiaires joueurs et 2 vestiaires arbitres.<\/p>\n<p style=\"text-align: justify;\"><strong>F\u00e9minines \/ Masculin jeunes (U15F \u2013 U18F \u2013 U14 \u2013 U15 \u2013 U16 \u2013 U17 \u2013 U18 \u2013 U20)<\/strong><\/p>\n<p style=\"text-align: justify;\">Date\u00a0: Samedi 30 et dimanche 31 mai 2026.<\/p>\n<p style=\"text-align: justify;\">Nombre de matches\u00a0: 8 finales\u00a0(4 le samedi et 4 le dimanche)<\/p>\n<p style=\"text-align: justify;\">Installations sportives\u00a0: Besoin de 3 terrains avec 8 vestiaires joueurs et 4 vestiaires arbitres.<\/p>\n<p style=\"text-align: justify;\"><strong>Futsal F\u00e9minin<\/strong><\/p>\n<p style=\"text-align: justify;\">Date : semaine du 26 au 29 mai 2026\u00a0<\/p>\n<p style=\"text-align: justify;\">Nombre de matches\u00a0: 1 finale\u00a0(20h ou 20h30)<\/p>\n<p style=\"text-align: justify;\">Installations sportives\u00a0: Besoin d\u2019un gymnase avec tribune (250 places minimum) \u2013 2 vestiaires joueuses et 1 vestiaire arbitre.<\/p>\n","protected":false},"excerpt":{"rendered":"APPEL \u00c0 CANDIDATURES ACCUEIL FINALES CDP CR\u00c9DIT MUTUEL IDF Chaque fin de saison est marqu\u00e9e par les finales&hellip;\n","protected":false},"author":2,"featured_media":560738,"comment_status":"","ping_status":"","sticky":false,"template":"","format":"standard","meta":{"footnotes":""},"categories":[1592],"tags":[1111,11,1777,674,1011,27,662,12,626,25],"class_list":{"0":"post-560737","1":"post","2":"type-post","3":"status-publish","4":"format-standard","5":"has-post-thumbnail","7":"category-ile-de-france","8":"tag-actu","9":"tag-actualites","10":"tag-eu","11":"tag-europe","12":"tag-fr","13":"tag-france","14":"tag-ile-de-france","15":"tag-news","16":"tag-paris","17":"tag-republique-francaise"},"share_on_mastodon":{"url":"https:\/\/pubeurope.com\/@fr\/115617907287288157","error":""},"_links":{"self":[{"href":"https:\/\/www.europesays.com\/fr\/wp-json\/wp\/v2\/posts\/560737","targetHints":{"allow":["GET"]}}],"collection":[{"href":"https:\/\/www.europesays.com\/fr\/wp-json\/wp\/v2\/posts"}],"about":[{"href":"https:\/\/www.europesays.com\/fr\/wp-json\/wp\/v2\/types\/post"}],"author":[{"embeddable":true,"href":"https:\/\/www.europesays.com\/fr\/wp-json\/wp\/v2\/users\/2"}],"replies":[{"embeddable":true,"href":"https:\/\/www.europesays.com\/fr\/wp-json\/wp\/v2\/comments?post=560737"}],"version-history":[{"count":0,"href":"https:\/\/www.europesays.com\/fr\/wp-json\/wp\/v2\/posts\/560737\/revisions"}],"wp:featuredmedia":[{"embeddable":true,"href":"https:\/\/www.europesays.com\/fr\/wp-json\/wp\/v2\/media\/560738"}],"wp:attachment":[{"href":"https:\/\/www.europesays.com\/fr\/wp-json\/wp\/v2\/media?parent=560737"}],"wp:term":[{"taxonomy":"category","embeddable":true,"href":"https:\/\/www.europesays.com\/fr\/wp-json\/wp\/v2\/categories?post=560737"},{"taxonomy":"post_tag","embeddable":true,"href":"https:\/\/www.europesays.com\/fr\/wp-json\/wp\/v2\/tags?post=560737"}],"curies":[{"name":"wp","href":"https:\/\/api.w.org\/{rel}","templated":true}]}}