{"id":560739,"date":"2025-11-26T20:33:12","date_gmt":"2025-11-26T20:33:12","guid":{"rendered":"https:\/\/www.europesays.com\/fr\/560739\/"},"modified":"2025-11-26T20:33:12","modified_gmt":"2025-11-26T20:33:12","slug":"enquete-france-tv-comment-deux-piratages-ont-permis-la-fuite-de-donnees-sensibles-sur-des-hauts-fonctionnaires-et-le-vol-darmes-a-feu-dans-des-cambriolages","status":"publish","type":"post","link":"https:\/\/www.europesays.com\/fr\/560739\/","title":{"rendered":": Enqu\u00eate France\u00a0TV Comment deux piratages ont permis la fuite de donn\u00e9es sensibles sur des hauts fonctionnaires et le vol d&rsquo;armes \u00e0 feu dans des cambriolages"},"content":{"rendered":"<p>      lire plus tard<\/p>\n<p id=\"dialog__title\" class=\"dialog__title\">Pour sauvegarder cet article, connectez-vous ou cr\u00e9ez un compte franceinfo<\/p>\n<p class=\"dialog__description\">Sans paiement. Sans abonnement.<\/p>\n<p>        Fermer la fen\u00eatre d\u2019activation des notifications France Info<\/p>\n<p>      cr\u00e9er votre compte<\/p>\n<p>      se connecter<\/p>\n<p>        Fermer la fen\u00eatre de pr\u00e9sentation<\/p>\n<p>    Publi\u00e9 le 26\/11\/2025 21:04<\/p>\n<p>        Temps de lecture : 5min &#8211; vid\u00e9o : 5min<\/p>\n<p>    <img decoding=\"async\" class=\"francetv-player-wrapper__image\" alt=\"Enqu\u00eate sur les cyberattaques de ces derni\u00e8res semaines.\"  width=\"432\" height=\"243\" src=\"https:\/\/www.europesays.com\/fr\/wp-content\/uploads\/2025\/11\/oeil-20h-6927578f89a06089104496.jpg\" fetchpriority=\"high\"\/><\/p>\n<p>              Enqu\u00eate sur les cyberattaques de ces derni\u00e8res semaines.<br \/>\n                    (FRANCE TELEVISIONS)<\/p>\n<p>      5min<\/p>\n<p>\n  Des hackers ont r\u00e9cup\u00e9r\u00e9 des donn\u00e9es d&rsquo;une plateforme de partage et stockage de documents utilis\u00e9e par les agents publics. Le groupe qui revendique ce piratage dit r\u00e9clamer une ran\u00e7on \u00e0 l&rsquo;Etat.\n<\/p>\n<p>Pajemploi victime d&rsquo;un piratage informatique, cyberattaques \u00e0 France Travail, incidents de s\u00e9curit\u00e9 \u00e0 la f\u00e9d\u00e9ration fran\u00e7aise de tir&#8230; Ces derni\u00e8res semaines, <a href=\"https:\/\/www.franceinfo.fr\/economie\/emploi\/pole-emploi\/cyberattaque-contre-france-travail-les-donnees-volees-pourraient-etre-utilisees-pour-ouvrir-un-compte-alerte-un-specialiste_7583162.html\" target=\"_blank\" rel=\"noopener\" data-tooltip-url=\"https:\/\/www.franceinfo.fr\/economie\/emploi\/pole-emploi\/cyberattaque-contre-france-travail-les-donnees-volees-pourraient-etre-utilisees-pour-ouvrir-un-compte-alerte-un-specialiste_7583162.html\">les annonces de vols de donn\u00e9es se multiplient<\/a>, et les informations r\u00e9cup\u00e9r\u00e9es dans ces piratages sont parfois sensibles. \u00ab\u00a0L&rsquo;\u0152il du 20 heures\u00a0\u00bb a enqu\u00eat\u00e9, dans son num\u00e9ro du mercredi 26\u00a0novembre, sur deux cas r\u00e9cents\u00a0: une fuite qui a expos\u00e9 des donn\u00e9es personnelles de hauts fonctionnaires et autres agents de l&rsquo;Etat, et une autre, visant la f\u00e9d\u00e9ration fran\u00e7aise de tir sportif, qui a permis \u00e0 des cambrioleurs de d\u00e9rober des armes \u00e0 feu.<\/p>\n<p>Les journalistes du magazine d&rsquo;investigation ont notamment enqu\u00eat\u00e9 sur Resana, une plateforme de partage et stockage de documents, utilis\u00e9e pour tous les fonctionnaires. En th\u00e9orie pratique et s\u00fbre, elle a \u00e9t\u00e9 pirat\u00e9e par des hackers qui disent avoir r\u00e9cup\u00e9r\u00e9 les donn\u00e9es de plus d&rsquo;un million d&rsquo;agents de l&rsquo;Etat. \u00ab\u00a0\u00c7a permettrait en collectant et donc en corr\u00e9lant les donn\u00e9es de Resana avec d&rsquo;autres informations qui ont fuit\u00e9, d&rsquo;avoir toutes les informations et de mettre une forme de pression sur elles\u00a0\u00bb, observe un expert en cybers\u00e9curit\u00e9.<\/p>\n<p>Cet expert a pu r\u00e9cup\u00e9rer une partie de ces donn\u00e9es. On y retrouve p\u00eale-m\u00eale les coordonn\u00e9es de hauts fonctionnaires, de membres de cabinets minist\u00e9riels ou d&rsquo;agents de diff\u00e9rentes administrations. Les \u00e9quipes de \u00ab\u00a0L&rsquo;\u0152il du 20\u00a0heures\u00a0\u00bb a contact\u00e9 plusieurs d&rsquo;entre eux, manifestement surpris d&rsquo;apprendre ce piratage. Au bout du fil, un pr\u00e9fet d\u00e9clare ainsi\u00a0: \u00ab\u00a0Je vais m&rsquo;en assurer aupr\u00e8s du minist\u00e8re de l&rsquo;Int\u00e9rieur, \u00e7a m&rsquo;\u00e9tonne de ne pas avoir \u00e9t\u00e9 pr\u00e9venu\u00a0\u00bb.<\/p>\n<p>Le groupe se pr\u00e9sentant comme auteur du piratage a r\u00e9pondu \u00e0 \u00ab\u00a0L&rsquo;\u0152il du 20 heures\u00a0\u00bb. Il affirme \u00eatre compos\u00e9 de hackers fran\u00e7ais, et assure que la plateforme cibl\u00e9e \u00e9tait mal s\u00e9curis\u00e9e\u00a0: \u00ab\u00a0Franchement, les donn\u00e9es de Resana \u00e9taient prot\u00e9g\u00e9es n\u2019importe comment. Il n&rsquo;y avait m\u00eame pas vraiment de &lsquo;faille&rsquo; \u00e0 proprement parler\u00a0: on a compromis un compte [et] on s&rsquo;est connect\u00e9s\u00a0\u00bb. <\/p>\n<p>\u00ab\u00a0Qu&rsquo;allez-vous faire des donn\u00e9es\u00a0?\u00a0\u00bb, demande la journaliste de \u00ab\u00a0L&rsquo;\u0152il du 20\u00a0heures\u00a0\u00bb. \u00ab\u00a0Soit Resana paie 20\u00a0000\u00a0dollars [17\u00a0000\u00a0euros], soit on les publie\u00a0\u00bb, pr\u00e9vient son interlocuteur. Les hackers disent avoir donn\u00e9 jusqu&rsquo;\u00e0 ce samedi au gouvernement pour payer cette ran\u00e7on. Les consignes de l&rsquo;Etat sont tr\u00e8s claires : ne jamais c\u00e9der. Contact\u00e9e, la Direction interminist\u00e9rielle du num\u00e9rique assure qu'\u00a0\u00bbaucun \u00e9l\u00e9ment ne laisse penser \u00e0 un risque op\u00e9rationnel pour les personnes concern\u00e9es. Le renforcement (&#8230;) de la s\u00e9curit\u00e9 du service a \u00e9t\u00e9 mis en \u0153uvre\u00a0\u00bb.<\/p>\n<p>Une autre attaque a vis\u00e9 des donn\u00e9es particuli\u00e8rement sensibles\u00a0: <a href=\"https:\/\/france3-regions.franceinfo.fr\/centre-val-de-loire\/indre\/chateauroux\/la-federation-francaise-de-tir-victime-d-un-piratage-informatique-les-donnees-personnelles-de-ses-licencies-menacees-3238681.html\" target=\"_blank\" rel=\"noopener\" data-tooltip-url=\"https:\/\/france3-regions.franceinfo.fr\/centre-val-de-loire\/indre\/chateauroux\/la-federation-francaise-de-tir-victime-d-un-piratage-informatique-les-donnees-personnelles-de-ses-licencies-menacees-3238681.html\">celles de la f\u00e9d\u00e9ration fran\u00e7aise de tir<\/a>. Les noms, adresses et num\u00e9ros de t\u00e9l\u00e9phone <a href=\"https:\/\/france3-regions.franceinfo.fr\/nouvelle-aquitaine\/haute-vienne\/limoges\/avec-nos-adresses-dans-la-nature-on-n-est-pas-rassures-apres-un-vol-de-donnees-les-detenteurs-d-armes-pris-pour-cible-par-de-faux-policiers-3252622.html\" target=\"_blank\" rel=\"noopener\" data-tooltip-url=\"https:\/\/france3-regions.franceinfo.fr\/nouvelle-aquitaine\/haute-vienne\/limoges\/avec-nos-adresses-dans-la-nature-on-n-est-pas-rassures-apres-un-vol-de-donnees-les-detenteurs-d-armes-pris-pour-cible-par-de-faux-policiers-3252622.html\">d&rsquo;un million d&rsquo;adh\u00e9rents<\/a> ou anciens adh\u00e9rents ont fuit\u00e9. \u00ab\u00a0L&rsquo;\u0152il du 20\u00a0heures\u00a0\u00bb a rep\u00e9r\u00e9 cette petite annonce sur le darkweb. Un hacker affirme vendre toutes ces donn\u00e9es pour 10\u00a0000\u00a0euros.<\/p>\n<p>Une fuite qui fait notamment craindre que des cambrioleurs prennent pour cible ces adh\u00e9rents, \u00e0 la recherche d&rsquo;armes. Plusieurs cas ont d\u00e9j\u00e0 \u00e9t\u00e9 recens\u00e9s. Dans une commune pr\u00e8s de Lyon, cinq pistolets automatiques, dont deux Magnum 357, ont \u00e9t\u00e9 vol\u00e9s \u00e0 une adh\u00e9rente. \u00ab\u00a0Deux personnes se sont pr\u00e9sent\u00e9es en tant que chauffagistes aupr\u00e8s de la victime. Quelques jours plus tard, la victime s&rsquo;est rendu compte que le coffre o\u00f9 se trouvaient des armes de poing et des munitions a \u00e9t\u00e9 cambriol\u00e9\u00a0\u00bb, explique S\u00e9bastien Gendraud, secr\u00e9taire d\u00e9partemental du syndicat Unit\u00e9 SGP Police du Rh\u00f4ne.<\/p>\n<p>D&rsquo;autres cambriolages de ce type ont eu lieu \u00e0 Paris, Nice ou encore Limoges. Contact\u00e9, le parquet de Paris confirme que ce sont bien les donn\u00e9es vol\u00e9es de la f\u00e9d\u00e9ration fran\u00e7aise de tir qui ont \u00e9t\u00e9 utilis\u00e9es pour commettre des vols d&rsquo;armes \u00e0 feu.<\/p>\n","protected":false},"excerpt":{"rendered":"lire plus tard Pour sauvegarder cet article, connectez-vous ou cr\u00e9ez un compte franceinfo Sans paiement. Sans abonnement. Fermer&hellip;\n","protected":false},"author":2,"featured_media":560740,"comment_status":"","ping_status":"","sticky":false,"template":"","format":"standard","meta":{"footnotes":""},"categories":[1888],"tags":[1111,1928,11,1927,1777,674,1011,27,12,1926,626,1925,25],"class_list":{"0":"post-560739","1":"post","2":"type-post","3":"status-publish","4":"format-standard","5":"has-post-thumbnail","7":"category-paris","8":"tag-actu","9":"tag-actu-paris","10":"tag-actualites","11":"tag-actualites-paris","12":"tag-eu","13":"tag-europe","14":"tag-fr","15":"tag-france","16":"tag-news","17":"tag-news-paris","18":"tag-paris","19":"tag-paris-news","20":"tag-republique-francaise"},"share_on_mastodon":{"url":"https:\/\/pubeurope.com\/@fr\/115617910351464114","error":""},"_links":{"self":[{"href":"https:\/\/www.europesays.com\/fr\/wp-json\/wp\/v2\/posts\/560739","targetHints":{"allow":["GET"]}}],"collection":[{"href":"https:\/\/www.europesays.com\/fr\/wp-json\/wp\/v2\/posts"}],"about":[{"href":"https:\/\/www.europesays.com\/fr\/wp-json\/wp\/v2\/types\/post"}],"author":[{"embeddable":true,"href":"https:\/\/www.europesays.com\/fr\/wp-json\/wp\/v2\/users\/2"}],"replies":[{"embeddable":true,"href":"https:\/\/www.europesays.com\/fr\/wp-json\/wp\/v2\/comments?post=560739"}],"version-history":[{"count":0,"href":"https:\/\/www.europesays.com\/fr\/wp-json\/wp\/v2\/posts\/560739\/revisions"}],"wp:featuredmedia":[{"embeddable":true,"href":"https:\/\/www.europesays.com\/fr\/wp-json\/wp\/v2\/media\/560740"}],"wp:attachment":[{"href":"https:\/\/www.europesays.com\/fr\/wp-json\/wp\/v2\/media?parent=560739"}],"wp:term":[{"taxonomy":"category","embeddable":true,"href":"https:\/\/www.europesays.com\/fr\/wp-json\/wp\/v2\/categories?post=560739"},{"taxonomy":"post_tag","embeddable":true,"href":"https:\/\/www.europesays.com\/fr\/wp-json\/wp\/v2\/tags?post=560739"}],"curies":[{"name":"wp","href":"https:\/\/api.w.org\/{rel}","templated":true}]}}