{"id":560743,"date":"2025-11-26T20:35:13","date_gmt":"2025-11-26T20:35:13","guid":{"rendered":"https:\/\/www.europesays.com\/fr\/560743\/"},"modified":"2025-11-26T20:35:13","modified_gmt":"2025-11-26T20:35:13","slug":"avec-seize-animateurs-deja-suspendus-une-association-demande-des-mesures-durgence","status":"publish","type":"post","link":"https:\/\/www.europesays.com\/fr\/560743\/","title":{"rendered":"Avec seize animateurs d\u00e9j\u00e0 suspendus, une association demande des mesures d\u2019urgence"},"content":{"rendered":"<p>Ce mardi 25\u00a0novembre, un animateur de l\u2019\u00e9cole Alphonse-Baudin, dans le 11e\u00a0arrondissement de <a href=\"https:\/\/www.20minutes.fr\/paris\/\" class=\"c-link c-link--is-underlined\" target=\"_blank\" rel=\"noopener\">Paris<\/a> devait compara\u00eetre devant le tribunal correctionnel de Paris pour <a href=\"https:\/\/www.liberation.fr\/societe\/education\/une-chaine-de-dysfonctionnements-et-des-enfants-sans-protection-un-animateur-du-periscolaire-parisien-juge-pour-agressions-sexuelles-20251125_KYKFOAXRE5B3XM7TNWYMO6FPEI\/?redirected=1\" rel=\"nofollow noopener\" target=\"_blank\" class=\"c-link c-link--is-underlined\">des soup\u00e7ons de violences sexuelles<\/a> sur plusieurs enfants en classe de maternelle. Si le proc\u00e8s a \u00e9t\u00e9 report\u00e9, les t\u00e9moignages des enfants et ce qu\u2019ils ont subi sont, sont, toujours bien d\u2019actualit\u00e9. Une actualit\u00e9 qui voit les cas de <a href=\"https:\/\/www.20minutes.fr\/monde\/violences\/\" class=\"c-link c-link--is-underlined\" target=\"_blank\" rel=\"noopener\">violences<\/a> r\u00e9v\u00e9l\u00e9s se multiplier dans les \u00e9coles parisiennes depuis plusieurs mois par une s\u00e9rie de signalements d\u2019agressions sexuelles dans les \u00e9coles de maternelle, notamment du fait de personnels p\u00e9riscolaires, charg\u00e9s de ces temps hors des classes.<\/p>\n<p>Au point que les familles des enfants ayant port\u00e9 plainte pour des agressions sexuelles dans la capitale appellent \u00e0 une mobilisation \u00ab\u00a0totale et transparente\u00a0\u00bb sur ces cas de violences et de maltraitances. \u00ab\u00a0Le silence doit cesser\u00a0\u00bb, crient-elles dans un communiqu\u00e9 publi\u00e9 ce mardi soir. \u00ab\u00a0Nos enfants ont pay\u00e9 le prix de ces d\u00e9faillances. En revanche, il est encore temps et c\u2019est notre responsabilit\u00e9 collective, de prot\u00e9ger les enfants encore dans le p\u00e9riscolaire.\u00a0\u00bb<\/p>\n<p>\u00ab\u00a0Nous parlons de viols et d\u2019agressions sexuelles sur des enfants d\u2019\u00e0 peine trois ans\u00a0\u00bb<\/p>\n<p>Ces familles, repr\u00e9sent\u00e9es par l\u2019avocat <a href=\"https:\/\/www.20minutes.fr\/paris\/2698583-20200119-manifestation-devant-bouffes-nord-seule-chose-existe-dossier-tweet-taha-bouhafs-confie-arie-alimi-avocat-reporter-militant\" class=\"c-link c-link--is-underlined\" target=\"_blank\" rel=\"noopener\">Ari\u00e9 Alimi<\/a> demandent une r\u00e9union avec les services du parquet pour avoir un retour sur les enqu\u00eates en cours et les poursuites envisag\u00e9es, reprochant au minist\u00e8re public et aux administrations municipales de ne pas avoir \u00ab\u00a0pris la pleine mesure du probl\u00e8me\u00a0\u00bb. \u00ab\u00a0Nous parlons de viols et d\u2019agressions sexuelles sur des enfants d\u2019\u00e0 peine trois ans. Nous parlons de traumatismes qui marquent \u00e0 vie. Nous parlons de familles plong\u00e9es dans l\u2019angoisse de savoir et comprendre ce qui a pu arriver \u00e0 leurs enfants\u00a0\u00bb, expliquent encore les familles re\u00e7ues ce mardi par le minist\u00e8re de la Justice pour solliciter l\u2019organisation d\u2019une commission parlementaire.<\/p>\n<\/p>\n<p>Au total cette ann\u00e9e, d\u00e9j\u00e0 trente animateurs ont \u00e9t\u00e9 suspendus, dont 16 pour des suspicions de faits \u00e0 caract\u00e8re sexuel, un chiffre stable par rapport aux deux ann\u00e9es pr\u00e9c\u00e9dentes, selon la mairie.<\/p>\n<p>Quinze enqu\u00eates d\u00e9j\u00e0 ouvertes<\/p>\n<p>Ce lundi, la procureure sp\u00e9cialis\u00e9e dans les mineurs du parquet de Paris, <a href=\"https:\/\/www.liberation.fr\/societe\/police-justice\/deja-15-enquetes-judiciaires-ouvertes-en-2025-pour-violences-sexuelles-dans-les-maternelles-parisiennes-une-augmentation-tres-significative-20251122_P6TPXSWMKRDPVCZYADBFCM7FLI\/\" target=\"_blank\" class=\"c-link c-link--is-underlined\" rel=\"noopener\">Lisa-Lou Wipf<\/a>, a fait savoir chez nos confr\u00e8res de Lib\u00e9ration que 15 enqu\u00eates avaient \u00e9t\u00e9 ouvertes en\u00a02025 pour des agressions sexuelles dans des \u00e9coles maternelles parisiennes.<\/p>\n<p>A la suite des r\u00e9v\u00e9lations, la Ville de Paris a annonc\u00e9 mi-novembre un plan de lutte contre les violences sexistes et sexuelles faites aux enfants dans les \u00e9coles, avec la cr\u00e9ation d\u2019un poste de d\u00e9fenseur des enfants et un renforcement de la formation des animateurs.<\/p>\n<p>Une r\u00e9action \u00ab\u00a0insuffisante\u00a0\u00bb selon le collectif SOS P\u00e9riscolaire fond\u00e9 en\u00a02021 par deux m\u00e8res d\u2019enfants scolaris\u00e9s \u00e0 Paris, Anne et Elisabeth, qui \u00e9voquent des familles \u00ab\u00a0d\u00e9munies\u00a0\u00bb. \u00ab\u00a0Elles sont d\u00e9sabus\u00e9es, elles se sentent abandonn\u00e9es par la mairie et d\u00e9noncent un m\u00e9pris de la parole des enfants\u00a0\u00bb, indique Anne.<\/p>\n<p>Des \u00ab\u00a0failles persistantes\u00a0\u00bb, notamment dans le recrutement<\/p>\n<p>En quatre ans, leur collectif a re\u00e7u 400 t\u00e9moignages sur des \u00ab\u00a0comportements verbaux et physiques inappropri\u00e9s\u00a0\u00bb de membres du p\u00e9riscolaire \u00e0 Paris et dans d\u2019autres villes du territoire.<\/p>\n<p>Au-del\u00e0 \u00ab\u00a0des cas les plus graves\u00a0\u00bb, il y a toute \u00ab\u00a0une zone grise parce que les parents ne portent pas plainte quand leur enfant se prend une tape derri\u00e8re la t\u00eate sauf qu\u2019un enfant qui se prend une tape derri\u00e8re la t\u00eate tous les jours \u00e7a le plombe et c\u2019est de la violence\u00a0\u00bb, insiste Anne, qui appelle \u00e0 am\u00e9liorer la cha\u00eene de signalements face \u00e0 des \u00ab\u00a0failles persistantes\u00a0\u00bb.<\/p>\n<p><a href=\"https:\/\/www.20minutes.fr\/paris\/\" class=\"c-link c-btn c-btn--primary\" target=\"_blank\" rel=\"noopener\">Retrouvez ici toute l&rsquo;actualit\u00e9 de Paris et d&rsquo;\u00cele-de-France<\/a><\/p>\n<p>En cause \u00e9galement, le recrutement des animateurs fait craindre le pire. Malgr\u00e9 la loi Taquet, promulgu\u00e9e en\u00a02022 et qui impose la v\u00e9rification des ant\u00e9c\u00e9dents judiciaires des candidats, certaines collectivit\u00e9s locales passent outre les v\u00e9rifications n\u00e9cessaires avant d\u2019engager des intervenants pour les activit\u00e9s hors les classes. Pour preuve, une journaliste de RTL qui testait les proc\u00e9dures de recrutement pour ces postes, <a href=\"https:\/\/www.rtl.fr\/actu\/debats-societe\/enquete-rtl-pas-de-probleme-avec-la-justice-comment-l-une-de-nos-journalistes-a-ete-recrutee-comme-animatrice-periscolaire-en-moins-de-10-minutes-sans-verifications-7900570766\" rel=\"nofollow noopener\" target=\"_blank\" class=\"c-link c-link--is-underlined\">a r\u00e9ussi \u00e0 se faire recruter comme animatrice scolaire<\/a> en quelques minutes \u00e0 Cr\u00e9teil sans que son CV ni son identit\u00e9 ne soient v\u00e9rifi\u00e9s.<\/p>\n<p>Selon le magazine Elle, soixante enqu\u00eates pour des violences sexuelles dans des \u00e9coles sont en cours actuellement \u00e0 Paris. La majorit\u00e9 d\u2019entre elles concernent des agressions qui ont eu lieu sur le temps p\u00e9riscolaire. Ce lundi, le candidat socialiste \u00e0 la Mairie de Paris, Emmanuel Gr\u00e9goire, <a href=\"https:\/\/www.20minutes.fr\/societe\/4187463-20251124-plaie-silencieuse-emmanuel-gregoire-candidat-mairie-paris-confie-avoir-victime-violences-sexuelles\" class=\"c-link c-link--is-underlined\" target=\"_blank\" rel=\"noopener\">r\u00e9v\u00e9lait lui-m\u00eame sur France Inter avoir \u00e9t\u00e9 victime de violences sexuelles<\/a> dans le cadre p\u00e9riscolaire lorsqu\u2019il \u00e9tait enfant.<\/p>\n","protected":false},"excerpt":{"rendered":"Ce mardi 25\u00a0novembre, un animateur de l\u2019\u00e9cole Alphonse-Baudin, dans le 11e\u00a0arrondissement de Paris devait compara\u00eetre devant le tribunal&hellip;\n","protected":false},"author":2,"featured_media":560744,"comment_status":"","ping_status":"","sticky":false,"template":"","format":"standard","meta":{"footnotes":""},"categories":[1888],"tags":[11,1122,847,1777,674,1011,27,662,12,626,15860,1306,25,7423,7766,799],"class_list":{"0":"post-560743","1":"post","2":"type-post","3":"status-publish","4":"format-standard","5":"has-post-thumbnail","7":"category-paris","8":"tag-actualites","9":"tag-ecole","10":"tag-enfant","11":"tag-eu","12":"tag-europe","13":"tag-fr","14":"tag-france","15":"tag-ile-de-france","16":"tag-news","17":"tag-paris","18":"tag-parquet","19":"tag-regions","20":"tag-republique-francaise","21":"tag-scolaire","22":"tag-violence-scolaire","23":"tag-violences-sexuelles"},"share_on_mastodon":{"url":"https:\/\/pubeurope.com\/@fr\/115617918022637014","error":""},"_links":{"self":[{"href":"https:\/\/www.europesays.com\/fr\/wp-json\/wp\/v2\/posts\/560743","targetHints":{"allow":["GET"]}}],"collection":[{"href":"https:\/\/www.europesays.com\/fr\/wp-json\/wp\/v2\/posts"}],"about":[{"href":"https:\/\/www.europesays.com\/fr\/wp-json\/wp\/v2\/types\/post"}],"author":[{"embeddable":true,"href":"https:\/\/www.europesays.com\/fr\/wp-json\/wp\/v2\/users\/2"}],"replies":[{"embeddable":true,"href":"https:\/\/www.europesays.com\/fr\/wp-json\/wp\/v2\/comments?post=560743"}],"version-history":[{"count":0,"href":"https:\/\/www.europesays.com\/fr\/wp-json\/wp\/v2\/posts\/560743\/revisions"}],"wp:featuredmedia":[{"embeddable":true,"href":"https:\/\/www.europesays.com\/fr\/wp-json\/wp\/v2\/media\/560744"}],"wp:attachment":[{"href":"https:\/\/www.europesays.com\/fr\/wp-json\/wp\/v2\/media?parent=560743"}],"wp:term":[{"taxonomy":"category","embeddable":true,"href":"https:\/\/www.europesays.com\/fr\/wp-json\/wp\/v2\/categories?post=560743"},{"taxonomy":"post_tag","embeddable":true,"href":"https:\/\/www.europesays.com\/fr\/wp-json\/wp\/v2\/tags?post=560743"}],"curies":[{"name":"wp","href":"https:\/\/api.w.org\/{rel}","templated":true}]}}