{"id":560756,"date":"2025-11-26T20:42:13","date_gmt":"2025-11-26T20:42:13","guid":{"rendered":"https:\/\/www.europesays.com\/fr\/560756\/"},"modified":"2025-11-26T20:42:13","modified_gmt":"2025-11-26T20:42:13","slug":"pierre-boudy-peut-rever-grand-aux-europe-apres-une-jolie-prestation-a-allonnes","status":"publish","type":"post","link":"https:\/\/www.europesays.com\/fr\/560756\/","title":{"rendered":"Pierre Boudy peut r\u00eaver grand aux Europe apr\u00e8s une jolie prestation \u00e0 Allonnes"},"content":{"rendered":"<p>Pierre Boudy d\u00e9\u00e7oit rarement dans les rendez-vous importants et le cross international d\u2019Allonnes qui s\u2019est d\u00e9roul\u00e9 dimanche 23\u00a0novembre 2025\u00a0en \u00e9tait un. Et pour cause, l\u2019\u00e9preuve\u00a0servait de\u00a0s\u00e9lection fran\u00e7aise pour les prochains championnats d\u2019Europe qui se tiendront le 14\u00a0d\u00e9cembre \u00e0 Lagoa au Portugal&#8230;. <\/p>\n<p>    Cet article a \u00e9t\u00e9 tronqu\u00e9. Abonnez-vous pour lire l&rsquo;article complet sur notre site.<\/p>\n<p style=\"margin: 0 !important; padding: 0 !important; font-size: 12px !important;\">Cet article a \u00e9t\u00e9 tronqu\u00e9. Abonnez-vous pour lire l&rsquo;article complet.<\/p>\n<p>    <a href=\"https:\/\/www.lanouvellerepublique.fr\/abonnements\" style=\"display: inline-block; margin-top: 5px !important; padding: 6px 12px !important; background: #cb1c27; color: white; text-decoration: none; border-radius: 4px; font-size: 12px !important;\" target=\"_blank\" rel=\"noopener\"><br \/>\n      S&rsquo;abonner<br \/>\n    <\/a><\/p>\n","protected":false},"excerpt":{"rendered":"Pierre Boudy d\u00e9\u00e7oit rarement dans les rendez-vous importants et le cross international d\u2019Allonnes qui s\u2019est d\u00e9roul\u00e9 dimanche 23\u00a0novembre&hellip;\n","protected":false},"author":2,"featured_media":560757,"comment_status":"","ping_status":"","sticky":false,"template":"","format":"standard","meta":{"footnotes":""},"categories":[1586],"tags":[11,3469,44050,1777,674,1011,27,1387,12,25,60,1390],"class_list":{"0":"post-560756","1":"post","2":"type-post","3":"status-publish","4":"format-standard","5":"has-post-thumbnail","7":"category-europe","8":"tag-actualites","9":"tag-blois","10":"tag-cross-country","11":"tag-eu","12":"tag-europe","13":"tag-fr","14":"tag-france","15":"tag-indre-et-loire","16":"tag-news","17":"tag-republique-francaise","18":"tag-sports","19":"tag-tours"},"share_on_mastodon":{"url":"https:\/\/pubeurope.com\/@fr\/115617945924458984","error":""},"_links":{"self":[{"href":"https:\/\/www.europesays.com\/fr\/wp-json\/wp\/v2\/posts\/560756","targetHints":{"allow":["GET"]}}],"collection":[{"href":"https:\/\/www.europesays.com\/fr\/wp-json\/wp\/v2\/posts"}],"about":[{"href":"https:\/\/www.europesays.com\/fr\/wp-json\/wp\/v2\/types\/post"}],"author":[{"embeddable":true,"href":"https:\/\/www.europesays.com\/fr\/wp-json\/wp\/v2\/users\/2"}],"replies":[{"embeddable":true,"href":"https:\/\/www.europesays.com\/fr\/wp-json\/wp\/v2\/comments?post=560756"}],"version-history":[{"count":0,"href":"https:\/\/www.europesays.com\/fr\/wp-json\/wp\/v2\/posts\/560756\/revisions"}],"wp:featuredmedia":[{"embeddable":true,"href":"https:\/\/www.europesays.com\/fr\/wp-json\/wp\/v2\/media\/560757"}],"wp:attachment":[{"href":"https:\/\/www.europesays.com\/fr\/wp-json\/wp\/v2\/media?parent=560756"}],"wp:term":[{"taxonomy":"category","embeddable":true,"href":"https:\/\/www.europesays.com\/fr\/wp-json\/wp\/v2\/categories?post=560756"},{"taxonomy":"post_tag","embeddable":true,"href":"https:\/\/www.europesays.com\/fr\/wp-json\/wp\/v2\/tags?post=560756"}],"curies":[{"name":"wp","href":"https:\/\/api.w.org\/{rel}","templated":true}]}}