{"id":560760,"date":"2025-11-26T20:44:10","date_gmt":"2025-11-26T20:44:10","guid":{"rendered":"https:\/\/www.europesays.com\/fr\/560760\/"},"modified":"2025-11-26T20:44:10","modified_gmt":"2025-11-26T20:44:10","slug":"deux-militaires-grievement-blesses-par-des-tirs-a-washington-a-proximite-de-la-maison-blanche-un-suspect-arrete","status":"publish","type":"post","link":"https:\/\/www.europesays.com\/fr\/560760\/","title":{"rendered":"Deux militaires \u00abgri\u00e8vement bless\u00e9s\u00bb par des tirs \u00e0 Washington \u00e0 proximit\u00e9 de la Maison-Blanche, un suspect arr\u00eat\u00e9"},"content":{"rendered":"<p>\n    Un suspect a \u00e9t\u00e9 plac\u00e9 en garde \u00e0 vue, a annonc\u00e9 la police locale, qui a toutefois appel\u00e9 \u00e0 \u00ab\u00e9viter le secteur\u00bb.<\/p>\n<p class=\"fig-paragraph\">Deux\u00a0<a href=\"http:\/\/www.lefigaro.fr\/politique\/retour-du-service-militaire-pour-emmanuel-macron-un-projet-a-forts-enjeux-politiques-20251125\" target=\"_blank\" data-fig-type=\"Article\" rel=\"noopener\" data-gtm-custom-categorie=\"navigation\" data-gtm-custom-action=\"crossclick\" data-gtm-custom-label=\"Contextuel\" data-gtm-event=\"customEventSPE\" data-fig-domain=\"LEFIGARO\">militaires<\/a>\u00a0ont \u00e9t\u00e9 cibl\u00e9s par des tirs ce mercredi 26 novembre \u00e0\u00a0<a href=\"http:\/\/www.lefigaro.fr\/voyages\/dossier\/washington\" target=\"_blank\" data-fig-type=\"Topic\" rel=\"noopener\" data-gtm-custom-categorie=\"navigation\" data-gtm-custom-action=\"crossclick\" data-gtm-custom-label=\"Contextuel\" data-gtm-event=\"customEventSPE\" data-fig-domain=\"LEFIGARO\">Washington D.C<\/a>., selon les m\u00e9dias am\u00e9ricains. D\u2019apr\u00e8s ABC News, les faits sont survenus \u00e0 pr\u00e8s de 500 m\u00e8tres de la Maison-Blanche. Les deux victimes, \u00abgri\u00e8vement bless\u00e9es\u00bb selon Trump, seraient membres de la garde nationale.<\/p>\n<p class=\"fig-paragraph\">Des journalistes de l\u2019AFP ont vu, \u00e0 deux rues de la Maison-Blanche, une personne v\u00eatue d\u2019un uniforme militaire \u00eatre \u00e9vacu\u00e9e sur un brancard. Trois personnes victimes de tirs d\u2019armes \u00e0 feu ont \u00e9t\u00e9 prises en charge par les secours, ont indiqu\u00e9 \u00e0 l\u2019AFP les services de secours.<\/p>\n<p>                                    <a class=\"fig-a11y-skip a11y-hidden\" href=\"#fig-a11y-skip-main-inarticle\"><br \/>\n        Passer la publicit\u00e9<br \/>\n    <\/a><\/p>\n<p class=\"fig-paragraph\">Un suspect a \u00e9t\u00e9 plac\u00e9 en garde \u00e0 vue, a annonc\u00e9 la police locale, qui a toutefois appel\u00e9 \u00e0 \u00ab\u00e9viter le secteur\u00bb. L\u2019individu arr\u00eat\u00e9, qualifi\u00e9 \u00abd\u2019animal\u00bb par Donald Trump, a \u00e9galement \u00e9t\u00e9 bless\u00e9. Il \u00abpaiera tr\u00e8s cher\u00bb son acte, a ajout\u00e9 le pr\u00e9sident am\u00e9ricain.<\/p>\n","protected":false},"excerpt":{"rendered":"Un suspect a \u00e9t\u00e9 plac\u00e9 en garde \u00e0 vue, a annonc\u00e9 la police locale, qui a toutefois appel\u00e9&hellip;\n","protected":false},"author":2,"featured_media":560761,"comment_status":"","ping_status":"","sticky":false,"template":"","format":"standard","meta":{"footnotes":""},"categories":[2],"tags":[11,1011,27,13264,12,25,2744],"class_list":{"0":"post-560760","1":"post","2":"type-post","3":"status-publish","4":"format-standard","5":"has-post-thumbnail","7":"category-actualites","8":"tag-actualites","9":"tag-fr","10":"tag-france","11":"tag-militaires","12":"tag-news","13":"tag-republique-francaise","14":"tag-washington"},"share_on_mastodon":{"url":"https:\/\/pubeurope.com\/@fr\/115617953584052377","error":""},"_links":{"self":[{"href":"https:\/\/www.europesays.com\/fr\/wp-json\/wp\/v2\/posts\/560760","targetHints":{"allow":["GET"]}}],"collection":[{"href":"https:\/\/www.europesays.com\/fr\/wp-json\/wp\/v2\/posts"}],"about":[{"href":"https:\/\/www.europesays.com\/fr\/wp-json\/wp\/v2\/types\/post"}],"author":[{"embeddable":true,"href":"https:\/\/www.europesays.com\/fr\/wp-json\/wp\/v2\/users\/2"}],"replies":[{"embeddable":true,"href":"https:\/\/www.europesays.com\/fr\/wp-json\/wp\/v2\/comments?post=560760"}],"version-history":[{"count":0,"href":"https:\/\/www.europesays.com\/fr\/wp-json\/wp\/v2\/posts\/560760\/revisions"}],"wp:featuredmedia":[{"embeddable":true,"href":"https:\/\/www.europesays.com\/fr\/wp-json\/wp\/v2\/media\/560761"}],"wp:attachment":[{"href":"https:\/\/www.europesays.com\/fr\/wp-json\/wp\/v2\/media?parent=560760"}],"wp:term":[{"taxonomy":"category","embeddable":true,"href":"https:\/\/www.europesays.com\/fr\/wp-json\/wp\/v2\/categories?post=560760"},{"taxonomy":"post_tag","embeddable":true,"href":"https:\/\/www.europesays.com\/fr\/wp-json\/wp\/v2\/tags?post=560760"}],"curies":[{"name":"wp","href":"https:\/\/api.w.org\/{rel}","templated":true}]}}